{"id":103823,"date":"2025-11-30T09:05:07","date_gmt":"2025-11-30T09:05:07","guid":{"rendered":"https:\/\/www.europesays.com\/fi\/103823\/"},"modified":"2025-11-30T09:05:07","modified_gmt":"2025-11-30T09:05:07","slug":"joel-pohjanpalo-serie-bn-maaliporssin-karkeen","status":"publish","type":"post","link":"https:\/\/www.europesays.com\/fi\/103823\/","title":{"rendered":"Joel Pohjanpalo Serie B:n maalip\u00f6rssin k\u00e4rkeen"},"content":{"rendered":"<p>Jalkapallo|Huuhkajien hy\u00f6kk\u00e4\u00e4j\u00e4 loistaa kahdessa tehotilastossa.<\/p>\n<p class=\"article-body mb-nof-24 px-nof-16\">Palermoa edustava <a class=\"article-personlink\" href=\"https:\/\/www.hs.fi\/haku\/?query=Joel%20Pohjanpalo\" rel=\"nofollow noopener\" target=\"_blank\">Joel Pohjanpalo<\/a> iski kolme maalia ja sy\u00f6tti yhden, kun joukkue voitti Italian Serie B:ss\u00e4 Carraresen 5\u20130 lauantaina.<\/p>\n<p class=\"article-body mb-nof-24 px-nof-16\">Pohjanpalo nousi hattutempullaan Italian toiseksi korkeimman sarjatason maalip\u00f6rssin k\u00e4rkeen. Pohjanpalo on tehnyt kahdeksan maalia. Sarjan toiseksi paras maalintekij\u00e4 <a class=\"article-personlink\" href=\"https:\/\/www.hs.fi\/haku\/?query=Ettore%20Gliozzi\" rel=\"nofollow noopener\" target=\"_blank\">Ettore Gliozzi <\/a>on osunut seitsem\u00e4n kertaa.<\/p>\n<p class=\"article-body mb-nof-24 px-nof-16\">Lis\u00e4ksi suomalaishy\u00f6kk\u00e4\u00e4j\u00e4 on sy\u00f6tt\u00f6p\u00f6rssiss\u00e4 toisena nelj\u00e4ll\u00e4 maalin johtaneella sy\u00f6t\u00f6ll\u00e4\u00e4n.<\/p>\n<p class=\"article-body mb-nof-24 px-nof-16\">Pohjanpalo on nyt kahden ottelun maaliputkessa. Viikko ennen Carrarese-ottelua h\u00e4n iski maalin Entellan verkkoon.<\/p>\n<p class=\"article-body mb-nof-24 px-nof-16\">Palermo on Serie B:ss\u00e4 kuudentena 23 pisteell\u00e4. Joukkue on kuusi pistett\u00e4 k\u00e4rke\u00e4 j\u00e4ljess\u00e4 ja nelj\u00e4 pistett\u00e4 pudotuspeliviivan yl\u00e4puolella.<\/p>\n<p class=\"article-body mb-nof-24 px-nof-16\">Serie B:n kaksi parasta joukkuetta nousee kauden p\u00e4\u00e4tteeksi Serie A:han. Sarjan kolmas ja nelj\u00e4s p\u00e4\u00e4sev\u00e4t nousupudotuspelien v\u00e4lieriin, ja sijoille 5\u20138 p\u00e4\u00e4tyneet etenev\u00e4t pudotuspelien puoliv\u00e4lieriin.<\/p>\n<p class=\"article-body mb-nof-24 px-nof-16\">Pudotuspelien voittaja nousee kolmantena joukkueena korkeimmalle sarjatasolle.<\/p>\n","protected":false},"excerpt":{"rendered":"Jalkapallo|Huuhkajien hy\u00f6kk\u00e4\u00e4j\u00e4 loistaa kahdessa tehotilastossa. Palermoa edustava Joel Pohjanpalo iski kolme maalia ja sy\u00f6tti yhden, kun joukkue voitti&hellip;\n","protected":false},"author":2,"featured_media":103824,"comment_status":"","ping_status":"","sticky":false,"template":"","format":"standard","meta":{"footnotes":""},"categories":[5],"tags":[22,23,26,27,33,31,30,17,46,24,25,28,29,15,18,21,32,19,20,16],"class_list":{"0":"post-103823","1":"post","2":"type-post","3":"status-publish","4":"format-standard","5":"has-post-thumbnail","7":"category-otsikot","8":"tag-breaking-news","9":"tag-breakingnews","10":"tag-featured-news","11":"tag-featurednews","12":"tag-fi","13":"tag-finland","14":"tag-finnish","15":"tag-headlines","16":"tag-helsingin-sanomat","17":"tag-latest-news","18":"tag-latestnews","19":"tag-main-news","20":"tag-mainnews","21":"tag-news","22":"tag-otsikot","23":"tag-paauutiset","24":"tag-suomi","25":"tag-top-stories","26":"tag-topstories","27":"tag-uutiset"},"share_on_mastodon":{"url":"https:\/\/pubeurope.com\/@fi\/115637854083221014","error":""},"_links":{"self":[{"href":"https:\/\/www.europesays.com\/fi\/wp-json\/wp\/v2\/posts\/103823","targetHints":{"allow":["GET"]}}],"collection":[{"href":"https:\/\/www.europesays.com\/fi\/wp-json\/wp\/v2\/posts"}],"about":[{"href":"https:\/\/www.europesays.com\/fi\/wp-json\/wp\/v2\/types\/post"}],"author":[{"embeddable":true,"href":"https:\/\/www.europesays.com\/fi\/wp-json\/wp\/v2\/users\/2"}],"replies":[{"embeddable":true,"href":"https:\/\/www.europesays.com\/fi\/wp-json\/wp\/v2\/comments?post=103823"}],"version-history":[{"count":0,"href":"https:\/\/www.europesays.com\/fi\/wp-json\/wp\/v2\/posts\/103823\/revisions"}],"wp:featuredmedia":[{"embeddable":true,"href":"https:\/\/www.europesays.com\/fi\/wp-json\/wp\/v2\/media\/103824"}],"wp:attachment":[{"href":"https:\/\/www.europesays.com\/fi\/wp-json\/wp\/v2\/media?parent=103823"}],"wp:term":[{"taxonomy":"category","embeddable":true,"href":"https:\/\/www.europesays.com\/fi\/wp-json\/wp\/v2\/categories?post=103823"},{"taxonomy":"post_tag","embeddable":true,"href":"https:\/\/www.europesays.com\/fi\/wp-json\/wp\/v2\/tags?post=103823"}],"curies":[{"name":"wp","href":"https:\/\/api.w.org\/{rel}","templated":true}]}}