{"id":103825,"date":"2025-11-30T09:17:10","date_gmt":"2025-11-30T09:17:10","guid":{"rendered":"https:\/\/www.europesays.com\/fi\/103825\/"},"modified":"2025-11-30T09:17:10","modified_gmt":"2025-11-30T09:17:10","slug":"harvoin-julkisuudessa-nahty-judi-dench-90-jakoi-apean-terveyspaivityksen","status":"publish","type":"post","link":"https:\/\/www.europesays.com\/fi\/103825\/","title":{"rendered":"Harvoin julkisuudessa n\u00e4hty Judi Dench, 90, jakoi apean terveysp\u00e4ivityksen"},"content":{"rendered":"<p>Judi Dench kertoo tuoreessa haastattelussa, ettei kykene en\u00e4\u00e4 tunnistamaan ihmisi\u00e4.<\/p>\n<p><img decoding=\"async\" class=\"image image-show image-preview\" src=\"https:\/\/www.europesays.com\/fi\/wp-content\/uploads\/2025\/11\/421cf207dd6588f10026c5364e30020c3d7e3b86f397924a35df039fcf3177fb.jpg\" alt=\"\"\/><img decoding=\"async\" class=\"image image-show\" src=\"https:\/\/www.europesays.com\/fi\/wp-content\/uploads\/2025\/11\/1764494230_124_421cf207dd6588f10026c5364e30020c3d7e3b86f397924a35df039fcf3177fb.jpg\" alt=\"\"\/><\/p>\n<p>Judi Dench on yksi Britannian arvostetuimmista n\u00e4yttelij\u00f6ist\u00e4. AOP<\/p>\n<p class=\"paragraph\">Brittin\u00e4yttelij\u00e4 <a href=\"https:\/\/www.iltalehti.fi\/henkilot\/Judi Dench\" class=\"article-link-person-page\" rel=\"nofollow noopener\" target=\"_blank\">Judi Dench<\/a>, 90, kertoo n\u00e4k\u00f6ns\u00e4 heikkenemisest\u00e4 tuoreessa haastattelussa. Dench ja n\u00e4yttelij\u00e4kollega <a href=\"https:\/\/www.iltalehti.fi\/henkilot\/Ian McKellen\" class=\"article-link-person-page\" rel=\"nofollow noopener\" target=\"_blank\">Ian McKellen<\/a>, 86, n\u00e4htiin aiemmin t\u00e4ll\u00e4 viikolla ITV Newsin yhteishaastattelussa.<\/p>\n<p class=\"paragraph\">Toimittaja aloittaa <a href=\"https:\/\/www.youtube.com\/watch?v=smNK_S6zgF8\" target=\"_blank\" rel=\"noopener nofollow\">Youtubeen<\/a> jaetun haastattelukatkelman sanomalla, ettei Denchi\u00e4 en\u00e4\u00e4 juuri n\u00e4hd\u00e4 kameran edess\u00e4.<\/p>\n<p class=\"paragraph\">\u2013 Ei niin, koska en n\u00e4e en\u00e4\u00e4. Minulla on se juttu, Dench vastaa.<\/p>\n<p class=\"paragraph\">\u2013 Me n\u00e4emme sinut, Ian McKellen sanoo n\u00e4yttelij\u00e4kollegalleen.<\/p>\n<p class=\"paragraph\">\u2013 Kyll\u00e4, ja min\u00e4 n\u00e4en sinun \u00e4\u00e4riviivasi. En tunnista ket\u00e4\u00e4n nyky\u00e4\u00e4n. Ihmiset luulevat, ett\u00e4 minusta on tullut t\u00e4rkeilev\u00e4. Se johtuu siit\u00e4, etten n\u00e4e. En n\u00e4e televisiota. En n\u00e4e lukea.<\/p>\n<p class=\"paragraph\">ITV Newsin haastattelussa muistellaan my\u00f6s Denchin ja McKellenin 50 vuoden takaista esiintymist\u00e4 Macbeth-n\u00e4ytelm\u00e4ss\u00e4.<\/p>\n<p class=\"paragraph\">Silm\u00e4npohjan rappeumasta k\u00e4rsiv\u00e4 Dench on kertonut n\u00e4k\u00f6ns\u00e4 heikkenemisest\u00e4 my\u00f6s aiemmin. Viime talvena Dench kertoi podcast-haastattelussa, ett\u00e4 h\u00e4n tarvitsee jonkun rinnalleen tapahtumiin, sill\u00e4 h\u00e4n ei n\u00e4e ja sen takia saattaisi kaatua.<\/p>\n<p class=\"paragraph\">Vuonna 2022 Dench kertoi, <a href=\"https:\/\/www.iltalehti.fi\/viihdeuutiset\/c53d9d9f-a904-44a7-badd-8ae66b69ae74\" rel=\"nofollow noopener\" target=\"_blank\">ettei pysty en\u00e4\u00e4 lukemaan tai kirjoittamaan<\/a>, ja ett\u00e4 h\u00e4nell\u00e4 on vaikeuksia leikata ruokaansa.<\/p>\n<p class=\"paragraph\">McKellen on puolestaan kertonut k\u00e4ytt\u00e4v\u00e4ns\u00e4 kuulolaitetta. N\u00e4yttelij\u00e4 puhui kuulonalenemastaan <a href=\"https:\/\/www.mirror.co.uk\/3am\/celebrity-news\/sir-ian-mckellen-shares-thoughts-7965683\" target=\"_blank\" rel=\"noopener nofollow\">Mirrorin<\/a> haastattelussa vuonna 2016.<\/p>\n<p>Judi Dench on tehnyt mittavan n\u00e4yttelij\u00e4nuran erityisesti teatterin lavalla. AOP<\/p>\n<p class=\"paragraph\">L\u00e4hes 70 vuotta sitten alkaneen n\u00e4yttelij\u00e4nuransa aikana Dench on n\u00e4hty lukuisissa teatteriproduktioissa, elokuvissa ja televisiosarjoissa, muun muassa James Bond -elokuvien M:n\u00e4. Dench on palkittu parhaan naissivuosan Oscarilla roolistaan elokuvassa Rakastunut Shakespeare. Lis\u00e4ksi h\u00e4n on voittanut kaksi parhaan naisp\u00e4\u00e4osan Golden Globe -palkintoa. Uransa alkuvaiheilla h\u00e4n t\u00e4hditti teatterissa niin Macbethi\u00e4, Romeota ja Juliaa kuin Hamletia.<\/p>\n<p class=\"paragraph\">Ian McKellen tunnetaan erityisesti Taru sormusten herrasta -elokuvien Gandalfina. McKellen on tehnyt laajan uran teatterissa, elokuvissa ja televisiossa.<\/p>\n<p class=\"paragraph\">N\u00e4et Denchin ja McKellenin haastattelun alta tai <a href=\"https:\/\/www.youtube.com\/watch?v=smNK_S6zgF8\" target=\"_blank\" rel=\"noopener nofollow\">t\u00e4st\u00e4 linkist\u00e4<\/a>.<\/p>\n","protected":false},"excerpt":{"rendered":"Judi Dench kertoo tuoreessa haastattelussa, ettei kykene en\u00e4\u00e4 tunnistamaan ihmisi\u00e4. Judi Dench on yksi Britannian arvostetuimmista n\u00e4yttelij\u00f6ist\u00e4. AOP&hellip;\n","protected":false},"author":2,"featured_media":103826,"comment_status":"","ping_status":"","sticky":false,"template":"","format":"standard","meta":{"footnotes":""},"categories":[136],"tags":[35,153,407,152,155,137,33,31,30,408,718,154,32,140,156,109],"class_list":{"0":"post-103825","1":"post","2":"type-post","3":"status-publish","4":"format-standard","5":"has-post-thumbnail","7":"category-julkkikset","8":"tag-24h","9":"tag-audiovisuaalinen-media","10":"tag-celebrities","11":"tag-elokuva-ja-tv-nayttelijat","12":"tag-elokuvat","13":"tag-entertainment","14":"tag-fi","15":"tag-finland","16":"tag-finnish","17":"tag-julkkikset","18":"tag-nayttamotaide","19":"tag-nayttelijat-teatteri","20":"tag-suomi","21":"tag-tv-ja-elokuvat","22":"tag-tv","23":"tag-viihde"},"share_on_mastodon":{"url":"https:\/\/pubeurope.com\/@fi\/115637901468267432","error":""},"_links":{"self":[{"href":"https:\/\/www.europesays.com\/fi\/wp-json\/wp\/v2\/posts\/103825","targetHints":{"allow":["GET"]}}],"collection":[{"href":"https:\/\/www.europesays.com\/fi\/wp-json\/wp\/v2\/posts"}],"about":[{"href":"https:\/\/www.europesays.com\/fi\/wp-json\/wp\/v2\/types\/post"}],"author":[{"embeddable":true,"href":"https:\/\/www.europesays.com\/fi\/wp-json\/wp\/v2\/users\/2"}],"replies":[{"embeddable":true,"href":"https:\/\/www.europesays.com\/fi\/wp-json\/wp\/v2\/comments?post=103825"}],"version-history":[{"count":0,"href":"https:\/\/www.europesays.com\/fi\/wp-json\/wp\/v2\/posts\/103825\/revisions"}],"wp:featuredmedia":[{"embeddable":true,"href":"https:\/\/www.europesays.com\/fi\/wp-json\/wp\/v2\/media\/103826"}],"wp:attachment":[{"href":"https:\/\/www.europesays.com\/fi\/wp-json\/wp\/v2\/media?parent=103825"}],"wp:term":[{"taxonomy":"category","embeddable":true,"href":"https:\/\/www.europesays.com\/fi\/wp-json\/wp\/v2\/categories?post=103825"},{"taxonomy":"post_tag","embeddable":true,"href":"https:\/\/www.europesays.com\/fi\/wp-json\/wp\/v2\/tags?post=103825"}],"curies":[{"name":"wp","href":"https:\/\/api.w.org\/{rel}","templated":true}]}}