{"id":103827,"date":"2025-11-30T09:18:07","date_gmt":"2025-11-30T09:18:07","guid":{"rendered":"https:\/\/www.europesays.com\/fi\/103827\/"},"modified":"2025-11-30T09:18:07","modified_gmt":"2025-11-30T09:18:07","slug":"antti-sepponen-rakastaa-lahtea-mutta-ei-halua-olla-loppuelamaansa-se-salamalla-raiskiva-lahti-kuvaaja-paijat-hame","status":"publish","type":"post","link":"https:\/\/www.europesays.com\/fi\/103827\/","title":{"rendered":"Antti Sepponen rakastaa Lahtea mutta ei halua olla loppuel\u00e4m\u00e4\u00e4ns\u00e4 se salamalla r\u00e4iskiv\u00e4 Lahti-kuvaaja | P\u00e4ij\u00e4t-H\u00e4me"},"content":{"rendered":"<p>Kesti kymmenen vuotta, ett\u00e4 Nuori sankari -palkinnon voittaneen valokuvaajan ty\u00f6t kelpasivat Lahden markkinointiin. Apuna oli joku samassa p\u00f6yd\u00e4ss\u00e4 istunut Niko, joka paljastui kaupunginjohtajaksi.<\/p>\n<p>Matkalla n\u00e4yttelyn avajaisiin ilmestyy <strong>Antti Sepposen<\/strong> valokuva n\u00e4kyviin jo Helsingin Mannerheimintiell\u00e4 jouluvalojen seassa. Kuva rakennusty\u00f6maalla seisovasta likaisesta miehest\u00e4 v\u00e4l\u00e4ht\u00e4\u00e4 mainosn\u00e4yt\u00f6ll\u00e4. Lahti on kulttuurifestari, koe se Helsingiss\u00e4, mainostaa Lahden kaupunki Sepposen valokuvan\u00e4yttely\u00e4 galleria Hippolytess\u00e4 Helsingiss\u00e4.<\/p>\n","protected":false},"excerpt":{"rendered":"Kesti kymmenen vuotta, ett\u00e4 Nuori sankari -palkinnon voittaneen valokuvaajan ty\u00f6t kelpasivat Lahden markkinointiin. Apuna oli joku samassa p\u00f6yd\u00e4ss\u00e4&hellip;\n","protected":false},"author":2,"featured_media":103828,"comment_status":"","ping_status":"","sticky":false,"template":"","format":"standard","meta":{"footnotes":""},"categories":[135],"tags":[389,387,388,390,137,33,31,30,440,108,1801,967,32,394,393,391,392,2365,109],"class_list":{"0":"post-103827","1":"post","2":"type-post","3":"status-publish","4":"format-standard","5":"has-post-thumbnail","7":"category-taiteet-ja-suunnittelu","8":"tag-arts","9":"tag-arts-and-design","10":"tag-artsanddesign","11":"tag-design","12":"tag-entertainment","13":"tag-fi","14":"tag-finland","15":"tag-finnish","16":"tag-ihmiset","17":"tag-kulttuuri","18":"tag-lahti","19":"tag-nayttelyt","20":"tag-suomi","21":"tag-suunnittelu","22":"tag-taiteet","23":"tag-taiteet-ja-suunnittelu","24":"tag-taiteetsuunnittelu","25":"tag-valokuvaus","26":"tag-viihde"},"share_on_mastodon":{"url":"https:\/\/pubeurope.com\/@fi\/115637905198269790","error":""},"_links":{"self":[{"href":"https:\/\/www.europesays.com\/fi\/wp-json\/wp\/v2\/posts\/103827","targetHints":{"allow":["GET"]}}],"collection":[{"href":"https:\/\/www.europesays.com\/fi\/wp-json\/wp\/v2\/posts"}],"about":[{"href":"https:\/\/www.europesays.com\/fi\/wp-json\/wp\/v2\/types\/post"}],"author":[{"embeddable":true,"href":"https:\/\/www.europesays.com\/fi\/wp-json\/wp\/v2\/users\/2"}],"replies":[{"embeddable":true,"href":"https:\/\/www.europesays.com\/fi\/wp-json\/wp\/v2\/comments?post=103827"}],"version-history":[{"count":0,"href":"https:\/\/www.europesays.com\/fi\/wp-json\/wp\/v2\/posts\/103827\/revisions"}],"wp:featuredmedia":[{"embeddable":true,"href":"https:\/\/www.europesays.com\/fi\/wp-json\/wp\/v2\/media\/103828"}],"wp:attachment":[{"href":"https:\/\/www.europesays.com\/fi\/wp-json\/wp\/v2\/media?parent=103827"}],"wp:term":[{"taxonomy":"category","embeddable":true,"href":"https:\/\/www.europesays.com\/fi\/wp-json\/wp\/v2\/categories?post=103827"},{"taxonomy":"post_tag","embeddable":true,"href":"https:\/\/www.europesays.com\/fi\/wp-json\/wp\/v2\/tags?post=103827"}],"curies":[{"name":"wp","href":"https:\/\/api.w.org\/{rel}","templated":true}]}}