{"id":103831,"date":"2025-11-30T09:25:09","date_gmt":"2025-11-30T09:25:09","guid":{"rendered":"https:\/\/www.europesays.com\/fi\/103831\/"},"modified":"2025-11-30T09:25:09","modified_gmt":"2025-11-30T09:25:09","slug":"meikkaaminen-4-naista-nayttaa-kasvonsa-meikilla-ja-ilman","status":"publish","type":"post","link":"https:\/\/www.europesays.com\/fi\/103831\/","title":{"rendered":"Meikkaaminen: 4 naista n\u00e4ytt\u00e4\u00e4 kasvonsa meikill\u00e4 ja ilman"},"content":{"rendered":"<p class=\"article-body mb-nof-24 px-nof-16\">Suvi, <a class=\"article-personlink\" href=\"https:\/\/www.is.fi\/haku\/?query=Minna\" rel=\"nofollow noopener\" target=\"_blank\">Minna<\/a>, <a class=\"article-personlink\" href=\"https:\/\/www.is.fi\/haku\/?query=Elina\" rel=\"nofollow noopener\" target=\"_blank\">Elina<\/a> ja <a class=\"article-personlink\" href=\"https:\/\/www.is.fi\/haku\/?query=Kirsi\" rel=\"nofollow noopener\" target=\"_blank\">Kirsi<\/a> ovat meikanneet teini-ik\u00e4isest\u00e4 saakka. Meikitt\u00e4 on hyv\u00e4 olla, mutta meikkaaminen on usealle heist\u00e4 osa p\u00e4ivitt\u00e4ist\u00e4 rutiinia.<\/p>\n<p class=\"article-body mb-nof-24 px-nof-16\">Nyt he kertovat, miksi.<\/p>\n<p>\u201dErotan meikkaamisella ty\u00f6n ja vapaa-ajan\u201d<\/p>\n<p class=\"article-body mb-nof-24 px-nof-16\">Suvi Westerback, 42:<\/p>\n<p class=\"article-body mb-nof-24 px-nof-16\">\u201dTeen t\u00f6it\u00e4 maatalousyritt\u00e4j\u00e4n\u00e4 ja maaseudun yritysmentorina Kristiinankaupungissa sijaitsevassa pieness\u00e4 paikassa nimelt\u00e4 Siipyy. Siin\u00e4 arjessa, jossa py\u00f6rin, on paljon luontevampaa olla meikitt\u00e4 kuin meikata. Jos meikkaisin joka p\u00e4iv\u00e4, sit\u00e4 pidett\u00e4isiin ehk\u00e4 v\u00e4h\u00e4n kummallisena. El\u00e4n suurimman osan el\u00e4m\u00e4\u00e4ni ilman meikki\u00e4, ja se on minulle ihan luonnollinen asia.<\/p>\n<p class=\"article-body mb-nof-24 px-nof-16\">Tykk\u00e4\u00e4n laittaa itse\u00e4ni, mutta en ole ikin\u00e4 meikannut p\u00e4ivitt\u00e4in \u2013 en nuorenakaan, kun aloitin meikkaamisen. Voin hyvin menn\u00e4 juhliinkin ilman meikki\u00e4, ja oikeastaan oloni on silloin kaikista kotoisin. Ei tarvitse varoa, osuuko k\u00e4si silm\u00e4\u00e4n ja tahriintuuko ripsari. Olen aina ollut ulkon\u00e4k\u00f6\u00f6ni tyytyv\u00e4inen \u2013 pid\u00e4n kulmakarvoistani ja profiilistani.<\/p>\n<p class=\"article-body mb-nof-24 px-nof-16\">K\u00e4yt\u00e4nn\u00f6ss\u00e4 ty\u00f6paikkani on my\u00f6s kotini. Meikkaaminen on paras tapa erottaa vapaa-aika arjesta. Meikkaan, kun l\u00e4hden kotoa vaikkapa tapaamaan yst\u00e4vi\u00e4ni, sill\u00e4 siten mielenikin ymm\u00e4rt\u00e4\u00e4 paremmin, ett\u00e4 on tapahtumassa jotain erityist\u00e4. Rakastan meikata ja tehd\u00e4 tavallisesta arjesta poikkeavia asioita.<\/p>\n<p class=\"article-body mb-nof-24 px-nof-16\">Meikattuna tuntuu, ett\u00e4 itsearvostus nousee viel\u00e4 v\u00e4h\u00e4n enemm\u00e4n. Ett\u00e4 v\u00e4lit\u00e4n ja huolehdin itsest\u00e4ni. I\u00e4n my\u00f6t\u00e4 juonteettomasta ihosta on kenties luovuttava, mutta uskon, ett\u00e4 hyv\u00e4ll\u00e4 ihonhoidolla on mahdollista pit\u00e4\u00e4 huolta ik\u00e4\u00e4ntyvist\u00e4 kasvoista.\u201d<\/p>\n<p>\u201dMeikkaaminen on osa henkist\u00e4 valmistautumista\u201d<\/p>\n<p class=\"article-body mb-nof-24 px-nof-16\">Minna Lindeqvist, 46:<\/p>\n<p class=\"article-body mb-nof-24 px-nof-16\">\u201dMeikkaan aina, jos l\u00e4hden ovesta. Pohjoisessakin olen kulkenut kaikenmaailman lohijoilla perhokalastamassa ripsiv\u00e4rit ripsiss\u00e4. Laitoin ripsaria, vaikka l\u00e4hdin joelle keskell\u00e4 y\u00f6t\u00e4.<\/p>\n<p class=\"article-body mb-nof-24 px-nof-16\">Teen t\u00f6it\u00e4 logistiikkayrityksess\u00e4 operatiivisena johtajana. Tuntuisi hassulta menn\u00e4 johtoryhm\u00e4n kokoukseen ilman meikki\u00e4 \u2013 se on v\u00e4h\u00e4n sama, kuin mies tulisi paikalle jossain muussa vetimess\u00e4 kuin kauluspaidassa. Tietyll\u00e4 tavalla meikkaaminen liitet\u00e4\u00e4n naisellisuuteen ja huoliteltuun ulkon\u00e4k\u00f6\u00f6n, ja sill\u00e4 tavoin sit\u00e4 ehk\u00e4 vaaditaan yhteiskunnan puolesta.<\/p>\n<p class=\"article-body mb-nof-24 px-nof-16\">Ajattelen meikkaamisen kuuluvan samaan kategoriaan kuin huolitellut vaatteet: se on osa valmistautumista ja riitti sek\u00e4 rauhoittumiskeino ennen t\u00e4rke\u00e4\u00e4 palaveria tai tilaisuutta. Meikatessa siirr\u00e4n ajatukset tulevaan ja k\u00e4yn asioita l\u00e4pi. Meikattuna oloni on huomattavasti itsevarmempi, koska silloin koen n\u00e4ytt\u00e4v\u00e4ni silt\u00e4, miten haluan esitell\u00e4 itseni maailmalle. Kun peilist\u00e4 katsoo tuttu, huoliteltu min\u00e4, on helpompi astua p\u00e4iv\u00e4n haasteisiin.<\/p>\n<blockquote class=\"citation\">\n<p>\u201d<\/p>\n<p>Nelj\u00e4 tuotetta naamaan ja menoksi.<\/p>\n<\/blockquote>\n<p class=\"article-body mb-nof-24 px-nof-16\">Arkiaamuna meikkirutiinini on simppeli: nelj\u00e4 tuotetta naamaan ja menoksi. Mutta jos kyseess\u00e4 on iltatapahtuma tai juhlat, niin varaan meikkaamiselle kunnolla aikaa \u2013 aina v\u00e4hint\u00e4\u00e4n tunnin. Meikkaan rauhassa ja kuuntelen musiikkia. Meikitt\u00e4 olo ei ole minulle ongelma, mutta minulla on kivempi olo, kun kasvoilla on edes v\u00e4h\u00e4n meikki\u00e4.<\/p>\n<p class=\"article-body mb-nof-24 px-nof-16\">I\u00e4n my\u00f6t\u00e4 olen tajunnut, ett\u00e4 juuri min\u00e4 olen juuri hyv\u00e4 t\u00e4llaisena. En en\u00e4\u00e4 meikkaa piiloutuakseni, vaan korostaakseni sit\u00e4, mik\u00e4 minussa on kaunista ja omaa. Lempikohtani kasvoissani ovat silm\u00e4ni ja huuleni.\u201d<\/p>\n<p>\u201dMeikattuna olo on huolitellumpi\u201d<\/p>\n<p class=\"article-body mb-nof-24 px-nof-16\">Elina L\u00e4hdesm\u00e4ki, 38: <\/p>\n<p class=\"article-body mb-nof-24 px-nof-16\"> \u201dMeikkaaminen on minulle rutiinia. Meikkaan l\u00e4hes joka p\u00e4iv\u00e4. Arjessani k\u00e4yt\u00e4n meikki\u00e4 melko maltillisesti, mutta usein edes jotain. Laitan ainakin ripsiv\u00e4ri\u00e4 ja meikkaan kulmat. Kasvoille levit\u00e4n BB-voidetta. Jos l\u00e4hden kunnolla ihmisten ilmoille, esimerkiksi juhliin, ehostan itse\u00e4ni enemm\u00e4n: teen vahvemman silm\u00e4meikin ja panostan pohjameikkiin tarkemmin.<\/p>\n<p class=\"article-body mb-nof-24 px-nof-16\">Olen meikannut teini-ik\u00e4isest\u00e4, ja rutiini on pysynyt samana. Arkena kevyemmin ja juhliin voimakkaammin. Meikkirutiinit ovat muuttuneet pinnalla olevien trendien mukaan, mutta eiv\u00e4t radikaalisti.<\/p>\n<blockquote class=\"citation\">\n<p>\u201d<\/p>\n<p>Tykk\u00e4\u00e4n luonnollisesta lookista.<\/p>\n<\/blockquote>\n<p class=\"article-body mb-nof-24 px-nof-16\">Osaan olla itseni kanssa ilman meikki\u00e4. Tykk\u00e4\u00e4n luonnollisesta lookista. I\u00e4n vaikutus alkaa pikkuhiljaa n\u00e4kym\u00e4\u00e4n iholla, mutta en juurikaan kiinnit\u00e4 siihen huomiota. Kes\u00e4ll\u00e4, kun iholla on pieni rusketus, on viel\u00e4kin miellytt\u00e4v\u00e4mp\u00e4\u00e4 olla ilman meikki\u00e4. Talvella iho on hiukan ep\u00e4tasaisempi, ja tasoitan sit\u00e4 voiteella tarvittaessa.<\/p>\n<p class=\"article-body mb-nof-24 px-nof-16\">Meikattuna olo on v\u00e4h\u00e4n itsevarmempi, mutta ei se kuitenkaan suuresti muuta sit\u00e4, mit\u00e4 ajattelen itsest\u00e4ni. N\u00e4en itseni huolitellumpana meikin kanssa. I\u00e4n my\u00f6t\u00e4 suhde meikkaamiseen on pysynyt samana. Aina olen tyk\u00e4nnyt meikata.<\/p>\n<p class=\"article-body mb-nof-24 px-nof-16\">Meikkaan itse\u00e4ni varten \u2013 en sanoisi, ett\u00e4 kukaan muu m\u00e4\u00e4rittelee sit\u00e4. En koe, ett\u00e4 yhteiskuntakaan vaatisi minun meikkaavan. Nyky\u00e4\u00e4nh\u00e4n luonnollisuus on enemm\u00e4n in kuin se, ett\u00e4 kasvot olisi aina voimakkaasti meikattu.\u201d<\/p>\n<p>\u201dKoen olevani kaunis, kun olen meikannut\u201d<\/p>\n<p class=\"article-body mb-nof-24 px-nof-16\">Kirsi Mikkonen, 46:<\/p>\n<p class=\"article-body mb-nof-24 px-nof-16\">\u201dS\u00e4hk\u00f6nsinisest\u00e4 ripsiv\u00e4rist\u00e4 se l\u00e4hti. Elettiin 90-lukua ja tuijotin lumoutuneena, kun serkkuni suti ripsiins\u00e4 sinist\u00e4 ripsiv\u00e4ri\u00e4. Siit\u00e4 l\u00e4htien olen meikannut, ja paljon. Olin silloin yl\u00e4asteella.<\/p>\n<p class=\"article-body mb-nof-24 px-nof-16\">Aiemmin olin henkeen ja vereen urheilumimmi, eik\u00e4 meikkaaminen ollut mik\u00e4\u00e4n juttu. Sitten tuli s\u00e4hk\u00f6nsinisen ripsiv\u00e4ri ja sen vanavedess\u00e4 kiinnostus poikiin: kavereiden kanssa meikkasimme, laitoimme papiljotteja p\u00e4\u00e4h\u00e4n ja joimme siideri\u00e4. Kai sit\u00e4 toivoi, ett\u00e4 meikki auttaisi itsetunnon kanssa ja joku poika kiinnostuisi.<\/p>\n<blockquote class=\"citation\">\n<p>\u201d<\/p>\n<p>Minulla on aina ollut ep\u00e4varmuuksia kasvoistani.<\/p>\n<\/blockquote>\n<p class=\"article-body mb-nof-24 px-nof-16\">Elin nuoruuteni ajassa, jossa yhteiskunta ajatteli, ett\u00e4 naisen pit\u00e4\u00e4 olla meikattu ja tietynn\u00e4k\u00f6inen. Minulla on aina ollut ep\u00e4varmuuksia kasvoistani. Kauneusihanteet loivat paineita, ett\u00e4 pit\u00e4isi n\u00e4ytt\u00e4\u00e4 tietynlaiselta. Ovaalit kasvot olivat ihanne, minulla taas on isot posket ja py\u00f6re\u00e4t kasvot.<\/p>\n<p class=\"article-body mb-nof-24 px-nof-16\">Meikatessa opettelin kikat, joilla saan kasvoni n\u00e4ytt\u00e4m\u00e4\u00e4n kapeammilta, ja muutenkin opettelin korostamaan parhaita puoliani. Pid\u00e4n hymykuopistani ja vihreist\u00e4 silmist\u00e4ni. Opettelin k\u00e4ytt\u00e4m\u00e4\u00e4n lilaa luomiv\u00e4ri\u00e4, koska se korostaa silmieni v\u00e4ri\u00e4.<\/p>\n<p class=\"article-body mb-nof-24 px-nof-16\">I\u00e4n my\u00f6t\u00e4 opettelin suhtautumaan kasvoihini lempe\u00e4mmin. Hyv\u00e4ksyn, ett\u00e4 t\u00e4lt\u00e4 min\u00e4 n\u00e4yt\u00e4n. En\u00e4\u00e4 en meikkaa niin n\u00e4ytt\u00e4v\u00e4sti, vaan pehmeys on korvannut kovuuden. Nyky\u00e4\u00e4n ajattelen, ett\u00e4 less is more. Olen tajunnut, ett\u00e4 meikki\u00e4 ei tarvitse vet\u00e4\u00e4 aina niin \u00f6veriksi, vaan mustan kajalin voi j\u00e4tt\u00e4\u00e4 joskus poiskin.<\/p>\n<blockquote class=\"citation\">\n<p>\u201d<\/p>\n<p>Pystyn painelemaan ruokakauppaan meikitt\u00e4.<\/p>\n<\/blockquote>\n<p class=\"article-body mb-nof-24 px-nof-16\">Meikkaamisesta tulee hyv\u00e4 mieli ja se tuo minulle iloa. Koen olevani kaunis, kun olen laittanut meikki\u00e4. Kotonakin saan silloin kehuja, ett\u00e4 n\u00e4yt\u00e4n hyv\u00e4lt\u00e4. Pid\u00e4n kasvoistani my\u00f6s ilman meikki\u00e4, mutta en min\u00e4 ensimm\u00e4isen\u00e4 huuda olevani luonnonkaunis. Pystyn painelemaan ruokakauppaan meikitt\u00e4 \u2013 jos se jotakuta haittaa, niin sama se minulle.<\/p>\n<p class=\"article-body mb-nof-24 px-nof-16\">Meikkaaminen on minulle rauhoittava traditio ennen ty\u00f6p\u00e4iv\u00e4\u00e4 tai juhlia: laitan kylpytakin p\u00e4\u00e4lle ja otan rennon, oman hetken, jolloin laitan tukkani ja meikkaan.\u201d<\/p>\n","protected":false},"excerpt":{"rendered":"Suvi, Minna, Elina ja Kirsi ovat meikanneet teini-ik\u00e4isest\u00e4 saakka. Meikitt\u00e4 on hyv\u00e4 olla, mutta meikkaaminen on usealle heist\u00e4&hellip;\n","protected":false},"author":2,"featured_media":103832,"comment_status":"","ping_status":"","sticky":false,"template":"","format":"standard","meta":{"footnotes":""},"categories":[130],"tags":[137,33,31,30,34,32,109],"class_list":{"0":"post-103831","1":"post","2":"type-post","3":"status-publish","4":"format-standard","5":"has-post-thumbnail","7":"category-viihde","8":"tag-entertainment","9":"tag-fi","10":"tag-finland","11":"tag-finnish","12":"tag-ilta-sanomat","13":"tag-suomi","14":"tag-viihde"},"share_on_mastodon":{"url":"https:\/\/pubeurope.com\/@fi\/115637932758137367","error":""},"_links":{"self":[{"href":"https:\/\/www.europesays.com\/fi\/wp-json\/wp\/v2\/posts\/103831","targetHints":{"allow":["GET"]}}],"collection":[{"href":"https:\/\/www.europesays.com\/fi\/wp-json\/wp\/v2\/posts"}],"about":[{"href":"https:\/\/www.europesays.com\/fi\/wp-json\/wp\/v2\/types\/post"}],"author":[{"embeddable":true,"href":"https:\/\/www.europesays.com\/fi\/wp-json\/wp\/v2\/users\/2"}],"replies":[{"embeddable":true,"href":"https:\/\/www.europesays.com\/fi\/wp-json\/wp\/v2\/comments?post=103831"}],"version-history":[{"count":0,"href":"https:\/\/www.europesays.com\/fi\/wp-json\/wp\/v2\/posts\/103831\/revisions"}],"wp:featuredmedia":[{"embeddable":true,"href":"https:\/\/www.europesays.com\/fi\/wp-json\/wp\/v2\/media\/103832"}],"wp:attachment":[{"href":"https:\/\/www.europesays.com\/fi\/wp-json\/wp\/v2\/media?parent=103831"}],"wp:term":[{"taxonomy":"category","embeddable":true,"href":"https:\/\/www.europesays.com\/fi\/wp-json\/wp\/v2\/categories?post=103831"},{"taxonomy":"post_tag","embeddable":true,"href":"https:\/\/www.europesays.com\/fi\/wp-json\/wp\/v2\/tags?post=103831"}],"curies":[{"name":"wp","href":"https:\/\/api.w.org\/{rel}","templated":true}]}}