{"id":103836,"date":"2025-11-30T09:30:12","date_gmt":"2025-11-30T09:30:12","guid":{"rendered":"https:\/\/www.europesays.com\/fi\/103836\/"},"modified":"2025-11-30T09:30:12","modified_gmt":"2025-11-30T09:30:12","slug":"poliisi-15-vuotiaan-kuolemaan-johtanut-turma-johtui-peraanajosta","status":"publish","type":"post","link":"https:\/\/www.europesays.com\/fi\/103836\/","title":{"rendered":"Poliisi: 15-vuotiaan kuolemaan johtanut turma johtui per\u00e4\u00e4najosta"},"content":{"rendered":"<p>Tikkurilan turma|Lauantai-illalla Vantaan Tikkurilassa tapahtuneessa onnettomuudessa kuoli 15-vuotias poika. Ravintolan terassille suistunutta autoa kuljetti 22-vuotias mies.<\/p>\n<p>Lue tiivistelm\u00e4<\/p>\n<p>Tiivistelm\u00e4 on teko\u00e4lyn tekem\u00e4 ja ihmisen tarkistama.<\/p>\n<p class=\"article-body mb-nof-24 px-nof-16 sndp-summary-bullet-point-font\">Auto suistui ravintolan terassille Vantaan Tikkurilassa lauantai-iltana. Onnettomuudessa kuoli terassilla ollut 15-vuotias poika.<\/p>\n<p class=\"article-body mb-nof-24 px-nof-16 sndp-summary-bullet-point-font\">Onnettomuus johtui per\u00e4\u00e4najosta Talvikkitiell\u00e4, kun takaa tullut auto ajoi edess\u00e4 oikealle k\u00e4\u00e4ntyv\u00e4n auton per\u00e4\u00e4n.<\/p>\n<p class=\"article-body mb-nof-24 px-nof-16 sndp-summary-bullet-point-font\">It\u00e4-Uudenmaan poliisin rikoskomisario Rauno J\u00e4ms\u00e4 kertoo, ett\u00e4 22-vuotiasta kuljettajaa ep\u00e4ill\u00e4\u00e4n t\u00f6rke\u00e4st\u00e4 liikenneturvallisuuden vaarantamisesta ja t\u00f6rke\u00e4st\u00e4 kuolemantuottamuksesta.<\/p>\n<p class=\"article-body mb-nof-24 px-nof-16 sndp-summary-bullet-point-font\">Kuljettajan p\u00e4ihdetestit olivat negatiivisia, ja poliisi pyyt\u00e4\u00e4 silminn\u00e4kij\u00f6it\u00e4 ottamaan yhteytt\u00e4.<\/p>\n<p class=\"article-body mb-nof-24 px-nof-16\">Vantaan Tikkurilassa lauantaina 15-vuotiaan pojan kuolemaan johtanut onnettomuus johtui per\u00e4\u00e4najosta.<\/p>\n<p class=\"article-body mb-nof-24 px-nof-16\">Asiasta kertoo p\u00e4ivyst\u00e4v\u00e4 tutkinnanjohtaja rikoskomisario <a class=\"article-personlink\" href=\"https:\/\/www.hs.fi\/haku\/?query=Rauno%20J%C3%A4ms%C3%A4\" rel=\"nofollow noopener\" target=\"_blank\">Rauno J\u00e4ms\u00e4<\/a> It\u00e4-Uudenmaan poliisista sunnuntaiaamulla.<\/p>\n<p class=\"article-body mb-nof-24 px-nof-16\">Kolarissa toinen autoista suistui Talvikkitien Pizza Express Grill House -ravintolan terassille, jonka ulkopuolella seissyt poika j\u00e4i auton alle.<\/p>\n<p class=\"article-body mb-nof-24 px-nof-16\">Onnettomuus tapahtui lauantai-iltana kello 19.20. Terassilla seisoi kaksi muutakin nuorta, mutta he eiv\u00e4t loukkaantuneet.<\/p>\n<p class=\"article-body mb-nof-24 px-nof-16\">Onnettomuuteen johtanut autokolari tapahtui Talvikkitiell\u00e4. Edess\u00e4 ajanut auto oli k\u00e4\u00e4ntym\u00e4ss\u00e4 oikealle Hernetielle, kun takaa tullut auto ajoi sen per\u00e4\u00e4n.<\/p>\n<p class=\"article-body mb-nof-24 px-nof-16\">T\u00f6rm\u00e4yksen j\u00e4lkeen per\u00e4\u00e4n ajanut auto suistui viereist\u00e4 ravintolaa kohti.<\/p>\n<p class=\"article-body mb-nof-24 px-nof-16\">Auton alle j\u00e4\u00e4nytt\u00e4 poikaa yritti elvytt\u00e4\u00e4 paikalle saapunut ensihoitoyksikk\u00f6, mutta poika kuoli tapahtumapaikalla.<\/p>\n<p class=\"article-body mb-nof-24 px-nof-16\">Poliisi kuvailee tilannetta ravintolan l\u00e4hist\u00f6ll\u00e4 kaoottiseksi, sill\u00e4 alkuillasta paikalla on ollut paljon ihmisi\u00e4.<\/p>\n<p><img decoding=\"async\" src=\"https:\/\/www.europesays.com\/fi\/wp-content\/uploads\/2025\/11\/1764495011_459_468.jpg\" alt=\"Ravintolan edustalla oli lauantai-illalla terassiin t\u00f6rm\u00e4nneen auton osia ja muuta roskaa.\" class=\"_Img_1rerz_1\" style=\"aspect-ratio:0.75\" loading=\"eager\"\/><\/p>\n<p class=\"article-picture-caption\">Ravintolan edustalla oli lauantai-illalla terassiin t\u00f6rm\u00e4nneen auton osia ja muuta roskaa. Kuva:\u00a0Tuuli Rantasalo HS<\/p>\n<p><img decoding=\"async\" src=\"https:\/\/www.europesays.com\/fi\/wp-content\/uploads\/2025\/11\/1764495012_824_468.jpg\" alt=\"Kuolemaan johtanut onnettomuuss tapahtui lauantaina alkuillasta Tikkurilan Talvikkitiell\u00e4.\" class=\"_Img_1rerz_1\" style=\"aspect-ratio:0.75\" loading=\"eager\"\/><\/p>\n<p class=\"article-picture-caption\">Kuolemaan johtanut onnettomuuss tapahtui lauantaina alkuillasta Tikkurilan Talvikkitiell\u00e4. Kuva:\u00a0Tuuli Rantasalo \/ HS<\/p>\n<p class=\"article-body mb-nof-24 px-nof-16\">Ravintolaa p\u00e4in suistunutta autoa kuljetti 22-vuotias mies.<\/p>\n<p class=\"article-body mb-nof-24 px-nof-16\">Poliisi teki tapahtumapaikalla kuljettajalle puhallustestin ja huumeaineiden pikatestin. Ne osoittautuivat negatiiviseksi, J\u00e4ms\u00e4 kertoo.<\/p>\n<p class=\"article-body mb-nof-24 px-nof-16\">Poliisi ei ota kantaa siihen, oliko tilanteen syyn\u00e4 liian kova tilannenopeus. Asiaa tutkitaan, J\u00e4ms\u00e4 sanoo.<\/p>\n<p class=\"article-body mb-nof-24 px-nof-16\">Kuljettajaa ep\u00e4ill\u00e4\u00e4n t\u00f6rke\u00e4st\u00e4 liikenneturvallisuuden vaarantamisesta ja t\u00f6rke\u00e4st\u00e4 kuolemantuottamuksesta. Nimikkeet voivat t\u00e4smenty\u00e4 tutkinnan edetess\u00e4.<\/p>\n<p class=\"article-body mb-nof-24 px-nof-16\">HS vieraili paikalla lauantai-illalla noin kello puoli yksitoista ja n\u00e4ki kuinka ravintolan edess\u00e4 olleet tolpat olivat kaatuneet. Maassa oli autosta irronneita palasia. Paikalle oli tuotu kynttil\u00f6it\u00e4 ja kukkia.<\/p>\n<p class=\"article-body mb-nof-24 px-nof-16\">Poliisi otti kuljettajan haltuunsa tapahtumapaikalta. Sunnuntaiaamulla klo 10 menness\u00e4 kuljettajaa ei oltu viel\u00e4 kuulusteltu.<\/p>\n<p class=\"article-body mb-nof-24 px-nof-16\">Kuljettajan kyydiss\u00e4 oli toinen henkil\u00f6, joka ei loukkaantunut kolarissa.<\/p>\n<p class=\"article-body mb-nof-24 px-nof-16\">Per\u00e4\u00e4n ajetussa autossa oli kuljettajan lis\u00e4ksi kaksi matkustajaa. Kukaan heist\u00e4 ei loukkaantunut kolarissa. Per\u00e4\u00e4n ajetun auton kuljettajaa ei ep\u00e4ill\u00e4 rikoksesta.<\/p>\n<p class=\"article-body mb-nof-24 px-nof-16\">Poliisin mukaan tutkinta etenee kuljettajan ja silminn\u00e4kij\u00f6iden kuulusteluilla.<\/p>\n<p class=\"article-body mb-nof-24 px-nof-16\">Poliisi tiedottaa tapahtumasta viimeist\u00e4\u00e4n maanantaina.<\/p>\n<p class=\"article-body mb-nof-24 px-nof-16\">It\u00e4-Uudenmaan poliisi pyyt\u00e4\u00e4 silminn\u00e4kij\u00e4havaintoja tapahtumasta s\u00e4hk\u00f6postitse osoitteeseen: rikostutkinta.vantaa.ita-uusimaa@poliisi.fi<\/p>\n","protected":false},"excerpt":{"rendered":"Tikkurilan turma|Lauantai-illalla Vantaan Tikkurilassa tapahtuneessa onnettomuudessa kuoli 15-vuotias poika. Ravintolan terassille suistunutta autoa kuljetti 22-vuotias mies. Lue tiivistelm\u00e4&hellip;\n","protected":false},"author":2,"featured_media":103837,"comment_status":"","ping_status":"","sticky":false,"template":"","format":"standard","meta":{"footnotes":""},"categories":[12],"tags":[22,23,26,27,33,31,30,17,46,24,25,28,29,15,18,21,32,19,20,16],"class_list":{"0":"post-103836","1":"post","2":"type-post","3":"status-publish","4":"format-standard","5":"has-post-thumbnail","7":"category-suomi","8":"tag-breaking-news","9":"tag-breakingnews","10":"tag-featured-news","11":"tag-featurednews","12":"tag-fi","13":"tag-finland","14":"tag-finnish","15":"tag-headlines","16":"tag-helsingin-sanomat","17":"tag-latest-news","18":"tag-latestnews","19":"tag-main-news","20":"tag-mainnews","21":"tag-news","22":"tag-otsikot","23":"tag-paauutiset","24":"tag-suomi","25":"tag-top-stories","26":"tag-topstories","27":"tag-uutiset"},"share_on_mastodon":{"url":"https:\/\/pubeurope.com\/@fi\/115637952675649683","error":""},"_links":{"self":[{"href":"https:\/\/www.europesays.com\/fi\/wp-json\/wp\/v2\/posts\/103836","targetHints":{"allow":["GET"]}}],"collection":[{"href":"https:\/\/www.europesays.com\/fi\/wp-json\/wp\/v2\/posts"}],"about":[{"href":"https:\/\/www.europesays.com\/fi\/wp-json\/wp\/v2\/types\/post"}],"author":[{"embeddable":true,"href":"https:\/\/www.europesays.com\/fi\/wp-json\/wp\/v2\/users\/2"}],"replies":[{"embeddable":true,"href":"https:\/\/www.europesays.com\/fi\/wp-json\/wp\/v2\/comments?post=103836"}],"version-history":[{"count":0,"href":"https:\/\/www.europesays.com\/fi\/wp-json\/wp\/v2\/posts\/103836\/revisions"}],"wp:featuredmedia":[{"embeddable":true,"href":"https:\/\/www.europesays.com\/fi\/wp-json\/wp\/v2\/media\/103837"}],"wp:attachment":[{"href":"https:\/\/www.europesays.com\/fi\/wp-json\/wp\/v2\/media?parent=103836"}],"wp:term":[{"taxonomy":"category","embeddable":true,"href":"https:\/\/www.europesays.com\/fi\/wp-json\/wp\/v2\/categories?post=103836"},{"taxonomy":"post_tag","embeddable":true,"href":"https:\/\/www.europesays.com\/fi\/wp-json\/wp\/v2\/tags?post=103836"}],"curies":[{"name":"wp","href":"https:\/\/api.w.org\/{rel}","templated":true}]}}