{"id":103838,"date":"2025-11-30T09:31:10","date_gmt":"2025-11-30T09:31:10","guid":{"rendered":"https:\/\/www.europesays.com\/fi\/103838\/"},"modified":"2025-11-30T09:31:10","modified_gmt":"2025-11-30T09:31:10","slug":"iivo-niskanen-yllattaen-sivuun-rukalla","status":"publish","type":"post","link":"https:\/\/www.europesays.com\/fi\/103838\/","title":{"rendered":"Iivo Niskanen yll\u00e4tt\u00e4en sivuun Rukalla"},"content":{"rendered":"<p><strong class=\"typography-bold\">Iivo Niskanen ei osallistunut maastohiihdon maailmancupin 20 kilometrin vapaan hiihtotavan yhteisl\u00e4ht\u00f6kilpailuun Rukalla.<\/strong><\/p>\n<p>Niskasen poisj\u00e4\u00e4nnist\u00e4 kerrottiin Rukalla hetki ennen kisan alkua kello 11. Asia tuli pian ilmi my\u00f6s <a class=\"underline\" data-testid=\"external-link\" href=\"https:\/\/live.fis-ski.com\/cc-2210\/results-pda.htm\" rel=\"noopener noreferrer nofollow\" data-sentry-component=\"ExternalLink\" data-sentry-source-file=\"ExternalLink.tsx\" target=\"_blank\">FIS:n tulospalvelusta<\/a>.<\/p>\n<p>Lue my\u00f6s: <a class=\"underline\" data-testid=\"internal-link\" role=\"link\" data-sentry-element=\"Link\" data-sentry-component=\"InternalLink\" data-sentry-source-file=\"InternalLink.tsx\" href=\"https:\/\/www.mtvuutiset.fi\/artikkeli\/rukalla-kisaperuutus-heti-aamutuimaan\/9263236\" rel=\"nofollow noopener\" target=\"_blank\">Rukalla kisaperuutus heti aamutuimaan<\/a><\/p>\n<p>Hiihtoliitto tiedotti my\u00f6hemmin, ett\u00e4 Niskasen olo ei verryttelyn j\u00e4lkeen tuntunut aivan normaalilta, mink\u00e4 takia h\u00e4n p\u00e4\u00e4tti vet\u00e4yty\u00e4 kilpailusta.<\/p>\n<p>\u2013 Ei oo homma ihan balanssissa, en osaa sanoa enemp\u00e4\u00e4 viel\u00e4. K\u00e4vin kyll\u00e4 verryttelem\u00e4ss\u00e4, mutta ei tuntunut h\u00e4\u00e4vilt\u00e4. Pit\u00e4\u00e4 seurailla tilannetta, Niskanen kommentoi tiedotteessa.<\/p>\n<p>Kisa on parhaillaan k\u00e4ynniss\u00e4 ja suomalaisista mukana ovat muun muassa <strong class=\"typography-bold\">Perttu Hyv\u00e4rinen<\/strong>, <strong class=\"typography-bold\">Ristomatti Hakola<\/strong>, <strong class=\"typography-bold\">Joni M\u00e4ki<\/strong>, <strong class=\"typography-bold\">Arsi Ruuskanen <\/strong>sek\u00e4 <strong class=\"typography-bold\">Veeti Pyykk\u00f6<\/strong>.<\/p>\n<p>Lue my\u00f6s: <a class=\"underline\" data-testid=\"internal-link\" role=\"link\" data-sentry-element=\"Link\" data-sentry-component=\"InternalLink\" data-sentry-source-file=\"InternalLink.tsx\" href=\"https:\/\/www.mtvuutiset.fi\/artikkeli\/kylmaava-ennuste-rukan-loppuhuipennukseen-krista-parmakoski-kypara-paahan\/9263212\" rel=\"nofollow noopener\" target=\"_blank\">Kylm\u00e4\u00e4v\u00e4 ennuste Rukan loppuhuipennukseen \u2013 Krista P\u00e4rm\u00e4koski: &#8221;Kyp\u00e4r\u00e4 p\u00e4\u00e4h\u00e4n&#8221;<\/a><\/p>\n","protected":false},"excerpt":{"rendered":"Iivo Niskanen ei osallistunut maastohiihdon maailmancupin 20 kilometrin vapaan hiihtotavan yhteisl\u00e4ht\u00f6kilpailuun Rukalla. Niskasen poisj\u00e4\u00e4nnist\u00e4 kerrottiin Rukalla hetki ennen&hellip;\n","protected":false},"author":2,"featured_media":103839,"comment_status":"","ping_status":"","sticky":false,"template":"","format":"standard","meta":{"footnotes":""},"categories":[5],"tags":[22,23,26,27,33,31,30,17,24,25,28,29,15,18,21,32,19,20,16],"class_list":{"0":"post-103838","1":"post","2":"type-post","3":"status-publish","4":"format-standard","5":"has-post-thumbnail","7":"category-otsikot","8":"tag-breaking-news","9":"tag-breakingnews","10":"tag-featured-news","11":"tag-featurednews","12":"tag-fi","13":"tag-finland","14":"tag-finnish","15":"tag-headlines","16":"tag-latest-news","17":"tag-latestnews","18":"tag-main-news","19":"tag-mainnews","20":"tag-news","21":"tag-otsikot","22":"tag-paauutiset","23":"tag-suomi","24":"tag-top-stories","25":"tag-topstories","26":"tag-uutiset"},"share_on_mastodon":{"url":"https:\/\/pubeurope.com\/@fi\/115637956331245265","error":""},"_links":{"self":[{"href":"https:\/\/www.europesays.com\/fi\/wp-json\/wp\/v2\/posts\/103838","targetHints":{"allow":["GET"]}}],"collection":[{"href":"https:\/\/www.europesays.com\/fi\/wp-json\/wp\/v2\/posts"}],"about":[{"href":"https:\/\/www.europesays.com\/fi\/wp-json\/wp\/v2\/types\/post"}],"author":[{"embeddable":true,"href":"https:\/\/www.europesays.com\/fi\/wp-json\/wp\/v2\/users\/2"}],"replies":[{"embeddable":true,"href":"https:\/\/www.europesays.com\/fi\/wp-json\/wp\/v2\/comments?post=103838"}],"version-history":[{"count":0,"href":"https:\/\/www.europesays.com\/fi\/wp-json\/wp\/v2\/posts\/103838\/revisions"}],"wp:featuredmedia":[{"embeddable":true,"href":"https:\/\/www.europesays.com\/fi\/wp-json\/wp\/v2\/media\/103839"}],"wp:attachment":[{"href":"https:\/\/www.europesays.com\/fi\/wp-json\/wp\/v2\/media?parent=103838"}],"wp:term":[{"taxonomy":"category","embeddable":true,"href":"https:\/\/www.europesays.com\/fi\/wp-json\/wp\/v2\/categories?post=103838"},{"taxonomy":"post_tag","embeddable":true,"href":"https:\/\/www.europesays.com\/fi\/wp-json\/wp\/v2\/tags?post=103838"}],"curies":[{"name":"wp","href":"https:\/\/api.w.org\/{rel}","templated":true}]}}