{"id":103842,"date":"2025-11-30T09:50:10","date_gmt":"2025-11-30T09:50:10","guid":{"rendered":"https:\/\/www.europesays.com\/fi\/103842\/"},"modified":"2025-11-30T09:50:10","modified_gmt":"2025-11-30T09:50:10","slug":"iivo-niskanen-tassa-syy-poisjaannille","status":"publish","type":"post","link":"https:\/\/www.europesays.com\/fi\/103842\/","title":{"rendered":"Iivo Niskanen: t\u00e4ss\u00e4 syy poisj\u00e4\u00e4nnille"},"content":{"rendered":"<p>Iivo Niskanen vet\u00e4ytyi viime hetkell\u00e4 Rukan kilpailusta. Nyt h\u00e4n kertoo syyn ratkaisulle.<\/p>\n<p>Olympiavalinnat puhuttavat Rukalla.<\/p>\n<p class=\"article-body mb-nof-24 px-nof-16\">Kuusamo<\/p>\n<p class=\"article-body mb-nof-24 px-nof-16\">Olympiavoittaja<a class=\"article-personlink\" href=\"https:\/\/www.is.fi\/haku\/?query=%20Iivo%20Niskanen\" rel=\"nofollow noopener\" target=\"_blank\"> Iivo Niskanen<\/a> vet\u00e4ytyi viime hetkell\u00e4 sunnuntain 20 kilometrin (v) yhteisl\u00e4ht\u00f6kilpailusta Rukalla.<\/p>\n<p class=\"article-body mb-nof-24 px-nof-16\">Niskanen oli ilmoittautunut kilpailuun, ja h\u00e4n oli mukana l\u00e4ht\u00f6listalla viel\u00e4 pyh\u00e4aamuna.<\/p>\n<p class=\"article-body mb-nof-24 px-nof-16\">Niskanen teki vet\u00e4ytymisp\u00e4\u00e4t\u00f6ksen juuri ennen kisaa.<\/p>\n<p class=\"article-body mb-nof-24 px-nof-16\">\u2013 Ei ole homma ihan balanssissa, en osaa sanoa enemp\u00e4\u00e4 viel\u00e4, h\u00e4n kommentoi IS:lle.<\/p>\n<p class=\"article-body mb-nof-24 px-nof-16\">\u2013 K\u00e4vin kyll\u00e4 verryttelem\u00e4ss\u00e4, mutta ei tuntunut h\u00e4\u00e4vilt\u00e4. Pit\u00e4\u00e4 seurailla tilannetta, Niskanen jatkoi.<\/p>\n<p><img decoding=\"async\" src=\"https:\/\/www.europesays.com\/fi\/wp-content\/uploads\/2025\/11\/1764496210_372_468.jpg\" alt=\"Iivo Niskanen kuvattuna perjantaina.\" class=\"_Img_1rerz_1\" style=\"aspect-ratio:1.5\" loading=\"eager\"\/><\/p>\n<p class=\"article-picture-caption\">Iivo Niskanen kuvattuna perjantaina. Kuva:\u00a0Antti H\u00e4m\u00e4l\u00e4inen\/IS<\/p>\n<p class=\"article-body mb-nof-24 px-nof-16\">Niskanen sijoittui viidenneksi perinteisen 10 kilometrin kilpailussa perjantaina. Pito-ongelmista k\u00e4rsinyt suomalainen h\u00e4visi voittaja <a class=\"article-personlink\" href=\"https:\/\/www.is.fi\/haku\/?query=Martin%20L%C3%B6wstr%C3%B6m%20Nyengetille\" rel=\"nofollow noopener\" target=\"_blank\">Martin L\u00f6wstr\u00f6m Nyengetille <\/a>12 sekuntia.<\/p>\n<p class=\"article-body mb-nof-24 px-nof-16\">Niskanen vakuutti perjantaina, ett\u00e4 h\u00e4nen kuntonsa on kohdillaan.<\/p>\n<p class=\"article-body mb-nof-24 px-nof-16\">\u2013 Kunto on aika sama kuin vuosi sitten. Ei se silloinkaan ollut ihan parhaimmillaan niin kuin ei kenell\u00e4k\u00e4\u00e4n.<\/p>\n<p class=\"article-body mb-nof-24 px-nof-16\">Viime viikonloppuna Rukan Suomen Cupissa Niskanen sijoittui kahdeksanneksi 20 kilometrin vapaan yhteisl\u00e4hd\u00f6ss\u00e4.<\/p>\n<p class=\"article-body mb-nof-24 px-nof-16\">Maailmancup jatkuu ensi viikonloppuna Norjan Trondheimissa. Perjantaina ohjelmassa on perinteisen sprintti, lauantaina 20 kilometrin yhdistelm\u00e4hiihto ja sunnuntaina vapaan 10 kilometrin v\u00e4liaikal\u00e4ht\u00f6.<\/p>\n","protected":false},"excerpt":{"rendered":"Iivo Niskanen vet\u00e4ytyi viime hetkell\u00e4 Rukan kilpailusta. Nyt h\u00e4n kertoo syyn ratkaisulle. Olympiavalinnat puhuttavat Rukalla. Kuusamo Olympiavoittaja Iivo&hellip;\n","protected":false},"author":2,"featured_media":103843,"comment_status":"","ping_status":"","sticky":false,"template":"","format":"standard","meta":{"footnotes":""},"categories":[158],"tags":[33,31,30,34,159,32,160],"class_list":{"0":"post-103842","1":"post","2":"type-post","3":"status-publish","4":"format-standard","5":"has-post-thumbnail","7":"category-urheilu","8":"tag-fi","9":"tag-finland","10":"tag-finnish","11":"tag-ilta-sanomat","12":"tag-sports","13":"tag-suomi","14":"tag-urheilu"},"share_on_mastodon":{"url":"https:\/\/pubeurope.com\/@fi\/115638031144736488","error":""},"_links":{"self":[{"href":"https:\/\/www.europesays.com\/fi\/wp-json\/wp\/v2\/posts\/103842","targetHints":{"allow":["GET"]}}],"collection":[{"href":"https:\/\/www.europesays.com\/fi\/wp-json\/wp\/v2\/posts"}],"about":[{"href":"https:\/\/www.europesays.com\/fi\/wp-json\/wp\/v2\/types\/post"}],"author":[{"embeddable":true,"href":"https:\/\/www.europesays.com\/fi\/wp-json\/wp\/v2\/users\/2"}],"replies":[{"embeddable":true,"href":"https:\/\/www.europesays.com\/fi\/wp-json\/wp\/v2\/comments?post=103842"}],"version-history":[{"count":0,"href":"https:\/\/www.europesays.com\/fi\/wp-json\/wp\/v2\/posts\/103842\/revisions"}],"wp:featuredmedia":[{"embeddable":true,"href":"https:\/\/www.europesays.com\/fi\/wp-json\/wp\/v2\/media\/103843"}],"wp:attachment":[{"href":"https:\/\/www.europesays.com\/fi\/wp-json\/wp\/v2\/media?parent=103842"}],"wp:term":[{"taxonomy":"category","embeddable":true,"href":"https:\/\/www.europesays.com\/fi\/wp-json\/wp\/v2\/categories?post=103842"},{"taxonomy":"post_tag","embeddable":true,"href":"https:\/\/www.europesays.com\/fi\/wp-json\/wp\/v2\/tags?post=103842"}],"curies":[{"name":"wp","href":"https:\/\/api.w.org\/{rel}","templated":true}]}}