{"id":103846,"date":"2025-11-30T09:54:19","date_gmt":"2025-11-30T09:54:19","guid":{"rendered":"https:\/\/www.europesays.com\/fi\/103846\/"},"modified":"2025-11-30T09:54:19","modified_gmt":"2025-11-30T09:54:19","slug":"s-bonukset-verolle-nyt-s-ryhma-puolustautuu","status":"publish","type":"post","link":"https:\/\/www.europesays.com\/fi\/103846\/","title":{"rendered":"S-bonukset verolle? Nyt S-ryhm\u00e4 puolustautuu"},"content":{"rendered":"<p>OP-bonusten verottaminen ensi vuoden alusta on her\u00e4tt\u00e4nyt kysymyksi\u00e4 my\u00f6s S-bonusten verottamisesta.<\/p>\n<p><img decoding=\"async\" class=\"image image-show image-preview\" src=\"https:\/\/www.europesays.com\/fi\/wp-content\/uploads\/2025\/11\/d62ecbf326dd5393979dadaaabe196dfca4d85a5ea9e9bb4e53694f9d50ae56f.jpg\" alt=\"\"\/><img decoding=\"async\" class=\"image image-show\" src=\"https:\/\/www.europesays.com\/fi\/wp-content\/uploads\/2025\/11\/1764496459_431_d62ecbf326dd5393979dadaaabe196dfca4d85a5ea9e9bb4e53694f9d50ae56f.jpg\" alt=\"\"\/><\/p>\n<p>Bonukset verolle? SOK:n asiakkuusjohtaja Toni Kopra sanoo, ettei S-bonuksia pit\u00e4isi lainkaan rinnastaa OP-bonuksiin. TIINA SOMERPURO<\/p>\n<p class=\"paragraph\">OP Pohjola maksaa pankkipalveluistaan bonuksia asiakkaiden tileille ensi vuodesta alkaen samoin kuin S-ryhm\u00e4 on jo aiemmin maksanut. OP-bonuksia aletaan ensi vuoden alusta verottaa \u2013 pit\u00e4isik\u00f6 niin tehd\u00e4 my\u00f6s S-ryhm\u00e4n bonuksille?<\/p>\n<p class=\"paragraph\">Kilpailu- ja kuluttajaviraston (KKV) p\u00e4\u00e4johtaja <a href=\"https:\/\/www.iltalehti.fi\/henkilot\/Kirsi Leivo\" class=\"article-link-person-page\" rel=\"nofollow noopener\" target=\"_blank\">Kirsi Leivo<\/a> on todennut <a href=\"https:\/\/www.talouselama.fi\/uutiset\/a\/a0c462e7-202f-4ae0-9962-883f09374fb8\" rel=\"noopener nofollow\" target=\"_blank\">Talousel\u00e4m\u00e4n haastattelussa<\/a>, ett\u00e4 my\u00f6s S-bonukset johtavat asioinnin keskitt\u00e4miseen.<\/p>\n<p class=\"paragraph\">\u2013 S-ryhm\u00e4n bonuksilla on vaikutusta kilpailuun my\u00f6s muilla markkinoilla: moni keskitt\u00e4\u00e4 ostoksensa bonusten vuoksi. T\u00e4m\u00e4 her\u00e4tt\u00e4\u00e4 kysymyksi\u00e4 siit\u00e4, miten se vaikuttaa pienten yritysten toimintamahdollisuuksiin\u201d, Leivo sanoo.<\/p>\n<p class=\"paragraph\"><strong>Lue my\u00f6s Talousel\u00e4m\u00e4st\u00e4:<\/strong><\/p>\n<p class=\"paragraph\">S-ryhm\u00e4 itse n\u00e4kee bonuksensa finanssialan bonuksista selv\u00e4sti eroavina alennuksina. SOK:n vt. asiakkuusjohtaja <strong>Toni Kopra<\/strong> huomauttaa, ett\u00e4 S-ryhm\u00e4n bonukset eiv\u00e4t kerry OP:n bonusten tavoin pankkipalveluista vaan ne ovat j\u00e4lkik\u00e4teen annettuja alennuksia ostoksista.<\/p>\n<p class=\"paragraph\">\u2013 S-ryhm\u00e4n bonus kertyy eri logiikalla kuin finanssialan bonukset, eik\u00e4 niit\u00e4 pid\u00e4 rinnastaa toisiinsa, Kopra sanoo.<\/p>\n<p class=\"paragraph\">KKV on selvitt\u00e4nyt SOK:n kanta-asiakasj\u00e4rjestelm\u00e4\u00e4 vajaat kymmenen vuotta sitten ja todennut, ett\u00e4 tuolloin alennusj\u00e4rjestelm\u00e4ll\u00e4 ei ollut merkitt\u00e4vi\u00e4 markkinoiden sulkemiseen johtavia vaikutuksia Suomen p\u00e4ivitt\u00e4istavarakaupan markkinoilla. Tuolloin KKV tuli tulokseen, ett\u00e4 kanta-asiakasj\u00e4rjestelm\u00e4ll\u00e4 ei ollut merkitt\u00e4vi\u00e4 vaikutuksia kuluttajien ostok\u00e4ytt\u00e4ytymiseen.<\/p>\n<p class=\"paragraph\">OP:n bonusten osalta KKV puolestaan on todennut, ett\u00e4 ne v\u00e4\u00e4rist\u00e4v\u00e4t vakuutusyhti\u00f6iden v\u00e4list\u00e4 kilpailua, ja kehottanut jo vuonna 2021 panemaan bonukset verolle.<\/p>\n<p class=\"paragraph\">Mit\u00e4 S-ryhm\u00e4ss\u00e4 ajatellaan Leivon tuoreimmasta kommentista ja S-bonusten keskitt\u00e4miseen liittyvist\u00e4 vaikutuksista?<\/p>\n<p class=\"paragraph\">\u2013 Toimintamme ei pohjaa kanta-asiakasj\u00e4rjestelm\u00e4\u00e4n vaan siihen, ett\u00e4 S-ryhm\u00e4ss\u00e4 voi ja kannattaa kanta-asioida. Suuremmat ostom\u00e4\u00e4r\u00e4t ja ennustettavuus aikaansaavat volyymietuja ja kustannuss\u00e4\u00e4st\u00f6j\u00e4, jotka puolestaan alentavat yksikk\u00f6kustannuksia. N\u00e4m\u00e4 kustannuss\u00e4\u00e4st\u00f6t mahdollistavat S-ryhm\u00e4n pysyv\u00e4sti edulliset hinnat, joista hy\u00f6tyv\u00e4t kaikki S-ryhm\u00e4st\u00e4 ostavat asiakkaat, bonuskertym\u00e4st\u00e4 riippumatta, Kopra puolustaa.<\/p>\n<p class=\"paragraph\">\u2013 Bonus on tapa palauttaa kustannuss\u00e4\u00e4st\u00f6j\u00e4 niille, jotka ovat ne omalla ostok\u00e4ytt\u00e4ytymisell\u00e4\u00e4n aikaansaaneet.<\/p>\n<p class=\"paragraph\"><a href=\"https:\/\/talouselama.fi\/\" rel=\"noopener nofollow\" target=\"_blank\"><strong>Juttu on julkaistu alun perin Talousel\u00e4m\u00e4ss\u00e4.<\/strong><\/a><\/p>\n","protected":false},"excerpt":{"rendered":"OP-bonusten verottaminen ensi vuoden alusta on her\u00e4tt\u00e4nyt kysymyksi\u00e4 my\u00f6s S-bonusten verottamisesta. Bonukset verolle? SOK:n asiakkuusjohtaja Toni Kopra sanoo,&hellip;\n","protected":false},"author":2,"featured_media":103847,"comment_status":"","ping_status":"","sticky":false,"template":"","format":"standard","meta":{"footnotes":""},"categories":[76],"tags":[79,77,33,31,30,4340,2870,827,898,32,78,3038],"class_list":{"0":"post-103846","1":"post","2":"type-post","3":"status-publish","4":"format-standard","5":"has-post-thumbnail","7":"category-talous","8":"tag-business","9":"tag-economy","10":"tag-fi","11":"tag-finland","12":"tag-finnish","13":"tag-hinnoittelu","14":"tag-kaupankaynti","15":"tag-kuluttaja-asiat","16":"tag-kulutustavarat","17":"tag-suomi","18":"tag-talous","19":"tag-vahittaiskauppa-erikoistumattomissa-myymaloissa"},"share_on_mastodon":{"url":"https:\/\/pubeurope.com\/@fi\/115638047292386361","error":""},"_links":{"self":[{"href":"https:\/\/www.europesays.com\/fi\/wp-json\/wp\/v2\/posts\/103846","targetHints":{"allow":["GET"]}}],"collection":[{"href":"https:\/\/www.europesays.com\/fi\/wp-json\/wp\/v2\/posts"}],"about":[{"href":"https:\/\/www.europesays.com\/fi\/wp-json\/wp\/v2\/types\/post"}],"author":[{"embeddable":true,"href":"https:\/\/www.europesays.com\/fi\/wp-json\/wp\/v2\/users\/2"}],"replies":[{"embeddable":true,"href":"https:\/\/www.europesays.com\/fi\/wp-json\/wp\/v2\/comments?post=103846"}],"version-history":[{"count":0,"href":"https:\/\/www.europesays.com\/fi\/wp-json\/wp\/v2\/posts\/103846\/revisions"}],"wp:featuredmedia":[{"embeddable":true,"href":"https:\/\/www.europesays.com\/fi\/wp-json\/wp\/v2\/media\/103847"}],"wp:attachment":[{"href":"https:\/\/www.europesays.com\/fi\/wp-json\/wp\/v2\/media?parent=103846"}],"wp:term":[{"taxonomy":"category","embeddable":true,"href":"https:\/\/www.europesays.com\/fi\/wp-json\/wp\/v2\/categories?post=103846"},{"taxonomy":"post_tag","embeddable":true,"href":"https:\/\/www.europesays.com\/fi\/wp-json\/wp\/v2\/tags?post=103846"}],"curies":[{"name":"wp","href":"https:\/\/api.w.org\/{rel}","templated":true}]}}