{"id":103848,"date":"2025-11-30T09:55:08","date_gmt":"2025-11-30T09:55:08","guid":{"rendered":"https:\/\/www.europesays.com\/fi\/103848\/"},"modified":"2025-11-30T09:55:08","modified_gmt":"2025-11-30T09:55:08","slug":"kaliforniassa-ainakin-nelja-kuollut-ja-10-haavoittunut-ampumisessa-perhejuhlassa-uutissuomalainen","status":"publish","type":"post","link":"https:\/\/www.europesays.com\/fi\/103848\/","title":{"rendered":"Kaliforniassa ainakin nelj\u00e4 kuollut ja 10 haavoittunut ampumisessa perhejuhlassa | Uutissuomalainen"},"content":{"rendered":"<p>Yhdysvaltain Kaliforniassa ainakin nelj\u00e4 ihmist\u00e4 on kuollut ja kymmenen haavoittunut ampumisessa Stocktonin kaupungissa. Ampuminen tapahtui juhlasalissa, jossa oli k\u00e4ynniss\u00e4 perhejuhla.<\/p>\n<p>Stocktonin varakaupunginjohtaja Jason Leen <a href=\"https:\/\/www.facebook.com\/iamjasonlee\/posts\/pfbid02vA24y7J6venC1Yr2PMBuBMjLrNSj1AgDRC5bwGZo57vQZX3TNTt8gwrTumcwweqsl\" rel=\"nofollow noopener\" target=\"_blank\">mukaan<\/a> ampumisen aikaan juhlasalissa oli k\u00e4ynniss\u00e4 lapsen syntym\u00e4p\u00e4iv\u00e4juhla.<\/p>\n<p>Asiasta kertovat muun muassa <a href=\"https:\/\/abcnews.go.com\/US\/4-dead-10-wounded-after-shooting-california-banquet\/story?id=127972958\" rel=\"nofollow noopener\" target=\"_blank\">ABC News<\/a>, <a href=\"https:\/\/www.nbcnews.com\/news\/us-news\/killed-hurt-shooting-family-celebration-california-banquet-hall-rcna246510\" rel=\"nofollow noopener\" target=\"_blank\">NBC News<\/a> ja <a href=\"https:\/\/www.washingtonpost.com\/national\/2025\/11\/29\/stockton-california-shooting\/c948adb6-cd9c-11f0-ac2a-e98510180900_story.html\" rel=\"nofollow noopener\" target=\"_blank\">Washington Post<\/a>.<\/p>\n<p>Sheriffin edustaja Heather Brentin mukaan uhrien joukossa on sek\u00e4 lapsia ett\u00e4 aikuisia. Brentin mukaan alustavat tiedot viittaavat siihen, ett\u00e4 kyseess\u00e4 oli kohdennettu isku.<\/p>\n<p>\u2013\u2009Tutkijat ty\u00f6skentelev\u00e4t aktiivisesti selvitt\u00e4\u00e4kseen olosuhteet, jotka johtivat t\u00e4h\u00e4n tragediaan, sanoi Brent.<\/p>\n<p>Haavoittuneiden tilasta ei ole annettu tarkempia tietoja, mutta sheriffinviraston mukaan useita ihmisi\u00e4 on sairaalahoidossa.<\/p>\n<p>\t\t\t\tMotiivi ei tiedossa<\/p>\n<p>Viranomaisilla ei toistaiseksi ole tiedossa ep\u00e4ilty\u00e4, eik\u00e4 ket\u00e4\u00e4n ole otettu kiinni. Paikallista aikaa lauantaina hieman ennen iltakuutta tehdyn ampumisen motiivi ei ole my\u00f6sk\u00e4\u00e4n tiedossa.<\/p>\n<p>Noin 320\u2009000 asukkaan Stockton sijaitsee noin 100 kilometri\u00e4 it\u00e4\u00e4n San Franciscosta. Ampuminen tehtiin alueella, jossa on muun muassa lasten teatteri ja muita lapsiperheille sopivia aktiviteetteja.<\/p>\n<p>Kalifornian kuvern\u00f6\u00f6rin Gavin Newsomin kanslia kertoo <a href=\"https:\/\/x.com\/GovPressOffice\/status\/1994984519951421771\" rel=\"nofollow\">viestipalvelu X:ss\u00e4<\/a>, ett\u00e4 Newsomia on informoitu ampumisesta.<\/p>\n<p>Stocktonin joukkoampuminen oli jo 504:s joukkoampuminen Yhdysvalloissa t\u00e4m\u00e4n vuoden aikana. Gun Violence Archive -j\u00e4rjest\u00f6n yll\u00e4pit\u00e4m\u00e4n tilaston mukaan joukkoampumisiksi lasketaan ampumiset, joissa on ammuttu v\u00e4hint\u00e4\u00e4n nelj\u00e4\u00e4 ihmist\u00e4.<\/p>\n<p>&#8212;-<\/p>\n<p>L\u00e4hteen\u00e4 my\u00f6s uutistoimisto AFP.<\/p>\n","protected":false},"excerpt":{"rendered":"Yhdysvaltain Kaliforniassa ainakin nelj\u00e4 ihmist\u00e4 on kuollut ja kymmenen haavoittunut ampumisessa Stocktonin kaupungissa. Ampuminen tapahtui juhlasalissa, jossa oli&hellip;\n","protected":false},"author":2,"featured_media":84357,"comment_status":"","ping_status":"","sticky":false,"template":"","format":"standard","meta":{"footnotes":""},"categories":[14],"tags":[722,22,23,26,27,33,31,30,17,2455,683,24,25,28,29,15,18,21,52,103,32,679,19,20,56,16,37,59,60,61],"class_list":{"0":"post-103848","1":"post","2":"type-post","3":"status-publish","4":"format-standard","5":"has-post-thumbnail","7":"category-ulkomaat","8":"tag-amerikka","9":"tag-breaking-news","10":"tag-breakingnews","11":"tag-featured-news","12":"tag-featurednews","13":"tag-fi","14":"tag-finland","15":"tag-finnish","16":"tag-headlines","17":"tag-hengenvaara-ja-loukkaantuminen","18":"tag-kuolema","19":"tag-latest-news","20":"tag-latestnews","21":"tag-main-news","22":"tag-mainnews","23":"tag-news","24":"tag-otsikot","25":"tag-paauutiset","26":"tag-poliisi","27":"tag-sosiaalikysymykset","28":"tag-suomi","29":"tag-terveydenhuollon-toimintalaitokset","30":"tag-top-stories","31":"tag-topstories","32":"tag-ulkomaat","33":"tag-uutiset","34":"tag-vakivaltarikokset","35":"tag-world","36":"tag-world-news","37":"tag-worldnews"},"share_on_mastodon":{"url":"https:\/\/pubeurope.com\/@fi\/115638050743351151","error":""},"_links":{"self":[{"href":"https:\/\/www.europesays.com\/fi\/wp-json\/wp\/v2\/posts\/103848","targetHints":{"allow":["GET"]}}],"collection":[{"href":"https:\/\/www.europesays.com\/fi\/wp-json\/wp\/v2\/posts"}],"about":[{"href":"https:\/\/www.europesays.com\/fi\/wp-json\/wp\/v2\/types\/post"}],"author":[{"embeddable":true,"href":"https:\/\/www.europesays.com\/fi\/wp-json\/wp\/v2\/users\/2"}],"replies":[{"embeddable":true,"href":"https:\/\/www.europesays.com\/fi\/wp-json\/wp\/v2\/comments?post=103848"}],"version-history":[{"count":0,"href":"https:\/\/www.europesays.com\/fi\/wp-json\/wp\/v2\/posts\/103848\/revisions"}],"wp:featuredmedia":[{"embeddable":true,"href":"https:\/\/www.europesays.com\/fi\/wp-json\/wp\/v2\/media\/84357"}],"wp:attachment":[{"href":"https:\/\/www.europesays.com\/fi\/wp-json\/wp\/v2\/media?parent=103848"}],"wp:term":[{"taxonomy":"category","embeddable":true,"href":"https:\/\/www.europesays.com\/fi\/wp-json\/wp\/v2\/categories?post=103848"},{"taxonomy":"post_tag","embeddable":true,"href":"https:\/\/www.europesays.com\/fi\/wp-json\/wp\/v2\/tags?post=103848"}],"curies":[{"name":"wp","href":"https:\/\/api.w.org\/{rel}","templated":true}]}}