{"id":103849,"date":"2025-11-30T09:56:08","date_gmt":"2025-11-30T09:56:08","guid":{"rendered":"https:\/\/www.europesays.com\/fi\/103849\/"},"modified":"2025-11-30T09:56:08","modified_gmt":"2025-11-30T09:56:08","slug":"finnairin-lento-teki-tayskaannoksen-juuri-ennen-maaranpaata-tassa-syy","status":"publish","type":"post","link":"https:\/\/www.europesays.com\/fi\/103849\/","title":{"rendered":"Finnairin lento teki t\u00e4ysk\u00e4\u00e4nn\u00f6ksen juuri ennen m\u00e4\u00e4r\u00e4np\u00e4\u00e4t\u00e4 \u2013 T\u00e4ss\u00e4 syy"},"content":{"rendered":"<p>Ivalon s\u00e4\u00e4olosuhteet eiv\u00e4t mahdollistaneet lennon laskeutumista.<\/p>\n<p><img decoding=\"async\" class=\"image image-show image-preview\" src=\"https:\/\/www.europesays.com\/fi\/wp-content\/uploads\/2025\/11\/645ec8d61f8bf5a7e610c55830ef747ddfc66fe0b94acd4fd6ea9bf11dfcba71.jpg\" alt=\"\"\/><img decoding=\"async\" class=\"image image-show\" src=\"https:\/\/www.europesays.com\/fi\/wp-content\/uploads\/2025\/11\/1764496568_183_645ec8d61f8bf5a7e610c55830ef747ddfc66fe0b94acd4fd6ea9bf11dfcba71.jpg\" alt=\"\"\/><\/p>\n<p>Finnairin asiakkaat yritet\u00e4\u00e4n saada Helsingist\u00e4 Ivaloon viel\u00e4 t\u00e4n\u00e4\u00e4n. Kuvituskuva. TIINA SOMERPURO<\/p>\n<p class=\"paragraph\">Finnairin aamuinen lento Helsingist\u00e4 Ivaloon joutui k\u00e4\u00e4ntym\u00e4\u00e4n takaisin Helsinkiin vain hetki ennen laskeutumista.<\/p>\n<p class=\"paragraph\">Sunnuntaiaamuna kello 6.45 aikaan Ivaloon l\u00e4htenyt lento AY601 laskeutui Helsinki-Vantaan lentoasemalle kello 9.45.<\/p>\n<p class=\"paragraph\">Finnairin viestint\u00e4johtaja <strong>P\u00e4ivyt Tallqvist<\/strong> kertoo, ett\u00e4 lento ei voinut laskeutua Ivaloon s\u00e4\u00e4olosuhteiden takia.<\/p>\n<p class=\"paragraph\">Ivalossa oli sivutuulta, ja lentokent\u00e4n kiitotien pinta oli sen verran liukas, ett\u00e4 laskeutuminen ei ollut mahdollista.<\/p>\n<p class=\"paragraph\">Asiakkaat yritet\u00e4\u00e4n saada Tallqvistin mukaan Helsingist\u00e4 Ivaloon viel\u00e4 t\u00e4n\u00e4\u00e4n.<\/p>\n<p class=\"paragraph\">\u2013 Meill\u00e4 on useampia lentoja Ivaloon, niin toivottavasti siell\u00e4 s\u00e4\u00e4tila on sitten sellainen, ett\u00e4 laskeutuminen on mahdollista. N\u00e4iss\u00e4kin asioissa menn\u00e4\u00e4n aina turvallisuus edell\u00e4, Tallqivst kertoo.<\/p>\n","protected":false},"excerpt":{"rendered":"Ivalon s\u00e4\u00e4olosuhteet eiv\u00e4t mahdollistaneet lennon laskeutumista. Finnairin asiakkaat yritet\u00e4\u00e4n saada Helsingist\u00e4 Ivaloon viel\u00e4 t\u00e4n\u00e4\u00e4n. Kuvituskuva. TIINA SOMERPURO Finnairin&hellip;\n","protected":false},"author":2,"featured_media":103850,"comment_status":"","ping_status":"","sticky":false,"template":"","format":"standard","meta":{"footnotes":""},"categories":[12],"tags":[35,22,23,2110,26,27,33,31,30,17,24,25,2910,121,28,29,923,15,18,21,32,822,19,20,16],"class_list":{"0":"post-103849","1":"post","2":"type-post","3":"status-publish","4":"format-standard","5":"has-post-thumbnail","7":"category-suomi","8":"tag-24h","9":"tag-breaking-news","10":"tag-breakingnews","11":"tag-elamantapa-ja-vapaa-aika","12":"tag-featured-news","13":"tag-featurednews","14":"tag-fi","15":"tag-finland","16":"tag-finnish","17":"tag-headlines","18":"tag-latest-news","19":"tag-latestnews","20":"tag-lentoliikenne-ilmaliikenne","21":"tag-liikenne-ja-kuljetus","22":"tag-main-news","23":"tag-mainnews","24":"tag-matkustaminen","25":"tag-news","26":"tag-otsikot","27":"tag-paauutiset","28":"tag-suomi","29":"tag-teollisuustuotteet-ja-palvelut-sektori","30":"tag-top-stories","31":"tag-topstories","32":"tag-uutiset"},"share_on_mastodon":{"url":"https:\/\/pubeurope.com\/@fi\/115638054830223044","error":""},"_links":{"self":[{"href":"https:\/\/www.europesays.com\/fi\/wp-json\/wp\/v2\/posts\/103849","targetHints":{"allow":["GET"]}}],"collection":[{"href":"https:\/\/www.europesays.com\/fi\/wp-json\/wp\/v2\/posts"}],"about":[{"href":"https:\/\/www.europesays.com\/fi\/wp-json\/wp\/v2\/types\/post"}],"author":[{"embeddable":true,"href":"https:\/\/www.europesays.com\/fi\/wp-json\/wp\/v2\/users\/2"}],"replies":[{"embeddable":true,"href":"https:\/\/www.europesays.com\/fi\/wp-json\/wp\/v2\/comments?post=103849"}],"version-history":[{"count":0,"href":"https:\/\/www.europesays.com\/fi\/wp-json\/wp\/v2\/posts\/103849\/revisions"}],"wp:featuredmedia":[{"embeddable":true,"href":"https:\/\/www.europesays.com\/fi\/wp-json\/wp\/v2\/media\/103850"}],"wp:attachment":[{"href":"https:\/\/www.europesays.com\/fi\/wp-json\/wp\/v2\/media?parent=103849"}],"wp:term":[{"taxonomy":"category","embeddable":true,"href":"https:\/\/www.europesays.com\/fi\/wp-json\/wp\/v2\/categories?post=103849"},{"taxonomy":"post_tag","embeddable":true,"href":"https:\/\/www.europesays.com\/fi\/wp-json\/wp\/v2\/tags?post=103849"}],"curies":[{"name":"wp","href":"https:\/\/api.w.org\/{rel}","templated":true}]}}