{"id":103861,"date":"2025-11-30T10:20:22","date_gmt":"2025-11-30T10:20:22","guid":{"rendered":"https:\/\/www.europesays.com\/fi\/103861\/"},"modified":"2025-11-30T10:20:22","modified_gmt":"2025-11-30T10:20:22","slug":"n-korot-oikealla-tasolla-inflaatio-hallinnassa","status":"publish","type":"post","link":"https:\/\/www.europesays.com\/fi\/103861\/","title":{"rendered":"n korot oikealla tasolla \u2013 inflaatio hallinnassa"},"content":{"rendered":"<p>Ne korot, joista p\u00e4\u00e4timme viime kokouksissa, ovat mielest\u00e4ni oikein asetettuja,\u201d Lagarde sanoi slovakialaiselle JOJ24-televisiokanavalle perjantaina l\u00e4hetetyiss\u00e4 kommenteissa. \u201dToistan jatkuvasti, ett\u00e4 olemme hyv\u00e4ss\u00e4 tilanteessa ottaen huomioon inflaatiokehityksen, jonka olemme saaneet hallintaan.\u201d<\/p>\n<p>Puhuessaan inflaation\u00e4kym\u00e4n riskeist\u00e4 h\u00e4n totesi, ett\u00e4 riskien kirjo on kaventunut, mutta ett\u00e4 hintapaineet voivat j\u00e4lleen voimistua, jos Yhdysvallat nostaa tullimaksuja tai toimitusketjut h\u00e4iriintyv\u00e4t.<\/p>\n<p>EKP:n tyytyv\u00e4isyys viimeaikaiseen kehitykseen k\u00e4y ilmi Lagarden kommenteista. Kuluttajahintojen nousu on l\u00e4hell\u00e4 kahden prosentin tavoitetta, ja talous on selvinnyt Yhdysvaltojen tullien vaikutuksista odotettua paremmin. Useimmat p\u00e4\u00e4tt\u00e4j\u00e4t ovat viestineet, etteiv\u00e4t he n\u00e4e tarvetta muuttaa korkotasoa joulukuun kokouksessa.<\/p>\n<p>Euroalueen inflaatio oli lokakuussa 2,1 prosenttia, kun se vuotta aiemmin oli 2,0 prosenttia.\u00a0Matalinta inflaatio oli euroalueen maista Kyproksella (0,2 %), Ranskassa (0,8 %) ja Italiassa (1,3 %). Korkeimmat luvut mitattiin Virossa (4,5 %), Latviassa (4,3 %) ja It\u00e4vallassa (4,0 %). Suomen inflaatio oli lokakuussa euroalueen yhdistetyn kuluttajahintaindeksin mukaan 1,4 prosenttia.<\/p>\n<p>Uudet nelj\u00e4nnesvuosiennusteet voivat silti her\u00e4tt\u00e4\u00e4 keskustelua, jos ne osoittavat inflaation j\u00e4\u00e4v\u00e4n alle tavoitteen. Lokakuun kokouksen p\u00f6yt\u00e4kirjoissa osa p\u00e4\u00e4tt\u00e4jist\u00e4 ilmaisi huolensa t\u00e4llaisesta mahdollisuudesta, vaikka rahapoliittisten toimien katsottiin olevan \u201criitt\u00e4v\u00e4n vahvoja shokkien hallintaan\u201d.<\/p>\n<p>Palveluiden inflaatio on yh\u00e4 korkea<\/p>\n<p>EKP:n varap\u00e4\u00e4johtaja\u00a0<strong>Luis de Guindos<\/strong>\u00a0sanoi t\u00e4ll\u00e4 viikolla n\u00e4kev\u00e4ns\u00e4 vain rajallisen riskin sille, ett\u00e4 hintojen nousu osoittautuisi liian heikoksi. H\u00e4n kutsui nykyist\u00e4 kahden prosentin korkotasoa oikeaksi.<\/p>\n<p>Euroopan keskuspankin p\u00e4\u00e4ekonomisti\u00a0<strong>Philip Lane<\/strong>\u00a0puolestaan korosti, ett\u00e4 palkkojen kasvun hidastuminen auttaa hillitsem\u00e4\u00e4n muita kuin energiakustannuksia, jotka ovat nousseet edelleen toivottua nopeammin. Euroalueen inflaatio ilman energian hintoja oli lokakuussa 2,4 prosenttia vuodessa, ja palveluiden inflaatio per\u00e4ti 3,4 prosenttia.<\/p>\n<p>Talousn\u00e4kymiin siirrytt\u00e4ess\u00e4 Lagarde totesi, ett\u00e4 euroalueen kasvu on ollut ennakoitua vahvempaa, vaikka maailma k\u00e4y l\u00e4pi murrosvaihetta.<\/p>\n<p>\u201cTilanne on ylitt\u00e4nyt odotuksemme,\u201d h\u00e4n sanoi. \u201cVuoden 2025 alussa odotimme 0,9 prosentin kasvua, joka nousee 1,2 prosenttiin syyskuuhun menness\u00e4, enk\u00e4 olisi yll\u00e4ttynyt, jos kasvuvauhti olisi vuoden lopussa viel\u00e4kin korkeampi.\u201d<\/p>\n<p>Saksan viimeaikaisista haasteista ja Ranskan budjettia koskevista poliittisista j\u00e4nnitteist\u00e4 huolimatta Lagarde ilmaisi toiveikkuutensa.<\/p>\n<p>\u201cOlen yksiselitteisesti optimistinen \u2013 se on vain luonteeni,\u201d h\u00e4n sanoi. \u201cMaailmassa, joka k\u00e4y l\u00e4pi muutosta, on toimittava nopeasti, oltava valpas mutta my\u00f6s s\u00e4ilytett\u00e4v\u00e4 optimismi.\u00a0N\u00e4en siis aina lasin puoliksi t\u00e4ynn\u00e4, en puoliksi tyhj\u00e4n\u00e4.\u201d<\/p>\n<p>M\u00fcller ei kiirehtisi koronlaskuja<\/p>\n<p>Euroopan keskuspankin ei pit\u00e4isi kiirehti\u00e4 laskemaan korkoja enemp\u00e4\u00e4, vaikka inflaatio painuisi hieman tavoitteen alapuolelle, kertoo virolainen EKP:n neuvoston j\u00e4sen\u00a0<strong>Madis M\u00fcller<\/strong>.<\/p>\n<p>\u201cVaikka lyhyell\u00e4 aikav\u00e4lill\u00e4 voi k\u00e4yd\u00e4 niin, ett\u00e4 olemme alle kahden prosentin, mielest\u00e4ni olemme silti kokonaisuutena riitt\u00e4v\u00e4n l\u00e4hell\u00e4 tavoitetta,\u201d M\u00fcller sanoi keskiviikkona Tallinnassa antamassaan haastattelussa.<\/p>\n<p><a href=\"https:\/\/www.salkunrakentaja.fi\/2025\/11\/ekp-varoittaa-tekoalyosakkeiden-arvostustasoista\/\" target=\"_blank\" rel=\"noreferrer noopener nofollow\">EKP:n<\/a> odotetaan pit\u00e4v\u00e4n korot ennallaan vuoden viimeisess\u00e4 rahapolitiikkakokouksessaan joulukuussa, sill\u00e4 p\u00e4\u00e4tt\u00e4j\u00e4t ovat yleisesti tyytyv\u00e4isi\u00e4 inflaation kehitykseen ja hieman aiempaa optimistisempia talousn\u00e4kymist\u00e4.<\/p>\n<p>Uudet nelj\u00e4nnesvuosiennusteet voivat kuitenkin viitata siihen, ett\u00e4 kuluttajahintojen nousu hidastuu tulevina vuosina entisest\u00e4\u00e4n \u2013 osittain Euroopan unionin uuden hiilihinnoitteluj\u00e4rjestelm\u00e4n k\u00e4ytt\u00f6\u00f6noton todenn\u00e4k\u00f6isen viiv\u00e4stymisen vuoksi.<\/p>\n<p>M\u00fcller, joka toimii Viron keskuspankin p\u00e4\u00e4johtajana, sanoi, ett\u00e4 inflaation nousuriskit ovat yh\u00e4 olemassa, kun Euroopan hallitukset suunnittelevat lis\u00e4\u00e4v\u00e4ns\u00e4 investointeja \u2013 erityisesti Saksan massiivisen puolustus- ja infrastruktuuripaketti\u00adpanostuksen vet\u00e4min\u00e4.<\/p>\n<p>\u201cMeid\u00e4n ei pit\u00e4isi antaa t\u00e4m\u00e4n heilauttaa meit\u00e4 liikaa, vaikka olisimmekin lyhyell\u00e4 aikav\u00e4lill\u00e4 hieman alle kahden prosentin,\u201d M\u00fcller sanoi. Euroopan talous on h\u00e4nen mukaansa hyvin todenn\u00e4k\u00f6isesti elpymisuralla, ja nykyiset korot tukevat kasvua kohtuullisesti.<\/p>\n","protected":false},"excerpt":{"rendered":"Ne korot, joista p\u00e4\u00e4timme viime kokouksissa, ovat mielest\u00e4ni oikein asetettuja,\u201d Lagarde sanoi slovakialaiselle JOJ24-televisiokanavalle perjantaina l\u00e4hetetyiss\u00e4 kommenteissa. \u201dToistan&hellip;\n","protected":false},"author":2,"featured_media":103862,"comment_status":"","ping_status":"","sticky":false,"template":"","format":"standard","meta":{"footnotes":""},"categories":[76],"tags":[79,77,5155,7519,33,31,30,3245,19678,32,78],"class_list":{"0":"post-103861","1":"post","2":"type-post","3":"status-publish","4":"format-standard","5":"has-post-thumbnail","7":"category-talous","8":"tag-business","9":"tag-economy","10":"tag-ekp","11":"tag-euroopan-keskuspankki","12":"tag-fi","13":"tag-finland","14":"tag-finnish","15":"tag-inflaatio","16":"tag-korkotaso","17":"tag-suomi","18":"tag-talous"},"share_on_mastodon":{"url":"https:\/\/pubeurope.com\/@fi\/115638149265059680","error":""},"_links":{"self":[{"href":"https:\/\/www.europesays.com\/fi\/wp-json\/wp\/v2\/posts\/103861","targetHints":{"allow":["GET"]}}],"collection":[{"href":"https:\/\/www.europesays.com\/fi\/wp-json\/wp\/v2\/posts"}],"about":[{"href":"https:\/\/www.europesays.com\/fi\/wp-json\/wp\/v2\/types\/post"}],"author":[{"embeddable":true,"href":"https:\/\/www.europesays.com\/fi\/wp-json\/wp\/v2\/users\/2"}],"replies":[{"embeddable":true,"href":"https:\/\/www.europesays.com\/fi\/wp-json\/wp\/v2\/comments?post=103861"}],"version-history":[{"count":0,"href":"https:\/\/www.europesays.com\/fi\/wp-json\/wp\/v2\/posts\/103861\/revisions"}],"wp:featuredmedia":[{"embeddable":true,"href":"https:\/\/www.europesays.com\/fi\/wp-json\/wp\/v2\/media\/103862"}],"wp:attachment":[{"href":"https:\/\/www.europesays.com\/fi\/wp-json\/wp\/v2\/media?parent=103861"}],"wp:term":[{"taxonomy":"category","embeddable":true,"href":"https:\/\/www.europesays.com\/fi\/wp-json\/wp\/v2\/categories?post=103861"},{"taxonomy":"post_tag","embeddable":true,"href":"https:\/\/www.europesays.com\/fi\/wp-json\/wp\/v2\/tags?post=103861"}],"curies":[{"name":"wp","href":"https:\/\/api.w.org\/{rel}","templated":true}]}}