{"id":103865,"date":"2025-11-30T10:22:08","date_gmt":"2025-11-30T10:22:08","guid":{"rendered":"https:\/\/www.europesays.com\/fi\/103865\/"},"modified":"2025-11-30T10:22:08","modified_gmt":"2025-11-30T10:22:08","slug":"kello-08-25-rajan-yli-eteneva-vihollinen-yllatettiin-raatteessa-nain-talvisota-syttyi","status":"publish","type":"post","link":"https:\/\/www.europesays.com\/fi\/103865\/","title":{"rendered":"Kello 08.25 rajan yli etenev\u00e4 vihollinen yll\u00e4tettiin Raatteessa &#8211; N\u00e4in talvisota syttyi"},"content":{"rendered":"<p class=\"ai-optimize-6 ai-optimize-introduction\">Talvisodan syttymisest\u00e4 tulee t\u00e4n\u00e4\u00e4n kuluneeksi 86 vuotta. Kainuun rajavartiosto muistelee viestipalvelu X:n julkaisussaan sodan alkuhetki\u00e4 ja Neuvostoliiton hy\u00f6kk\u00e4yst\u00e4.<\/p>\n<p class=\"ai-optimize-20\">Kainuussa partion onnistui yll\u00e4tt\u00e4\u00e4 neuvostojoukot.<\/p>\n<p class=\"ai-optimize-9\">\u2013 Kainuun rajavartioston Suomussalmen komppanian partio yll\u00e4tti p\u00e4iv\u00e4lleen 86 vuotta sitten klo 8.25 rajan yli etenev\u00e4n vihollisen Raatteessa avaamalla sit\u00e4 kohti tulen, julkaisussa kirjoitetaan.<\/p>\n<p class=\"ai-optimize-21\">Neuvostoliitto hy\u00f6kk\u00e4si Suomeen koko it\u00e4rajan pituudelta varhain marraskuun 30. p\u00e4iv\u00e4n aamuna.<\/p>\n<p class=\"ai-optimize-9\">\u2013 Talvisota oli syttynyt.<\/p>\n<p class=\"ai-optimize-19\">My\u00f6hemmin sodan edetess\u00e4 Raatteessa k\u00e4ytiin yksi talvisodan k\u00e4\u00e4nteentekevist\u00e4 taisteluista tammikuussa 1940.<\/p>\n<p class=\"ai-optimize-7\">Kainuun rajavartioston julkaisun yhteydess\u00e4 on kuva varoitustaulusta vuodelta 1939. Kuva on Raatteen Vartiomuseon kokoelmista.<\/p>\n<p class=\"ai-optimize-8\">\u2013 \u00c4l\u00e4 milloinkaan, vahingossakaan, suuntaa ampuma-asetta muuta ihmist\u00e4 kuin vihollista kohti, varoitustaulussa lukee.<\/p>\n<p class=\"ai-optimize-10\">Talvisota kesti kolme kuukautta ja rauha solmittiin maaliskuussa 1940. Suomen onnistui torjua Neuvostoliiton miehitys, mutta rauhanehdot olivat maalle raskaat.<\/p>\n<p class=\"ai-optimize-10\">Suomi menetti Viipurin, K\u00e4kisalmen ja Sortavalan kaupungit Neuvostoliitolle. Lis\u00e4ksi alueluovutuksiin kuuluivat Karjalan Kannas, Laatokan Karjala, osa Sallan kunnasta sek\u00e4 Kalastajasaarentoa Petsamosta.<\/p>\n<p class=\"ai-optimize-17\">Suomi joutui vuokraamaan Hangon Neuvostoliitolle sotilastukikohdaksi 30 vuodeksi.<\/p>\n<p class=\"ai-optimize-10\">Talvisodassa kuoli noin 27 000 suomalaista ja yli 420 000 suomalaista oli joutunut j\u00e4tt\u00e4m\u00e4\u00e4n kotinsa.<\/p>\n<p>\u00a0<\/p>\n<blockquote class=\"twitter-tweet\" data-media-max-width=\"560\">\n<p dir=\"ltr\" lang=\"fi\">Kainuun rajavartioston Suomussalmen komppanian partio yll\u00e4tti p\u00e4iv\u00e4lleen 86 vuotta sitten klo 8.25 rajan yli etenev\u00e4n vihollisen Raatteessa avaamalla sit\u00e4 kohti tulen. Talvisota oli syttynyt. Kuvan varoitustaulu Raatteen Vartiomuseon kokoelmista. <a href=\"https:\/\/t.co\/4oVS9YtpQT\" rel=\"nofollow\">pic.twitter.com\/4oVS9YtpQT<\/a><\/p>\n<p>\u2014 Kainuun Raja (@KainuunRaja) <a href=\"https:\/\/twitter.com\/KainuunRaja\/status\/1995016191103127603?ref_src=twsrc%5Etfw\" rel=\"nofollow noopener\" target=\"_blank\">November 30, 2025<\/a><\/p>\n<\/blockquote>\n<p>Poimintoja videosis\u00e4ll\u00f6ist\u00e4mme<\/p>\n<p>\t\t\t\t<script async src=\"https:\/\/platform.twitter.com\/widgets.js\" charset=\"utf-8\"><\/script><\/p>\n","protected":false},"excerpt":{"rendered":"Talvisodan syttymisest\u00e4 tulee t\u00e4n\u00e4\u00e4n kuluneeksi 86 vuotta. Kainuun rajavartiosto muistelee viestipalvelu X:n julkaisussaan sodan alkuhetki\u00e4 ja Neuvostoliiton hy\u00f6kk\u00e4yst\u00e4.&hellip;\n","protected":false},"author":2,"featured_media":103866,"comment_status":"","ping_status":"","sticky":false,"template":"","format":"standard","meta":{"footnotes":""},"categories":[12],"tags":[22,23,26,27,33,31,30,17,24,25,28,29,15,18,21,32,19,20,16],"class_list":{"0":"post-103865","1":"post","2":"type-post","3":"status-publish","4":"format-standard","5":"has-post-thumbnail","7":"category-suomi","8":"tag-breaking-news","9":"tag-breakingnews","10":"tag-featured-news","11":"tag-featurednews","12":"tag-fi","13":"tag-finland","14":"tag-finnish","15":"tag-headlines","16":"tag-latest-news","17":"tag-latestnews","18":"tag-main-news","19":"tag-mainnews","20":"tag-news","21":"tag-otsikot","22":"tag-paauutiset","23":"tag-suomi","24":"tag-top-stories","25":"tag-topstories","26":"tag-uutiset"},"share_on_mastodon":{"url":"https:\/\/pubeurope.com\/@fi\/115638157058322676","error":""},"_links":{"self":[{"href":"https:\/\/www.europesays.com\/fi\/wp-json\/wp\/v2\/posts\/103865","targetHints":{"allow":["GET"]}}],"collection":[{"href":"https:\/\/www.europesays.com\/fi\/wp-json\/wp\/v2\/posts"}],"about":[{"href":"https:\/\/www.europesays.com\/fi\/wp-json\/wp\/v2\/types\/post"}],"author":[{"embeddable":true,"href":"https:\/\/www.europesays.com\/fi\/wp-json\/wp\/v2\/users\/2"}],"replies":[{"embeddable":true,"href":"https:\/\/www.europesays.com\/fi\/wp-json\/wp\/v2\/comments?post=103865"}],"version-history":[{"count":0,"href":"https:\/\/www.europesays.com\/fi\/wp-json\/wp\/v2\/posts\/103865\/revisions"}],"wp:featuredmedia":[{"embeddable":true,"href":"https:\/\/www.europesays.com\/fi\/wp-json\/wp\/v2\/media\/103866"}],"wp:attachment":[{"href":"https:\/\/www.europesays.com\/fi\/wp-json\/wp\/v2\/media?parent=103865"}],"wp:term":[{"taxonomy":"category","embeddable":true,"href":"https:\/\/www.europesays.com\/fi\/wp-json\/wp\/v2\/categories?post=103865"},{"taxonomy":"post_tag","embeddable":true,"href":"https:\/\/www.europesays.com\/fi\/wp-json\/wp\/v2\/tags?post=103865"}],"curies":[{"name":"wp","href":"https:\/\/api.w.org\/{rel}","templated":true}]}}