{"id":103901,"date":"2025-11-30T11:15:11","date_gmt":"2025-11-30T11:15:11","guid":{"rendered":"https:\/\/www.europesays.com\/fi\/103901\/"},"modified":"2025-11-30T11:15:11","modified_gmt":"2025-11-30T11:15:11","slug":"aamulento-oli-melkein-ivalossa-mutta-kaantyikin-takaisin-helsinkiin","status":"publish","type":"post","link":"https:\/\/www.europesays.com\/fi\/103901\/","title":{"rendered":"Aamulento oli melkein Ivalossa, mutta k\u00e4\u00e4ntyikin takaisin Helsinkiin"},"content":{"rendered":"<p>Finnair|S\u00e4\u00e4olosuhteet estiv\u00e4t Finnairin koneen laskeutumisen Ivaloon, joten se palasi takaisin Helsinkiin.<\/p>\n<p class=\"article-body mb-nof-24 px-nof-16\">Finnairin sunnuntain aamulento Helsingist\u00e4 Ivaloon oli jo melkein perill\u00e4 m\u00e4\u00e4r\u00e4np\u00e4\u00e4ss\u00e4\u00e4n, mutta laskeutumisen sijaan se teki silmukoita ja palasi takaisin Helsinkiin.<\/p>\n<p class=\"article-body mb-nof-24 px-nof-16\">Kone ei pystynyt laskeutumaan Ivalon lentoasemalle s\u00e4\u00e4olosuhteiden vuoksi, Finnairin viestint\u00e4johtaja <a class=\"article-personlink\" href=\"https:\/\/www.hs.fi\/haku\/?query=P%C3%A4ivyt%20Tallqvist\" rel=\"nofollow noopener\" target=\"_blank\">P\u00e4ivyt Tallqvist<\/a> kertoo HS:lle.<\/p>\n<p class=\"article-body mb-nof-24 px-nof-16\">\u201dTuulen ja kiitotien kitkaolosuhteiden vuoksi laskeutuminen ei olisi ollut turvallista. On tietysti kurjaa asiakkaille, ett\u00e4 he eiv\u00e4t p\u00e4\u00e4sseet perille, mutta turvallisuus edell\u00e4 menn\u00e4\u00e4n.\u201d<\/p>\n<p class=\"article-body mb-nof-24 px-nof-16\">Lento l\u00e4hti Helsinki-Vantaan lentoasemalta hieman ennen seitsem\u00e4\u00e4 aamulla ja palasi takaisin ennen kymment\u00e4.<\/p>\n<p class=\"article-body mb-nof-24 px-nof-16\">Tallqvistin mukaan matkustajat pyrit\u00e4\u00e4n ohjaamaan p\u00e4iv\u00e4n muille Ivalon lennoille. H\u00e4n ei tied\u00e4, miksi kone palasi takaisin Helsinkiin asti eik\u00e4 laskeutunut jollekin l\u00e4hemm\u00e4lle lentoasemalle.<\/p>\n<p class=\"article-body mb-nof-24 px-nof-16\">\u201dLuotan siihen, ett\u00e4 ohjaamossa on tehty oikeat p\u00e4\u00e4t\u00f6kset.\u201d<\/p>\n<p class=\"article-body mb-nof-24 px-nof-16\">Asiasta kertoi ensimm\u00e4isen\u00e4 <a class=\"article-genericlink\" href=\"https:\/\/www.iltalehti.fi\/kotimaa\/a\/aa77d51c-a6d5-4e91-a3e2-5825847b54ca\" rel=\"nofollow noopener\" target=\"_blank\">Iltalehti<\/a>.<\/p>\n","protected":false},"excerpt":{"rendered":"Finnair|S\u00e4\u00e4olosuhteet estiv\u00e4t Finnairin koneen laskeutumisen Ivaloon, joten se palasi takaisin Helsinkiin. Finnairin sunnuntain aamulento Helsingist\u00e4 Ivaloon oli jo&hellip;\n","protected":false},"author":2,"featured_media":103902,"comment_status":"","ping_status":"","sticky":false,"template":"","format":"standard","meta":{"footnotes":""},"categories":[12],"tags":[22,23,26,27,33,31,30,17,46,24,25,28,29,15,18,21,32,19,20,16],"class_list":{"0":"post-103901","1":"post","2":"type-post","3":"status-publish","4":"format-standard","5":"has-post-thumbnail","7":"category-suomi","8":"tag-breaking-news","9":"tag-breakingnews","10":"tag-featured-news","11":"tag-featurednews","12":"tag-fi","13":"tag-finland","14":"tag-finnish","15":"tag-headlines","16":"tag-helsingin-sanomat","17":"tag-latest-news","18":"tag-latestnews","19":"tag-main-news","20":"tag-mainnews","21":"tag-news","22":"tag-otsikot","23":"tag-paauutiset","24":"tag-suomi","25":"tag-top-stories","26":"tag-topstories","27":"tag-uutiset"},"share_on_mastodon":{"url":"https:\/\/pubeurope.com\/@fi\/115638365378565106","error":""},"_links":{"self":[{"href":"https:\/\/www.europesays.com\/fi\/wp-json\/wp\/v2\/posts\/103901","targetHints":{"allow":["GET"]}}],"collection":[{"href":"https:\/\/www.europesays.com\/fi\/wp-json\/wp\/v2\/posts"}],"about":[{"href":"https:\/\/www.europesays.com\/fi\/wp-json\/wp\/v2\/types\/post"}],"author":[{"embeddable":true,"href":"https:\/\/www.europesays.com\/fi\/wp-json\/wp\/v2\/users\/2"}],"replies":[{"embeddable":true,"href":"https:\/\/www.europesays.com\/fi\/wp-json\/wp\/v2\/comments?post=103901"}],"version-history":[{"count":0,"href":"https:\/\/www.europesays.com\/fi\/wp-json\/wp\/v2\/posts\/103901\/revisions"}],"wp:featuredmedia":[{"embeddable":true,"href":"https:\/\/www.europesays.com\/fi\/wp-json\/wp\/v2\/media\/103902"}],"wp:attachment":[{"href":"https:\/\/www.europesays.com\/fi\/wp-json\/wp\/v2\/media?parent=103901"}],"wp:term":[{"taxonomy":"category","embeddable":true,"href":"https:\/\/www.europesays.com\/fi\/wp-json\/wp\/v2\/categories?post=103901"},{"taxonomy":"post_tag","embeddable":true,"href":"https:\/\/www.europesays.com\/fi\/wp-json\/wp\/v2\/tags?post=103901"}],"curies":[{"name":"wp","href":"https:\/\/api.w.org\/{rel}","templated":true}]}}