{"id":103903,"date":"2025-11-30T11:16:11","date_gmt":"2025-11-30T11:16:11","guid":{"rendered":"https:\/\/www.europesays.com\/fi\/103903\/"},"modified":"2025-11-30T11:16:11","modified_gmt":"2025-11-30T11:16:11","slug":"valkoinen-talo-hyokkaa-verkkosivuillaan-yksittaisia-toimittajia-ja-medioita-vastaan-uutissuomalainen","status":"publish","type":"post","link":"https:\/\/www.europesays.com\/fi\/103903\/","title":{"rendered":"Valkoinen talo hy\u00f6kk\u00e4\u00e4 verkkosivuillaan yksitt\u00e4isi\u00e4 toimittajia ja medioita vastaan | Uutissuomalainen"},"content":{"rendered":"<p>Yhdysvalloissa Valkoinen talo on ryhtynyt julkaisemaan <a href=\"https:\/\/www.whitehouse.gov\/mediabias\/?query-47-page=2&amp;cst\" rel=\"nofollow noopener\" target=\"_blank\">verkkosivuillaan<\/a> osiota, jossa syytet\u00e4\u00e4n yksitt\u00e4isi\u00e4 toimittajia ja medioita harhaanjohtavasta uutisoinnista.<\/p>\n<p>Sivustolla on otsikko &#8221;Offender Hall of Shame&#8221;, Rikollisten h\u00e4pe\u00e4lista, jonka alla listataan Valkoisen talon mielest\u00e4 harhaanjohtavia uutisia ja niiden kirjoittajia. Perustelut harhaanjohtavuudelle on listattu ja paljastettu tunteisiin vetoavilla teksteill\u00e4 ja videoilla.<\/p>\n<p>Valkoisen talon mukaan totuuden harhaanjohtavien uutisten takana voi l\u00f6yt\u00e4\u00e4 selaamalla sivustoa ja lukemalla sen tarjoaman oikaisutekstin.<\/p>\n<p>Listalle on joutunut runsaasti yhdysvaltalaismedioita, mutta my\u00f6s esimerkiksi brittimediat BBC ja Independent. Yhteist\u00e4 listalle joutuneille uutisille on se, ett\u00e4 ne k\u00e4sittelev\u00e4t monia Yhdysvaltojen hallinnolle kiusallisia aiheita kriittisesti.<\/p>\n<p>\t\t\t\tTrumpin puheita uutisoineet listalle<\/p>\n<p>Tuoreimmassa h\u00e4pe\u00e4listalle joutuneessa uutisoinnissa Valkoinen talo nostaa tikunnokkaan CBS Newsin, Boston Globen ja Independentin toimittajia heid\u00e4n uutisoituaan presidentti Donald Trumpin uhkailusta demokraattip\u00e4\u00e4tt\u00e4ji\u00e4 kohtaan. Trump uhkaili viikko sitten kuutta demokraattia kuolemantuomioilla, koska n\u00e4m\u00e4 olivat kehottaneet asevoimien j\u00e4seni\u00e4 olevaan tottelematta laittomia k\u00e4skyj\u00e4.<\/p>\n<p>Valkoisen talon mukaan demokraatit ja &#8221;valeuutismediat&#8221; vihjailivat Trumpin antaneen laittomia m\u00e4\u00e4r\u00e4yksi\u00e4 asevoimien j\u00e4senille. Valkoisen talon mukaan n\u00e4in ei kuitenkaan ollut, vaan kaikki Trumpin m\u00e4\u00e4r\u00e4ykset ovat olleet laillisia.<\/p>\n<p>Demokraattip\u00e4\u00e4tt\u00e4j\u00e4t eiv\u00e4t tarkentaneet erikseen, mihin k\u00e4skyihin he viittasivat, mutta demokraatit ovat syytt\u00e4neet Trumpin k\u00e4ytt\u00e4v\u00e4n sotilaita yhdysvaltalaisia vastaan. Trumpin toisen kauden hallinto on muun muassa m\u00e4\u00e4r\u00e4nnyt kansalliskaartin sotilaita useisiin Yhdysvaltain kaupunkeihin, usein vasten paikallisten viranomaisten tahtoa.<\/p>\n<p>\t\t\t\tNimitti toimittajaa &#8221;possuksi&#8221;<\/p>\n<p>Trumpin hallinto on aiemminkin pyrkinyt eri tavoin puuttumaan median toimintaan.<\/p>\n<p>Monen suuren median p\u00e4\u00e4sy\u00e4 Oval Officeen ja presidentin Air Force One -lentokoneeseen on rajoitettu Trumpin palattua valtaan, ja Trumpia my\u00f6t\u00e4ileville oikeistolaismedioille on annettu muita parempi asema.<\/p>\n<p>Trump on my\u00f6s avoimesti solvannut toimittajia.<a href=\"https:\/\/edition.cnn.com\/2025\/11\/26\/media\/trump-piggy-ugly-reporter-insult-ny-times\" rel=\"nofollow noopener\" target=\"_blank\"> Esimerkiksi<\/a> marraskuun puoliv\u00e4liss\u00e4 Trump s\u00e4tti uutistoimisto Bloombergin naistoimittajaa &#8221;possuksi&#8221; presidentin Air Force One -lentokoneessa. T\u00e4ll\u00e4 viikolla Trump nimitti toista, New York Timesin naistoimittajaa &#8221;rumaksi&#8221;.<\/p>\n<p>Marraskuun alussa Trumpin hallinto rajoitti toimittajien kulkua Valkoisen talon lehdist\u00f6tiloissa. Rajoituksia perusteltiin arkaluontoisten materiaalien suojelemisen tarpeella.<\/p>\n<p>Valkoinen talo my\u00f6s ep\u00e4si uutistoimisto AP:n toimittajilta ja kuvaajilta p\u00e4\u00e4syn esimerkiksi presidentin ty\u00f6huoneen pressitilaisuuksiin ja lentokoneeseen helmikuussa, kun AP kielt\u00e4ytyi k\u00e4ytt\u00e4m\u00e4st\u00e4 Meksikonlahdesta nime\u00e4 Amerikanlahti.<\/p>\n","protected":false},"excerpt":{"rendered":"Yhdysvalloissa Valkoinen talo on ryhtynyt julkaisemaan verkkosivuillaan osiota, jossa syytet\u00e4\u00e4n yksitt\u00e4isi\u00e4 toimittajia ja medioita harhaanjohtavasta uutisoinnista. Sivustolla on&hellip;\n","protected":false},"author":2,"featured_media":103904,"comment_status":"","ping_status":"","sticky":false,"template":"","format":"standard","meta":{"footnotes":""},"categories":[5],"tags":[2326,22,23,585,26,27,33,31,30,17,24,25,28,29,15,18,21,142,144,32,19,20,16,638,143,145],"class_list":{"0":"post-103903","1":"post","2":"type-post","3":"status-publish","4":"format-standard","5":"has-post-thumbnail","7":"category-otsikot","8":"tag-bbc","9":"tag-breaking-news","10":"tag-breakingnews","11":"tag-donald-trump","12":"tag-featured-news","13":"tag-featurednews","14":"tag-fi","15":"tag-finland","16":"tag-finnish","17":"tag-headlines","18":"tag-latest-news","19":"tag-latestnews","20":"tag-main-news","21":"tag-mainnews","22":"tag-news","23":"tag-otsikot","24":"tag-paauutiset","25":"tag-poliitikot","26":"tag-presidentti","27":"tag-suomi","28":"tag-top-stories","29":"tag-topstories","30":"tag-uutiset","31":"tag-valtiovalta","32":"tag-yhdysvaltain-politiikka","33":"tag-yhdysvaltalaiset-poliittiset-puolueet"},"share_on_mastodon":{"url":"https:\/\/pubeurope.com\/@fi\/115638369225294565","error":""},"_links":{"self":[{"href":"https:\/\/www.europesays.com\/fi\/wp-json\/wp\/v2\/posts\/103903","targetHints":{"allow":["GET"]}}],"collection":[{"href":"https:\/\/www.europesays.com\/fi\/wp-json\/wp\/v2\/posts"}],"about":[{"href":"https:\/\/www.europesays.com\/fi\/wp-json\/wp\/v2\/types\/post"}],"author":[{"embeddable":true,"href":"https:\/\/www.europesays.com\/fi\/wp-json\/wp\/v2\/users\/2"}],"replies":[{"embeddable":true,"href":"https:\/\/www.europesays.com\/fi\/wp-json\/wp\/v2\/comments?post=103903"}],"version-history":[{"count":0,"href":"https:\/\/www.europesays.com\/fi\/wp-json\/wp\/v2\/posts\/103903\/revisions"}],"wp:featuredmedia":[{"embeddable":true,"href":"https:\/\/www.europesays.com\/fi\/wp-json\/wp\/v2\/media\/103904"}],"wp:attachment":[{"href":"https:\/\/www.europesays.com\/fi\/wp-json\/wp\/v2\/media?parent=103903"}],"wp:term":[{"taxonomy":"category","embeddable":true,"href":"https:\/\/www.europesays.com\/fi\/wp-json\/wp\/v2\/categories?post=103903"},{"taxonomy":"post_tag","embeddable":true,"href":"https:\/\/www.europesays.com\/fi\/wp-json\/wp\/v2\/tags?post=103903"}],"curies":[{"name":"wp","href":"https:\/\/api.w.org\/{rel}","templated":true}]}}