{"id":103907,"date":"2025-11-30T11:35:10","date_gmt":"2025-11-30T11:35:10","guid":{"rendered":"https:\/\/www.europesays.com\/fi\/103907\/"},"modified":"2025-11-30T11:35:10","modified_gmt":"2025-11-30T11:35:10","slug":"esineita-tungettuna-takapuoleen-ylen-toimittaja-harskin-jaynan-kohteena","status":"publish","type":"post","link":"https:\/\/www.europesays.com\/fi\/103907\/","title":{"rendered":"Esineit\u00e4 tungettuna takapuoleen? Ylen toimittaja h\u00e4rskin j\u00e4yn\u00e4n kohteena"},"content":{"rendered":"<p>Sometrendi saavutti Ylen.<\/p>\n<p><img decoding=\"async\" class=\"image image-show image-preview\" src=\"https:\/\/www.europesays.com\/fi\/wp-content\/uploads\/2025\/11\/f518c0b6ab8e5df326bdb4e851068cc28c4b6fd07f60147d6fd8c80d77f46aaf.jpg\" alt=\"\"\/><img decoding=\"async\" class=\"image image-show\" src=\"https:\/\/www.europesays.com\/fi\/wp-content\/uploads\/2025\/11\/1764502508_669_f518c0b6ab8e5df326bdb4e851068cc28c4b6fd07f60147d6fd8c80d77f46aaf.jpg\" alt=\"\"\/><\/p>\n<p>Riku Salminen joutui somessa kiert\u00e4neen pilan kohteeksi ja repesi nauruun. Tomi M\u00e4kip\u00e4\u00e4\/AOP<\/p>\n<p class=\"paragraph\">Yleisradion urheilutoimituksen Instagram-tilill\u00e4 julkaistu video on jakanut sosiaalisen median k\u00e4ytt\u00e4jien mielipiteit\u00e4.<\/p>\n<p class=\"paragraph\">Ylen urheilun tilill\u00e4 jaettiin video, jossa tv-kasvo <strong>Riku Salmiselle<\/strong> tehd\u00e4\u00e4n sosiaalisessa mediassa viime aikoina kiert\u00e4nyt j\u00e4yn\u00e4.<\/p>\n<p class=\"paragraph\">Pilassa henkil\u00f6lt\u00e4 kysyt\u00e4\u00e4n jotain, mik\u00e4 saa h\u00e4net luettelemaan erilaisia esineit\u00e4. Asia kuitenkin esitet\u00e4\u00e4n niin, ett\u00e4 henkil\u00f6 esittelee esineit\u00e4, joita h\u00e4n \u201don tunkenut hanuriinsa\u201d.<\/p>\n<p class=\"paragraph\">\u2013\u2009Asioita, joita Urheilustudion porukka on tunkenut hanuriinsa, tv-kasvo <strong>Petra Manner<\/strong> sanon videolla.<\/p>\n<p class=\"paragraph\">\u2013\u2009M\u00e4 voin aloittaa. Mulla ei oo ainakaan mit\u00e4\u00e4n, asiantuntija <strong>Janne Ahonen<\/strong> sanon per\u00e4\u00e4n.<\/p>\n<p class=\"paragraph\">\u2013\u2009Ei koskaan mit\u00e4\u00e4n, Manner sanon ja pudistaa p\u00e4\u00e4t\u00e4\u00e4n.<\/p>\n<p class=\"paragraph\">T\u00e4m\u00e4n j\u00e4lkeen on Salmisen vuoro.<\/p>\n<p class=\"paragraph\">\u2013\u2009Muistiinpanoja. V\u00e4h\u00e4n kaikenn\u00e4k\u00f6isiss\u00e4 eri muodoissa. No sitten tietenkin kuulak\u00e4rkikyn\u00e4. Mikrofoni, Salminen luettelee.<\/p>\n<p class=\"paragraph\">Videon lopuksi n\u00e4ytet\u00e4\u00e4n Salmisen reaktio j\u00e4yn\u00e4\u00e4n. Toimittaja repe\u00e4\u00e4 hillitt\u00f6m\u00e4\u00e4n nauruun.<\/p>\n<p class=\"paragraph\">\u2013\u2009Tuo oli paras, er\u00e4s kommentoija kirjoitti.<\/p>\n<p class=\"paragraph\">\u2013\u2009Nyt oli hyv\u00e4 pila, toinen kommentoi.<\/p>\n<p class=\"paragraph\">Julkaisussa on my\u00f6s useampia kriittisi\u00e4 \u00e4\u00e4ni\u00e4.<\/p>\n<p class=\"paragraph\">Rukan maailmancupin yhteydess\u00e4 tehty pilailuvideo on selv\u00e4sti Ylen urheilun suosituin Instagram-p\u00e4ivitys viime p\u00e4ivilt\u00e4. 18 tunnissa se ker\u00e4si noin 10\u00a0000 tykk\u00e4yst\u00e4 ja 140 kommenttia.<\/p>\n<p><a href=\"https:\/\/www.iltalehti.fi\/telkku\/?utm_source=iltalehti.fi&amp;utm_medium=almainternal&amp;utm_campaign=urheilu_artikkelibanneri&amp;utm_content=banner_612_a\" rel=\"nofollow noopener\" target=\"_blank\"><img decoding=\"async\" src=\"https:\/\/www.europesays.com\/fi\/wp-content\/uploads\/2025\/08\/7ef604e47d46ca174b7df4149bd3557dbde56a86d520f8e1b2125548b0a2e03a.png\" alt=\"TV-ohjelmat t\u00e4n\u00e4\u00e4n, TV-opas\"\/><\/a><\/p>\n","protected":false},"excerpt":{"rendered":"Sometrendi saavutti Ylen. Riku Salminen joutui somessa kiert\u00e4neen pilan kohteeksi ja repesi nauruun. Tomi M\u00e4kip\u00e4\u00e4\/AOP Yleisradion urheilutoimituksen Instagram-tilill\u00e4&hellip;\n","protected":false},"author":2,"featured_media":103908,"comment_status":"","ping_status":"","sticky":false,"template":"","format":"standard","meta":{"footnotes":""},"categories":[158],"tags":[35,33,31,30,2096,1511,41,2668,979,159,32,160],"class_list":{"0":"post-103907","1":"post","2":"type-post","3":"status-publish","4":"format-standard","5":"has-post-thumbnail","7":"category-urheilu","8":"tag-24h","9":"tag-fi","10":"tag-finland","11":"tag-finnish","12":"tag-hiihtolajit","13":"tag-joukkoviestinta","14":"tag-liikunta-ja-urheilu","15":"tag-pohjoismaiset-hiihtolajit","16":"tag-sahkoinen-media","17":"tag-sports","18":"tag-suomi","19":"tag-urheilu"},"share_on_mastodon":{"url":"https:\/\/pubeurope.com\/@fi\/115638444217798346","error":""},"_links":{"self":[{"href":"https:\/\/www.europesays.com\/fi\/wp-json\/wp\/v2\/posts\/103907","targetHints":{"allow":["GET"]}}],"collection":[{"href":"https:\/\/www.europesays.com\/fi\/wp-json\/wp\/v2\/posts"}],"about":[{"href":"https:\/\/www.europesays.com\/fi\/wp-json\/wp\/v2\/types\/post"}],"author":[{"embeddable":true,"href":"https:\/\/www.europesays.com\/fi\/wp-json\/wp\/v2\/users\/2"}],"replies":[{"embeddable":true,"href":"https:\/\/www.europesays.com\/fi\/wp-json\/wp\/v2\/comments?post=103907"}],"version-history":[{"count":0,"href":"https:\/\/www.europesays.com\/fi\/wp-json\/wp\/v2\/posts\/103907\/revisions"}],"wp:featuredmedia":[{"embeddable":true,"href":"https:\/\/www.europesays.com\/fi\/wp-json\/wp\/v2\/media\/103908"}],"wp:attachment":[{"href":"https:\/\/www.europesays.com\/fi\/wp-json\/wp\/v2\/media?parent=103907"}],"wp:term":[{"taxonomy":"category","embeddable":true,"href":"https:\/\/www.europesays.com\/fi\/wp-json\/wp\/v2\/categories?post=103907"},{"taxonomy":"post_tag","embeddable":true,"href":"https:\/\/www.europesays.com\/fi\/wp-json\/wp\/v2\/tags?post=103907"}],"curies":[{"name":"wp","href":"https:\/\/api.w.org\/{rel}","templated":true}]}}