{"id":103909,"date":"2025-11-30T11:36:10","date_gmt":"2025-11-30T11:36:10","guid":{"rendered":"https:\/\/www.europesays.com\/fi\/103909\/"},"modified":"2025-11-30T11:36:10","modified_gmt":"2025-11-30T11:36:10","slug":"marja-hintikka-arvasi-masked-singer-suomen-voittajan-henkilollisyyden-heti-kattelyssa-kertoi-uskomattoman-tiedon","status":"publish","type":"post","link":"https:\/\/www.europesays.com\/fi\/103909\/","title":{"rendered":"Marja Hintikka arvasi Masked Singer Suomen voittajan henkil\u00f6llisyyden heti k\u00e4ttelyss\u00e4 \u2013 Kertoi uskomattoman tiedon"},"content":{"rendered":"<p>Masked Singer Suomi -ohjelmasta n\u00e4htiin lauantaina joulun erikoisjakso. JUTTU SIS\u00c4LT\u00c4\u00c4 PALJASTUKSIA.<\/p>\n<p><img decoding=\"async\" class=\"image image-show image-preview\" src=\"https:\/\/www.europesays.com\/fi\/wp-content\/uploads\/2025\/11\/8df316f857b6f40fe7355d92837a4f3e4c37d2042a8952488acb7bf4888dec2c.jpg\" alt=\"\"\/><img decoding=\"async\" class=\"image image-show\" src=\"https:\/\/www.europesays.com\/fi\/wp-content\/uploads\/2025\/11\/1764502570_263_8df316f857b6f40fe7355d92837a4f3e4c37d2042a8952488acb7bf4888dec2c.jpg\" alt=\"\"\/><\/p>\n<p>Marja Hintikka h\u00e4mm\u00e4stytti tiet\u00e4myksell\u00e4\u00e4n Masked Singer Suomessa. MTV<\/p>\n<p class=\"paragraph\"><a href=\"https:\/\/www.iltalehti.fi\/henkilot\/Saara Aalto\" class=\"article-link-person-page\" rel=\"nofollow noopener\" target=\"_blank\">Saara Aalto<\/a> kruunattiin voittajaksi lauantaina n\u00e4hdyss\u00e4 Masked Singer Suomen joulun erikoisjaksossa. Jaksossa kilpaili kolme t\u00e4ysin uutta hahmoa: Pipari, Kynttil\u00e4 ja Lahjas\u00e4kki.<\/p>\n<p class=\"paragraph\">Kilpailun voitti Kynttil\u00e4. Jo Aallon ensimm\u00e4isen esityksen j\u00e4lkeen vieraileva etsiv\u00e4 <a href=\"https:\/\/www.iltalehti.fi\/henkilot\/Marja Hintikka\" class=\"article-link-person-page\" rel=\"nofollow noopener\" target=\"_blank\">Marja Hintikka<\/a> arveli tiet\u00e4v\u00e4ns\u00e4, kuka Kynttil\u00e4 todellisuudessa on.<\/p>\n<p class=\"paragraph\">\u2013 Siin\u00e4 oli vihje, ett\u00e4 \u201dPelastakaa lapset auttoi mummini turvaan\u201d. Mulla v\u00e4l\u00e4hti kesken biisin, ett\u00e4 olen ollut l\u00e4sn\u00e4 siin\u00e4 tilanteessa, kun t\u00e4m\u00e4 tarina kerrotaan. Jopa muistan ehk\u00e4 sen mummin nimen, se oli Aila, Aira tai Airi, Hintikka muistelee.<\/p>\n<p class=\"paragraph\">Hintikka sanoi uskovansa, ett\u00e4 Kynttil\u00e4 on Saara Aalto.<\/p>\n<p class=\"paragraph\">Kynttil\u00e4n toisen esityksen j\u00e4lkeen Hintikka pysyi yh\u00e4 arvauksessaan ja t\u00e4smensi, ett\u00e4 muisteli iso\u00e4idin nimen olleen Aili tai Airi.<\/p>\n<p>Kynttil\u00e4 kruunattiin joulujakson voittajaksi. MTV<\/p>\n<p class=\"paragraph\">Lopulta Hintikan lis\u00e4ksi my\u00f6s <strong>Benjamin<\/strong> arvasi Kynttil\u00e4n olevan Saara Aalto, <strong>Janne Kataja<\/strong> ja <strong>Jenni Poikelus<\/strong> puolestaan arvasivat <strong>Diandraa<\/strong>.<\/p>\n<p class=\"paragraph\">Lopulta maskin takaa paljastui Saara Aalto.<\/p>\n<p class=\"paragraph\">Aalto otti kantaa my\u00f6s Hintikan muistikuviin Aallon iso\u00e4idin nimest\u00e4.<\/p>\n<p class=\"paragraph\">\u2013 Mulla on sek\u00e4 mummi ett\u00e4 mummo. Heid\u00e4n nimens\u00e4 ovat <strong>Airi<\/strong> ja <strong>Aili<\/strong>, Aalto kertoi.<\/p>\n<p class=\"paragraph\">\u2013 Uskomatonta, kun arvasit nimet. Mietin, ett\u00e4 miten voit tiet\u00e4\u00e4 mun mummujen nimet, Aalto nauroi.<\/p>\n<p class=\"paragraph\">\u2013 Pit\u00e4isik\u00f6 mun ruveta tarjoamaan meedion palveluja? Hintikka pohti h\u00e4mm\u00e4styneen\u00e4.<\/p>\n<p>Saara Aalto sai Masked Singer Suomesta ensimm\u00e4isen laulukilpailuvoittonsa. MTV<\/p>\n<p>Ensimm\u00e4inen voitto<\/p>\n<p class=\"paragraph\">Aalto iloitsi l\u00e4hetyksess\u00e4, ett\u00e4 Masked Singer Suomi -voitto oli h\u00e4nen ensimm\u00e4inen voittonsa ikin\u00e4.<\/p>\n<p class=\"paragraph\">\u2013 T\u00e4m\u00e4 on sellainen virstanpylv\u00e4s mun uralla, ettette usko. T\u00e4t\u00e4 olen havitellut, ja nyt se tuli se voitto, h\u00e4n hehkutti.<\/p>\n<p class=\"paragraph\">Aalto jatkoi asiasta my\u00f6s omalla <a href=\"https:\/\/www.instagram.com\/p\/DRpsURUDLMj\/?img_index=1\" target=\"_blank\" rel=\"noopener nofollow\">Instagram-tilill\u00e4\u00e4n<\/a> jakson esityksen j\u00e4lkeen.<\/p>\n<p class=\"paragraph\">\u2013 El\u00e4m\u00e4ni ensimm\u00e4inen tv-laulukilpailun voitto&#8230; Kynttil\u00e4n\u00e4!<\/p>\n<p class=\"paragraph\">\u2013 Mua on kuulemma arvuuteltu ohjelmassa tosi paljon, mutta nyt vihdoin se todella olin m\u00e4, Aalto kirjoitti Instagram-p\u00e4ivityksess\u00e4\u00e4n.<\/p>\n<p class=\"paragraph\">\u2013 Vitsi nousi arvostus kaikille, jotka ovat olleet mukana ohjelmassa. Jo yksi p\u00e4iv\u00e4 tuon ison ja kuuman asun sis\u00e4ll\u00e4 oli aikamoinen kokemus.<\/p>\n<p class=\"paragraph\">Saara Aalto on kilpaillut vuosien varrella useissa laulukilpailussa. H\u00e4n on sijoittunut toiseksi Suomen euroviisukarsinnoissa, Uuden musiikin kilpailussa, The Voice of Finlandissa sek\u00e4 Britannian X Factorissa. Vuonna 2018 Aalto valittiin suoraan Suomen euroviisuedustajaksi, ja h\u00e4n ylsi Euroviisujen finaalissa sijalle 25. Vuoden 2007 Talent Suomessa Aalto ylsi kolmen parhaan joukkoon.<\/p>\n<p class=\"paragraph\">Jos upotus ei toimi, n\u00e4et julkaisun my\u00f6s <a href=\"https:\/\/www.instagram.com\/p\/DRpsURUDLMj\/?img_index=1\" target=\"_blank\" rel=\"noopener nofollow\">t\u00e4st\u00e4 linkist\u00e4<\/a>.<\/p>\n<p>Joulun hyv\u00e4ntekev\u00e4isyysjaksossa kisasivat Kynttil\u00e4, Lahjas\u00e4kki ja Pipari. MTV<\/p>\n<p class=\"paragraph\">Hopeasijalle ylsi Lahjas\u00e4kki. H\u00e4n oli todellisuudessa laulaja-n\u00e4yttelij\u00e4 <strong>Konsta Hietanen<\/strong>.<\/p>\n<p class=\"paragraph\">Kolmanneksi sijoittui Pipari, jonka maskin takaa paljastui n\u00e4yttelij\u00e4 <strong>Krista Kosonen<\/strong>. H\u00e4nenkin nimens\u00e4 Hintikka oli sanonut arvaustensa joukossa, mutta lopulta oli p\u00e4\u00e4tynyt veikkaamaan <strong>Maria Ylip\u00e4\u00e4t\u00e4<\/strong>.<\/p>\n<p class=\"paragraph\">\u2013 M\u00e4 sanoin! Hintikka huusi, kun Kososen kasvot paljastuivat.<\/p>\n<p class=\"paragraph\">Masked Singer Suomen varsinainen syyskausi p\u00e4\u00e4ttyi viikko sitten. Finaalijaksossa voittajaksi kruunattiin Pierumies eli <strong>Sebastian Rejman<\/strong>.<\/p>\n<p>Saara Aalto on aiemmin sijoittunut monessa laulukilpailussa toiseksi. Elle Laitila<\/p>\n<p><script async src=\"\/\/www.instagram.com\/embed.js\"><\/script><\/p>\n","protected":false},"excerpt":{"rendered":"Masked Singer Suomi -ohjelmasta n\u00e4htiin lauantaina joulun erikoisjakso. JUTTU SIS\u00c4LT\u00c4\u00c4 PALJASTUKSIA. Marja Hintikka h\u00e4mm\u00e4stytti tiet\u00e4myksell\u00e4\u00e4n Masked Singer Suomessa.&hellip;\n","protected":false},"author":2,"featured_media":103910,"comment_status":"","ping_status":"","sticky":false,"template":"","format":"standard","meta":{"footnotes":""},"categories":[130],"tags":[35,138,137,33,31,30,47,1999,32,140,139,109],"class_list":{"0":"post-103909","1":"post","2":"type-post","3":"status-publish","4":"format-standard","5":"has-post-thumbnail","7":"category-viihde","8":"tag-24h","9":"tag-audio","10":"tag-entertainment","11":"tag-fi","12":"tag-finland","13":"tag-finnish","14":"tag-musiikki","15":"tag-suomalaiset-tv-ohjelmat","16":"tag-suomi","17":"tag-tv-ja-elokuvat","18":"tag-tv-ohjelmat","19":"tag-viihde"},"share_on_mastodon":{"url":"https:\/\/pubeurope.com\/@fi\/115638447985983636","error":""},"_links":{"self":[{"href":"https:\/\/www.europesays.com\/fi\/wp-json\/wp\/v2\/posts\/103909","targetHints":{"allow":["GET"]}}],"collection":[{"href":"https:\/\/www.europesays.com\/fi\/wp-json\/wp\/v2\/posts"}],"about":[{"href":"https:\/\/www.europesays.com\/fi\/wp-json\/wp\/v2\/types\/post"}],"author":[{"embeddable":true,"href":"https:\/\/www.europesays.com\/fi\/wp-json\/wp\/v2\/users\/2"}],"replies":[{"embeddable":true,"href":"https:\/\/www.europesays.com\/fi\/wp-json\/wp\/v2\/comments?post=103909"}],"version-history":[{"count":0,"href":"https:\/\/www.europesays.com\/fi\/wp-json\/wp\/v2\/posts\/103909\/revisions"}],"wp:featuredmedia":[{"embeddable":true,"href":"https:\/\/www.europesays.com\/fi\/wp-json\/wp\/v2\/media\/103910"}],"wp:attachment":[{"href":"https:\/\/www.europesays.com\/fi\/wp-json\/wp\/v2\/media?parent=103909"}],"wp:term":[{"taxonomy":"category","embeddable":true,"href":"https:\/\/www.europesays.com\/fi\/wp-json\/wp\/v2\/categories?post=103909"},{"taxonomy":"post_tag","embeddable":true,"href":"https:\/\/www.europesays.com\/fi\/wp-json\/wp\/v2\/tags?post=103909"}],"curies":[{"name":"wp","href":"https:\/\/api.w.org\/{rel}","templated":true}]}}