{"id":103913,"date":"2025-11-30T11:40:08","date_gmt":"2025-11-30T11:40:08","guid":{"rendered":"https:\/\/www.europesays.com\/fi\/103913\/"},"modified":"2025-11-30T11:40:08","modified_gmt":"2025-11-30T11:40:08","slug":"hongkongin-tornitalojen-tulipalon-uhriluku-kipusi-jo-yli-140-kuolleeseen","status":"publish","type":"post","link":"https:\/\/www.europesays.com\/fi\/103913\/","title":{"rendered":"Hongkongin tornitalojen tulipalon uhriluku kipusi jo yli 140 kuolleeseen"},"content":{"rendered":"<p>Viranomaiset ovat ottaneet 11 ihmist\u00e4 kiinni ep\u00e4iltyin\u00e4 osallisuudesta tulipaloon.<\/p>\n<p class=\"article-body mb-nof-24 px-nof-16\">Hongkongin tuhoisan tornitalojen tulipalon kuolonuhrien m\u00e4\u00e4r\u00e4 on jo yli 140 ihmist\u00e4. Viranomaisten mukaan kuolleita saattaa olla viel\u00e4 enemm\u00e4n.<\/p>\n<p class=\"article-body mb-nof-24 px-nof-16\">\u2013\u2009Tuorein uhriluku on 146. Emme voi luvata, ettei kuolleita l\u00f6ydy lis\u00e4\u00e4, sanoi poliisin onnettomuuksien tutkintayksik\u00f6n ylikomisario <a class=\"article-personlink\" href=\"https:\/\/www.is.fi\/haku\/?query=Tsang%20Shuk-yin\" rel=\"nofollow noopener\" target=\"_blank\">Tsang Shuk-yin<\/a> tiedotustilaisuudessa.<\/p>\n<p class=\"article-body mb-nof-24 px-nof-16\">Viranomaiset ovat perustaneet itsen\u00e4isen tutkintaryhm\u00e4n selvitt\u00e4m\u00e4\u00e4n, mist\u00e4 tulipalo sai alkunsa. Aiemmin on ep\u00e4ilty palon saaneen alkunsa alempien kerrosten suoja\u00adverkosta, joka oli osa korjaust\u00f6it\u00e4.<\/p>\n<p class=\"article-body mb-nof-24 px-nof-16\">Korruptionvastaiset viranomaiset ovat ottaneet 11 ihmist\u00e4 kiinni ep\u00e4iltyin\u00e4 osallisuudesta tulipaloon. Poliisi on pid\u00e4tt\u00e4nyt heist\u00e4 kolme ep\u00e4iltyin\u00e4 kuoleman\u00adtuottamuksesta.<\/p>\n<p class=\"article-body mb-nof-24 px-nof-16\">Palo syttyi keskiviikkona kaupungin pohjoisosassa kahdeksan kerrostalon kokonaisuudessa, jossa on noin 2\u202f000 asuntoa. Tulipalo levisi taloista seitsem\u00e4\u00e4n ja muutti tiiviisti rakennetun alueen hehkuvan kuumaksi p\u00e4tsiksi.<\/p>\n<p class=\"article-body mb-nof-24 px-nof-16\">Tornitalot sijaitsevat Tai Pon kaupunginosassa Hongkongin pohjoisosassa. Palo ehti riehua yli 40 tunnin ajan ennen kuin sammutusty\u00f6t p\u00e4\u00e4ttyiv\u00e4t varhain perjantaina Suomen aikaa.<\/p>\n<p class=\"article-body mb-nof-24 px-nof-16\">Tulipalo on Hongkongin tuhoisin sitten vuoden 1948, jolloin r\u00e4j\u00e4hdyksen aiheuttamassa tulipalossa kuoli 135 ihmist\u00e4.<\/p>\n","protected":false},"excerpt":{"rendered":"Viranomaiset ovat ottaneet 11 ihmist\u00e4 kiinni ep\u00e4iltyin\u00e4 osallisuudesta tulipaloon. Hongkongin tuhoisan tornitalojen tulipalon kuolonuhrien m\u00e4\u00e4r\u00e4 on jo yli&hellip;\n","protected":false},"author":2,"featured_media":103914,"comment_status":"","ping_status":"","sticky":false,"template":"","format":"standard","meta":{"footnotes":""},"categories":[14],"tags":[22,23,26,27,33,31,30,17,34,24,25,28,29,15,18,21,32,19,20,56,16,59,60,61],"class_list":{"0":"post-103913","1":"post","2":"type-post","3":"status-publish","4":"format-standard","5":"has-post-thumbnail","7":"category-ulkomaat","8":"tag-breaking-news","9":"tag-breakingnews","10":"tag-featured-news","11":"tag-featurednews","12":"tag-fi","13":"tag-finland","14":"tag-finnish","15":"tag-headlines","16":"tag-ilta-sanomat","17":"tag-latest-news","18":"tag-latestnews","19":"tag-main-news","20":"tag-mainnews","21":"tag-news","22":"tag-otsikot","23":"tag-paauutiset","24":"tag-suomi","25":"tag-top-stories","26":"tag-topstories","27":"tag-ulkomaat","28":"tag-uutiset","29":"tag-world","30":"tag-world-news","31":"tag-worldnews"},"share_on_mastodon":{"url":"https:\/\/pubeurope.com\/@fi\/115638463661340839","error":""},"_links":{"self":[{"href":"https:\/\/www.europesays.com\/fi\/wp-json\/wp\/v2\/posts\/103913","targetHints":{"allow":["GET"]}}],"collection":[{"href":"https:\/\/www.europesays.com\/fi\/wp-json\/wp\/v2\/posts"}],"about":[{"href":"https:\/\/www.europesays.com\/fi\/wp-json\/wp\/v2\/types\/post"}],"author":[{"embeddable":true,"href":"https:\/\/www.europesays.com\/fi\/wp-json\/wp\/v2\/users\/2"}],"replies":[{"embeddable":true,"href":"https:\/\/www.europesays.com\/fi\/wp-json\/wp\/v2\/comments?post=103913"}],"version-history":[{"count":0,"href":"https:\/\/www.europesays.com\/fi\/wp-json\/wp\/v2\/posts\/103913\/revisions"}],"wp:featuredmedia":[{"embeddable":true,"href":"https:\/\/www.europesays.com\/fi\/wp-json\/wp\/v2\/media\/103914"}],"wp:attachment":[{"href":"https:\/\/www.europesays.com\/fi\/wp-json\/wp\/v2\/media?parent=103913"}],"wp:term":[{"taxonomy":"category","embeddable":true,"href":"https:\/\/www.europesays.com\/fi\/wp-json\/wp\/v2\/categories?post=103913"},{"taxonomy":"post_tag","embeddable":true,"href":"https:\/\/www.europesays.com\/fi\/wp-json\/wp\/v2\/tags?post=103913"}],"curies":[{"name":"wp","href":"https:\/\/api.w.org\/{rel}","templated":true}]}}