{"id":103916,"date":"2025-11-30T11:42:08","date_gmt":"2025-11-30T11:42:08","guid":{"rendered":"https:\/\/www.europesays.com\/fi\/103916\/"},"modified":"2025-11-30T11:42:08","modified_gmt":"2025-11-30T11:42:08","slug":"seuranta-iivo-niskanen-paljasti-syyn-poisjaannilleen-suomalaiset-kaukana-karjesta-jo-nelja-keskeyttanyt-aamulehti","status":"publish","type":"post","link":"https:\/\/www.europesays.com\/fi\/103916\/","title":{"rendered":"Seuranta | Iivo Niskanen paljasti syyn poisj\u00e4\u00e4nnilleen \u2013 Suomalaiset kaukana k\u00e4rjest\u00e4, jo nelj\u00e4 keskeytt\u00e4nyt &#8211; Aamulehti"},"content":{"rendered":"<ol>\n<li><a href=\"https:\/\/news.google.com\/rss\/articles\/CBMiZkFVX3lxTE9hRDNzWTZyenBCRS1vSENrVFZvR1VvWmJDR0tXUkVUaVZ0NHkwNWZTcUM2eHFQUVZWbHNVVThNcnhpRjN3Tl9HOU5RMFNLWlpEVTZFamdCMUZ5dDlZNE5yWVFyRmhTZw?oc=5\" target=\"_blank\" rel=\"nofollow noopener\">Seuranta | Iivo Niskanen paljasti syyn poisj\u00e4\u00e4nnilleen \u2013 Suomalaiset kaukana k\u00e4rjest\u00e4, jo nelj\u00e4 keskeytt\u00e4nyt<\/a>&nbsp;&nbsp;Aamulehti<\/li>\n<li><a href=\"https:\/\/news.google.com\/rss\/articles\/CBMiggFBVV95cUxNMzJTbUowNUU1d1NTNE50am9jcnNtWkV3Rjl4c1NMckFKa0RwVjYwMVNMeHNMcjdtanlMeGliWHpzd25WbnBvTzV6d1VDckxIRDZSZm1POGZwZVdjZGhpTnN3Zlo1N2dsNTBGTkFaNDVHNl9LMGhuRWVEU29aZWwweDVB?oc=5\" target=\"_blank\" rel=\"nofollow noopener\">IL seuraa: Rukan kotikisassa suomalaisfiasko<\/a>&nbsp;&nbsp;Iltalehti<\/li>\n<li><a href=\"https:\/\/news.google.com\/rss\/articles\/CBMiY0FVX3lxTFBfVUhqYXU1U2VWMUcyRHZhVF9NenBHRDQ0WXpDazdCQjhFbmNiRkV4eUxxVWxPYWcxOF9aTVBLUGtGdll1blh3TFd0TzFlM3poMUlyV0dZOGVLQkJpS2JXR3Flcw?oc=5\" target=\"_blank\" rel=\"nofollow noopener\">Ilkka Herolalta j\u00e4lleen upea hiihto Rukalla<\/a>&nbsp;&nbsp;Ilta-Sanomat<\/li>\n<li><a href=\"https:\/\/news.google.com\/rss\/articles\/CBMiSkFVX3lxTE5nMVZqdVdLZFVkUGlKS2k1TzJ0YzM3SUJaNWZKVDlDeE9sY2ctOWo1R3RXa3hVTjhHRTlaQW5yZnhMUm4wQmFjdTNR?oc=5\" target=\"_blank\" rel=\"nofollow noopener\">Suora tuomio yhdistetyn miehilt\u00e4: &#8221;Rata oli kertakaikkisen karmeassa kunnossa&#8221;<\/a>&nbsp;&nbsp;Etel\u00e4-Suomen Sanomat<\/li>\n<li><a href=\"https:\/\/news.google.com\/rss\/articles\/CBMiQkFVX3lxTE9ERk5jcGNBZDRFR0tDMF9UV0ZiNEZLalpSeGpwMEFaTFlBM2JXNzRWNFNzZTQ0cllLekNHd2FhdHhaZw?oc=5\" target=\"_blank\" rel=\"nofollow noopener\">Ilkka Herola upeasti palkintokorokkeelle \u2013 murjaisi silti tylyn kommentin Rukan m\u00e4est\u00e4<\/a>&nbsp;&nbsp;Yle<\/li>\n<\/ol>\n","protected":false},"excerpt":{"rendered":"Seuranta | Iivo Niskanen paljasti syyn poisj\u00e4\u00e4nnilleen \u2013 Suomalaiset kaukana k\u00e4rjest\u00e4, jo nelj\u00e4 keskeytt\u00e4nyt&nbsp;&nbsp;Aamulehti IL seuraa: Rukan kotikisassa&hellip;\n","protected":false},"author":2,"featured_media":103917,"comment_status":"","ping_status":"","sticky":false,"template":"","format":"standard","meta":{"footnotes":""},"categories":[5],"tags":[157,22,23,26,27,33,31,30,17,24,25,28,29,15,18,21,32,19,20,16],"class_list":{"0":"post-103916","1":"post","2":"type-post","3":"status-publish","4":"format-standard","5":"has-post-thumbnail","7":"category-otsikot","8":"tag-aamulehti","9":"tag-breaking-news","10":"tag-breakingnews","11":"tag-featured-news","12":"tag-featurednews","13":"tag-fi","14":"tag-finland","15":"tag-finnish","16":"tag-headlines","17":"tag-latest-news","18":"tag-latestnews","19":"tag-main-news","20":"tag-mainnews","21":"tag-news","22":"tag-otsikot","23":"tag-paauutiset","24":"tag-suomi","25":"tag-top-stories","26":"tag-topstories","27":"tag-uutiset"},"share_on_mastodon":{"url":"https:\/\/pubeurope.com\/@fi\/115638471431793396","error":""},"_links":{"self":[{"href":"https:\/\/www.europesays.com\/fi\/wp-json\/wp\/v2\/posts\/103916","targetHints":{"allow":["GET"]}}],"collection":[{"href":"https:\/\/www.europesays.com\/fi\/wp-json\/wp\/v2\/posts"}],"about":[{"href":"https:\/\/www.europesays.com\/fi\/wp-json\/wp\/v2\/types\/post"}],"author":[{"embeddable":true,"href":"https:\/\/www.europesays.com\/fi\/wp-json\/wp\/v2\/users\/2"}],"replies":[{"embeddable":true,"href":"https:\/\/www.europesays.com\/fi\/wp-json\/wp\/v2\/comments?post=103916"}],"version-history":[{"count":0,"href":"https:\/\/www.europesays.com\/fi\/wp-json\/wp\/v2\/posts\/103916\/revisions"}],"wp:featuredmedia":[{"embeddable":true,"href":"https:\/\/www.europesays.com\/fi\/wp-json\/wp\/v2\/media\/103917"}],"wp:attachment":[{"href":"https:\/\/www.europesays.com\/fi\/wp-json\/wp\/v2\/media?parent=103916"}],"wp:term":[{"taxonomy":"category","embeddable":true,"href":"https:\/\/www.europesays.com\/fi\/wp-json\/wp\/v2\/categories?post=103916"},{"taxonomy":"post_tag","embeddable":true,"href":"https:\/\/www.europesays.com\/fi\/wp-json\/wp\/v2\/tags?post=103916"}],"curies":[{"name":"wp","href":"https:\/\/api.w.org\/{rel}","templated":true}]}}