{"id":103918,"date":"2025-11-30T11:54:08","date_gmt":"2025-11-30T11:54:08","guid":{"rendered":"https:\/\/www.europesays.com\/fi\/103918\/"},"modified":"2025-11-30T11:54:08","modified_gmt":"2025-11-30T11:54:08","slug":"tonttuakatemia-palaa-ja-kollegat-muistelevat-nuorena-kuollutta-tomi-alataloa","status":"publish","type":"post","link":"https:\/\/www.europesays.com\/fi\/103918\/","title":{"rendered":"Tonttuakatemia palaa ja kollegat muistelevat nuorena kuollutta Tomi Alataloa"},"content":{"rendered":"<p>\n            Joulukalenteri: Tonttuakatemia, kausi 2. Hannu K\u00e4ki\/Yle.<br \/>\n            Hannu K\u00e4ki\/Yle\n        <\/p>\n<p class=\"subtitle \">N\u00e4yttelij\u00e4 Tomi Alatalo kuoli traagisesti vain 44 vuoden i\u00e4ss\u00e4.<\/p>\n<p class=\"article-content article-content-width !bg-background\">Ylen joulukalenterisarja Tonttuakatemia palaa toisen kauden my\u00f6t\u00e4. Ensimm\u00e4inen kausi n\u00e4htiin vuonna 2019.<\/p>\n<p class=\"font-weight-bold m-font-weight-bold italic m-italic article-content article-content-width !bg-background\">Video: Tonttuakatemian Minna Koskela kertoo uudesta hankkeestaan.<\/p>\n<p class=\"article-content article-content-width !bg-background\">Toinen kausi on kuvattu jo loppukes\u00e4st\u00e4 2024, ja siin\u00e4 on mukana my\u00f6s \u00a0(1981\u20132025). Is\u00e4n ja Tarkastajan tuplaroolin Tonttuakatemiassa tekev\u00e4 Alatalo kuoli elokuussa 2025 \u00e4killiseen sairauskohtaukseen.<\/p>\n<p class=\"article-content article-content-width !bg-background\">Alatalo oli teatterin puolella yksi ohjaaja-kirjailija  luotton\u00e4yttelij\u00f6ist\u00e4, ja elokuvissa h\u00e4n oli mukana muun muassa kehutussa Hytti nro 6:ssa (2021). Televisiossa Alataloa on n\u00e4hty t\u00e4n\u00e4 vuonna Rakkaiden lasten toisella kaudella ja h\u00e4n on mukana vuoden lopulla julkaistavalla Munkkivuoren toisella kaudella.<\/p>\n<p>        <a itemprop=\"url\" href=\"https:\/\/www.seiska.fi\/katso\/nakokulma-tasta-syysta-rakkaat-lapset-on-vuoden-paras-tv-sarja\/1625985\" rel=\"nofollow noopener\" target=\"_blank\"><\/p>\n<p>\nN\u00e4k\u00f6kulma\n<\/p>\n<p class=\"section-date\">\n        <strong class=\"article-section\" data-section=\"katso\"><br \/>\n            katso<br \/>\n        <\/strong><br \/>\n        3.3. 09:15\n    <\/p>\n<p>N\u00e4k\u00f6kulma: T\u00e4st\u00e4 syyst\u00e4 Rakkaat lapset on vuoden paras tv-sarja\n    <\/p>\n<p itemprop=\"description\" class=\"subtitle \">\n    Miitta Sorvalin t\u00e4hditt\u00e4m\u00e4 tv-sarja tekee ilkeydest\u00e4 taidetta. Hyv\u00e4 huumori perustuu usein siihen, ett\u00e4 kipe\u00e4t asiat vied\u00e4\u00e4n \u00e4\u00e4rimm\u00e4iseen muotoon.\n<\/p>\n<p>        <\/a><\/p>\n<p>\u201dAina hyv\u00e4 meininki!\u201d<\/p>\n<p class=\"article-content article-content-width !bg-background\">Tonttuakatemian p\u00e4\u00e4paria n\u00e4yttelev\u00e4t  ja  ovat silminn\u00e4hden j\u00e4rkyttyneit\u00e4, kun puhe k\u00e4\u00e4ntyy Alatalon poismenoon.<\/p>\n<p class=\"article-content article-content-width !bg-background\">\u2013 Me emme tunteneet toisiamme entuudestaan, mutta Tomi toi tosi paljon l\u00e4mp\u00f6\u00e4 ja iloa kuvauksiin, Manoel muistelee.<\/p>\n<p class=\"article-content article-content-width !bg-background\">\u2013 H\u00e4nell\u00e4 oli aina hyv\u00e4 meininki p\u00e4\u00e4ll\u00e4! Kun ajoin t\u00e4h\u00e4n pressitilaisuuteen, niin mietin, ett\u00e4 mit\u00e4 Tomi nyt sanoisi t\u00e4\u00e4ll\u00e4 ja mit\u00e4 tekisi. H\u00e4nell\u00e4 oli oma ihana tyylins\u00e4 ottaa kaikki mukaan meininkiin, Anna-Riikka kuvailee.<\/p>\n<p>        <a itemprop=\"url\" href=\"https:\/\/www.seiska.fi\/katso\/muistatko-ikonisen-videon-esko-kovero-saa-yha-palautetta\/2005399\" rel=\"nofollow noopener\" target=\"_blank\"><\/p>\n<p>\nEsko Kovero\n<\/p>\n<p class=\"section-date\">\n        <strong class=\"article-section\" data-section=\"katso\"><br \/>\n            katso<br \/>\n        <\/strong><br \/>\n        28.11. 06:15\n    <\/p>\n<p>Muistatko ikonisen videon? Esko Kovero saa yh\u00e4 palautetta\n    <\/p>\n<p itemprop=\"description\" class=\"subtitle \">\n    Ismo Laitela ja kootut fraasit ovat el\u00e4neet jo 26 vuotta. Yksi video naurattaa hahmon faneja viel\u00e4 vuosien j\u00e4lkeenkin, ja siit\u00e4 n\u00e4yttelij\u00e4 Esko Kovero saa eniten palautetta.\n<\/p>\n<p>        <\/a><\/p>\n<p>                <img decoding=\"async\" src=\"https:\/\/www.europesays.com\/fi\/wp-content\/uploads\/2025\/11\/1985674.webp\" width=\"576\" height=\"274\" alt=\"Joulukalenteri: Tonttuakatemia -sarjan toisellakin kaudella tavataan Kaneli (Manoel Pinto) ja Persilja (Anna-Rikka Rajanen).\" loading=\"lazy\" \/>            <\/p>\n<p>\n            Joulukalenteri: Tonttuakatemia -sarjan toisellakin kaudella tavataan Kaneli (Manoel Pinto) ja Persilja (Anna-Rikka Rajanen).<br \/>\n            Hannu K\u00e4ki\/Yle\n        <\/p>\n<p class=\"article-content article-content-width !bg-background\">My\u00f6s Alatalon ammattitaitoa j\u00e4\u00e4d\u00e4\u00e4n kaipaamaan.<\/p>\n<p class=\"article-content article-content-width !bg-background\">\u2013 Ei t\u00e4ss\u00e4 maassa ei ole ollut toista h\u00e4nen kaltaistaan, Anna-Riikka tiivist\u00e4\u00e4.<\/p>\n<p class=\"article-content article-content-width !bg-background\">\u2013 Tomin ty\u00f6skentely\u00e4 oli upea katsoa ja opin h\u00e4nelt\u00e4 lyhyess\u00e4 ajassa todella paljon, Manoel kertoo.<\/p>\n<p class=\"italic m-italic article-content article-content-width !bg-background\">Joulukalenteri: Tonttuakatemia alkaa TV2:lla maanantaina 1.12. kello 8.05.<\/p>\n<p>        <a itemprop=\"url\" href=\"https:\/\/www.seiska.fi\/katso\/il-ensitreffit-elisalta-raju-tilitys\/2006412\" rel=\"nofollow noopener\" target=\"_blank\"><\/p>\n<p>\nIL:\n<\/p>\n<p class=\"section-date\">\n        <strong class=\"article-section\" data-section=\"katso\"><br \/>\n            katso<br \/>\n        <\/strong><br \/>\n        28.11. 11:46\n    <\/p>\n<p>IL: Ensitreffit-Elisalta raju tilitys\n    <\/p>\n<p itemprop=\"description\" class=\"subtitle \">\n    Ensitreffit alttarilla -ohjelmassa mukana ollut Elisa avautuu kokemuksestaan Iltalehden haastattelussa.\n<\/p>\n<p>        <\/a><\/p>\n","protected":false},"excerpt":{"rendered":"Joulukalenteri: Tonttuakatemia, kausi 2. Hannu K\u00e4ki\/Yle. Hannu K\u00e4ki\/Yle N\u00e4yttelij\u00e4 Tomi Alatalo kuoli traagisesti vain 44 vuoden i\u00e4ss\u00e4. Ylen&hellip;\n","protected":false},"author":2,"featured_media":103919,"comment_status":"","ping_status":"","sticky":false,"template":"","format":"standard","meta":{"footnotes":""},"categories":[136],"tags":[19682,407,137,33,31,30,14945,18048,408,683,19683,6209,19684,32,11170,19681,8989,109],"class_list":{"0":"post-103918","1":"post","2":"type-post","3":"status-publish","4":"format-standard","5":"has-post-thumbnail","7":"category-julkkikset","8":"tag-anna-riikka-rajanen","9":"tag-celebrities","10":"tag-entertainment","11":"tag-fi","12":"tag-finland","13":"tag-finnish","14":"tag-joulukalenteri","15":"tag-juha-hurme","16":"tag-julkkikset","17":"tag-kuolema","18":"tag-manoel-pinto","19":"tag-muistelu","20":"tag-poismeno","21":"tag-suomi","22":"tag-tomi-alatalo","23":"tag-tonttuakatemia","24":"tag-tragedia","25":"tag-viihde"},"share_on_mastodon":{"url":"https:\/\/pubeurope.com\/@fi\/115638518756521945","error":""},"_links":{"self":[{"href":"https:\/\/www.europesays.com\/fi\/wp-json\/wp\/v2\/posts\/103918","targetHints":{"allow":["GET"]}}],"collection":[{"href":"https:\/\/www.europesays.com\/fi\/wp-json\/wp\/v2\/posts"}],"about":[{"href":"https:\/\/www.europesays.com\/fi\/wp-json\/wp\/v2\/types\/post"}],"author":[{"embeddable":true,"href":"https:\/\/www.europesays.com\/fi\/wp-json\/wp\/v2\/users\/2"}],"replies":[{"embeddable":true,"href":"https:\/\/www.europesays.com\/fi\/wp-json\/wp\/v2\/comments?post=103918"}],"version-history":[{"count":0,"href":"https:\/\/www.europesays.com\/fi\/wp-json\/wp\/v2\/posts\/103918\/revisions"}],"wp:featuredmedia":[{"embeddable":true,"href":"https:\/\/www.europesays.com\/fi\/wp-json\/wp\/v2\/media\/103919"}],"wp:attachment":[{"href":"https:\/\/www.europesays.com\/fi\/wp-json\/wp\/v2\/media?parent=103918"}],"wp:term":[{"taxonomy":"category","embeddable":true,"href":"https:\/\/www.europesays.com\/fi\/wp-json\/wp\/v2\/categories?post=103918"},{"taxonomy":"post_tag","embeddable":true,"href":"https:\/\/www.europesays.com\/fi\/wp-json\/wp\/v2\/tags?post=103918"}],"curies":[{"name":"wp","href":"https:\/\/api.w.org\/{rel}","templated":true}]}}