{"id":103922,"date":"2025-11-30T12:02:10","date_gmt":"2025-11-30T12:02:10","guid":{"rendered":"https:\/\/www.europesays.com\/fi\/103922\/"},"modified":"2025-11-30T12:02:10","modified_gmt":"2025-11-30T12:02:10","slug":"lisa-riley-uskomaton-muodonmuutos-emmerdale-tahti-laihtui-76-kiloa-ja-voitti-riippuvuudet","status":"publish","type":"post","link":"https:\/\/www.europesays.com\/fi\/103922\/","title":{"rendered":"Lisa Riley: uskomaton muodonmuutos: Emmerdale-t\u00e4hti laihtui 76 kiloa ja voitti riippuvuudet"},"content":{"rendered":"<p>            AOP\n        <\/p>\n<p class=\"subtitle \">Lisa Riley joi kolme pulloa viini\u00e4 joka ilta.<\/p>\n<p class=\"article-content article-content-width !bg-background\">Emmerdale-sarjasta tuttu n\u00e4yttelij\u00e4 , 49, on puhunut avoimesti el\u00e4m\u00e4ntapamuutoksestaan, joka johti 76 kilon painonpudotukseen.<\/p>\n<p class=\"font-weight-bold m-font-weight-bold article-content article-content-width !bg-background\">Arkistovideo: my\u00f6s masennus heittelee painoa<\/p>\n<p class=\"article-content article-content-width !bg-background\">Emmerdalessa Lisa esitt\u00e4 Mandy Dingle\u00e4, isoilla tunteilla el\u00e4v\u00e4\u00e4, r\u00e4iskyv\u00e4\u00e4 mutta aina hauskaa klaaninsa tukipilaria.\u00a0<\/p>\n<p class=\"article-content article-content-width !bg-background\">Lisa oli my\u00f6s tauolla sarjasta per\u00e4ti 18 vuoden ajan vuosituhannen alussa.<\/p>\n<p class=\"article-content article-content-width !bg-background\">My\u00f6s Lisan painonpudotus sijoittuu tuohon aikaan.<\/p>\n<p> J\u00e4ttipudotus johti leikkaukseen <\/p>\n<p class=\"article-content article-content-width !bg-background\">Painonpudotus oli niin suuri, ett\u00e4 vartalo ei t\u00e4ysin pysynyt mukana. Lisa joutui k\u00e4ym\u00e4\u00e4n poistattamassa l\u00f6ys\u00e4\u00e4 nahkaa ja kudosta vatsan alueelta leikkauksella.<\/p>\n<p class=\"article-content article-content-width !bg-background\"><a href=\"https:\/\/www.standard.co.uk\/showbiz\/lisa-riley-weight-loss-sobriety-im-a-celebrity-b1258904.html\" target=\"_blank\" rel=\"nofollow noopener\">Muutoksen suuruudesta h\u00e4n kertoi viime kuussa The Standardissa avoimesti ja painonnousun syit\u00e4 piilottelematta<\/a>.<\/p>\n<p class=\"article-content article-content-width !bg-background\">\u2013 Olen nyt kokoa L tai joskus XL, mutta suurimmillani kokoni oli 4XL. Olin painonnousuun t\u00e4ysin syyllinen, olin vuosia sokea annoskoolleni.<\/p>\n<p>        <a itemprop=\"url\" href=\"https:\/\/www.seiska.fi\/ulkomaat\/elamani-noyryyttavin-hetki-lentokenttavirkailijat-pakottivat-emmerdale-tahden-vaaalle\/971173\" rel=\"nofollow noopener\" target=\"_blank\"><\/p>\n<p class=\"section-date\">\n        <strong class=\"article-section\" data-section=\"ulkomaat\"><br \/>\n            ulkomaat<br \/>\n        <\/strong><br \/>\n        3.6.2019 20:01\n    <\/p>\n<p>\u201dEl\u00e4m\u00e4ni n\u00f6yryytt\u00e4vin hetki\u201d \u2013 lentokentt\u00e4virkailijat pakottivat Emmerdale-t\u00e4hden vaa\u00b4alle!\n    <\/p>\n<p>        <\/a><\/p>\n<p class=\"article-content article-content-width !bg-background\">Lisa kertoo muutoksen my\u00f6t\u00e4 esimerkiksi lopettaneen napostelun kokonaan ja hakeneensa apua ruoka-annosten koon ja koostumusten ymm\u00e4rt\u00e4miseen.<\/p>\n<p class=\"article-content article-content-width !bg-background\">Ruokailun palauttaminen normaaliksi on tehokas keino ja painonhallinnan perusta, mutta Lisan tapauksessa kyse oli muustakin.<\/p>\n<p>J\u00e4rkytt\u00e4v\u00e4 riippuvuus<\/p>\n<p class=\"article-content article-content-width !bg-background\">Parhaillaan Lisaa n\u00e4hd\u00e4\u00e4n brittitelevisiossa\u00a0Olen julkkis&#8230; P\u00e4\u00e4st\u00e4k\u00e4\u00e4 minut pois t\u00e4\u00e4lt\u00e4 -selviytymisrealityss\u00e4. Puhuessaan painostaan h\u00e4n paljastaa ohjelmassa, ett\u00e4 h\u00e4nell\u00e4 on my\u00f6s tyypillisi\u00e4 painonhallintaan liittyvi\u00e4 vahingollisia ennakkoluuloja.<\/p>\n<p>        <a itemprop=\"url\" href=\"https:\/\/www.seiska.fi\/kuninkaalliset\/melkoinen-molaytys-kuningatar-camilla-paasti-sammakon-suustaan-palkitun-nayttelijan-edessa\/1996714\" rel=\"nofollow noopener\" target=\"_blank\"><\/p>\n<p>\nKuningatar p\u00e4\u00e4sti sammakon suusta\n<\/p>\n<p class=\"section-date\">\n        <strong class=\"article-section\" data-section=\"kuninkaalliset\"><br \/>\n            kuninkaalliset<br \/>\n        <\/strong><br \/>\n        18.11. 20:30\n    <\/p>\n<p>Melkoinen m\u00f6l\u00e4ytys! Kuningatar Camilla p\u00e4\u00e4sti sammakon suustaan palkitun n\u00e4yttelij\u00e4n edess\u00e4\n    <\/p>\n<p itemprop=\"description\" class=\"subtitle \">\n    Kuningatar Camilla ei varonut sanojaan saati ollut hienotunteinen tavatessaan BAFTA-palkitun walesilaisn\u00e4yttelij\u00e4tt\u00e4ren.\n<\/p>\n<p>        <\/a><\/p>\n<p class=\"article-content article-content-width !bg-background\">\u2013 En siis ole laiska, en ole koskaan laiska, h\u00e4n puolustautuu.<\/p>\n<p class=\"article-content article-content-width !bg-background\">Ohjelmassa , joka on ollut raitis jo vuosikymmenen, kysyy, onko Lisa j\u00e4tt\u00e4nyt my\u00f6s alkoholin.<\/p>\n<p>        <a itemprop=\"url\" href=\"https:\/\/www.seiska.fi\/katso\/emmerdale-tahti-lisa-rileylla-merkkipaiva-kuusi-vuotta-ilman-alkoholia\/593066\" rel=\"nofollow noopener\" target=\"_blank\"><\/p>\n<p>\ntv\n<\/p>\n<p class=\"section-date\">\n        <strong class=\"article-section\" data-section=\"katso\"><br \/>\n            katso<br \/>\n        <\/strong><br \/>\n        20.8.2021 14:31\n    <\/p>\n<p>Emmerdale-t\u00e4hti Lisa Rileyll\u00e4 merkkip\u00e4iv\u00e4: Kuusi vuotta ilman alkoholia\n    <\/p>\n<p>        <\/a><\/p>\n<p class=\"article-content article-content-width !bg-background\">\u2013 Oli aika, jolloin join jopa kolme pulloa Malbecia joka ilta ja poltin kaksi askia tupakkaa, koska tarvitsin niit\u00e4. Se oli riippuvuuteni pahinta aikaa, Lisa tunnustaa.<\/p>\n<p>Sy\u00f6p\u00e4kuolema johti luisuun<\/p>\n<p class=\"article-content article-content-width !bg-background\">Nyt h\u00e4n kuvaa riippuvuuden aikaisia tapojaan kolmine viinipulloineen hulluiksi.<\/p>\n<p class=\"article-content article-content-width !bg-background\">Alam\u00e4keen ajautumiselle oli melko tyypillinen syy, oman el\u00e4m\u00e4n kovat murroskohdat.<\/p>\n<p>                <img decoding=\"async\" src=\"https:\/\/www.europesays.com\/fi\/wp-content\/uploads\/2025\/11\/2007437.webp\" width=\"576\" height=\"543\" alt=\"Vuonna 2012 ollessan tauolla Emmerdalesta, Riley pist\u00e4ytyi Scott &amp; Bailey-sarjassa. Tuolloin el\u00e4m\u00e4ss\u00e4 oli juuri alkanut pahin lipsumisvaihe.\" loading=\"lazy\" \/>            <\/p>\n<p>\n            Vuonna 2012 ollessan tauolla Emmerdalesta, Riley pist\u00e4ytyi Scott &amp; Bailey-sarjassa. Tuolloin el\u00e4m\u00e4ss\u00e4 oli juuri alkanut pahin lipsumisvaihe.<br \/>\n            ITV Channel 3 \/ Matt Squire\n        <\/p>\n<p class=\"article-content article-content-width !bg-background\">\u2013 \u00c4iti kuoli 2012 rintasy\u00f6p\u00e4\u00e4n. H\u00e4n oli 57-vuotias, ja sy\u00f6p\u00e4 oli levinnyt lantioon, munasarjoihin ja haimaan. Aloin menett\u00e4\u00e4 otteeni silloin.<\/p>\n<p>Voima ratkaisuun l\u00f6ytyi itsest\u00e4<\/p>\n<p class=\"article-content article-content-width !bg-background\">Kertoessaan realityohjelmassa juomisensa lopettamisesta, Riley kertoo, ett\u00e4 Emmerdaleen t\u00f6ihin l\u00e4htiess\u00e4\u00e4n h\u00e4n nosti hymyn kasvoilleen, koska rooli ja ty\u00f6 vaativat sit\u00e4.<\/p>\n<p class=\"article-content article-content-width !bg-background\">Sis\u00e4lt\u00e4 h\u00e4n sanoo olleensa murenemassa.<\/p>\n<p>        <a itemprop=\"url\" href=\"https:\/\/www.seiska.fi\/katso\/mika-muutos-nain-paljon-timo-jutilan-paino-putosi\/2004781\" rel=\"nofollow noopener\" target=\"_blank\"><\/p>\n<p>\nOlet mit\u00e4 sy\u00f6t\n<\/p>\n<p class=\"section-date\">\n        <strong class=\"article-section\" data-section=\"katso\"><br \/>\n            katso<br \/>\n        <\/strong><br \/>\n        27.11. 21:00\n    <\/p>\n<p>Mik\u00e4 muutos! N\u00e4in paljon Timo Jutilan paino putosi\n    <\/p>\n<p itemprop=\"description\" class=\"subtitle \">\n    Timo Jutila muutti elintapojaan Olet mit\u00e4 sy\u00f6t -ohjelman avulla.\n<\/p>\n<p>        <\/a><\/p>\n<p class=\"article-content article-content-width !bg-background\">Monista muista poiketen Riley oli onnekas, sill\u00e4 h\u00e4n l\u00f6ysi sis\u00e4lt\u00e4\u00e4n voimaa joka oli viel\u00e4 suurempi kuin riippuvuus. Ruoka ja alkoholi oli aika pist\u00e4\u00e4 omalle sijalleen el\u00e4m\u00e4ss\u00e4.<\/p>\n<p class=\"article-content article-content-width !bg-background\">\u2013 Se oli p\u00e4\u00e4t\u00f6s, jonka tein monista syist\u00e4, mutta tein sen itse\u00e4ni varten, kun tiesin, ett\u00e4 nyt riitt\u00e4\u00e4 ja minun oli otettava t\u00e4ysi hallinta el\u00e4m\u00e4st\u00e4ni.<\/p>\n<p>                <img decoding=\"async\" src=\"https:\/\/www.europesays.com\/fi\/wp-content\/uploads\/2025\/11\/2007459.webp\" width=\"576\" height=\"668\" alt=\"Vuonna 2018 Lisa oli pudottanut noin 75 kiloa. Elimist\u00f6 oli my\u00f6s ollut kovilla, ja vartalon toipumistahtia edistettiin leikkaushoidolla.\" loading=\"lazy\" \/>            <\/p>\n<p>\n            Vuonna 2018 Lisa oli pudottanut noin 75 kiloa. Elimist\u00f6 oli my\u00f6s ollut kovilla, ja vartalon toipumistahtia edistettiin leikkaushoidolla.<br \/>\n            Alamy\n        <\/p>\n<p class=\"article-content article-content-width !bg-background\">Riley on puhunut avoimesti raittiudestaan aiemminkin. H\u00e4n kertoi Loose Women -ohjelmassa vuonna 2018, ett\u00e4 h\u00e4nen oli lopetettava juominen havaittuaan &#8221;muutoksia&#8221; itsess\u00e4\u00e4n.<\/p>\n<p class=\"article-content article-content-width !bg-background\"><a href=\"https:\/\/www.dailymail.co.uk\/tvshowbiz\/article-7435651\/Lisa-Riley-reveals-staggering-12-STONE-weight-loss-expanded-costume-options-Emmerdale.html\" target=\"_blank\" rel=\"nofollow noopener\">Daily Mailille h\u00e4n kertoi vuonna 2019, miten painon pit\u00e4minen alaluvuissa on onnistunut.\u00a0<\/a><\/p>\n<p class=\"article-content article-content-width !bg-background\">Motivaatiota toi sekin, miten h\u00e4nen Emmerdale-hahmonsa muutti pukeutumistaan n\u00e4yttelij\u00e4n painon pudottua.<\/p>\n<p>                <img decoding=\"async\" src=\"https:\/\/www.europesays.com\/fi\/wp-content\/uploads\/2025\/11\/2007446.webp\" width=\"576\" height=\"725\" alt=\"Syksyll\u00e4 Usherin oireyhtym\u00e4\u00e4 vastaan j\u00e4rjestettyyn hyv\u00e4ntekev\u00e4isyystapahtumaan osallistunut Lisa tiet\u00e4\u00e4 my\u00f6s repsahduksista. Niiden vuoksi ei kuitenkaan lopeteta, vaan jatketaan taas oikeaan suuntaan siit\u00e4 tilanteesta, jossa silloin on.\" loading=\"lazy\" \/>            <\/p>\n<p>\n            Syksyll\u00e4 Usherin oireyhtym\u00e4\u00e4 vastaan j\u00e4rjestettyyn hyv\u00e4ntekev\u00e4isyystapahtumaan osallistunut Lisa tiet\u00e4\u00e4 my\u00f6s repsahduksista. Niiden vuoksi ei kuitenkaan lopeteta, vaan jatketaan taas oikeaan suuntaan siit\u00e4 tilanteesta, jossa silloin on.<br \/>\n            AOP\n        <\/p>\n<p class=\"article-content article-content-width !bg-background\">Matkalla on ollut my\u00f6s kompastuksia ja repsahduksia.<\/p>\n<p class=\"article-content article-content-width !bg-background\">\u2013 Niit\u00e4 ei kannata n\u00e4hd\u00e4 ep\u00e4onnistumisina, se voi johtaa luovuttamiseen. Kompastelun j\u00e4lkeen kannattaa vain vet\u00e4\u00e4 viiva tapahtuneen p\u00e4\u00e4ttymisen merkiksi ja jatkaa rauhassa eteenp\u00e4in.<\/p>\n<p class=\"article-content article-content-width !bg-background\">Hallintaa helpotti, kun h\u00e4n sai hyv\u00e4ksytty\u00e4 vastuunsa omasta hyv\u00e4st\u00e4 olostaan.<\/p>\n<p>        <a itemprop=\"url\" href=\"https:\/\/www.seiska.fi\/katso\/salatut-elamat-tahti-teki-uskomattoman-muodonmuutoksen-tassa-syy\/1991416\" rel=\"nofollow noopener\" target=\"_blank\"><\/p>\n<p>\nSalatut el\u00e4m\u00e4t -t\u00e4hti\n<\/p>\n<p class=\"section-date\">\n        <strong class=\"article-section\" data-section=\"katso\"><br \/>\n            katso<br \/>\n        <\/strong><br \/>\n        16.11. 09:15\n    <\/p>\n<p>Salatut el\u00e4m\u00e4t -t\u00e4hti teki uskomattoman muodonmuutoksen \u2013 t\u00e4ss\u00e4 syy\n    <\/p>\n<p itemprop=\"description\" class=\"subtitle \">\n    Axel luopui hiuksistaan ja yli kymmenest\u00e4 kilosta painoa. Nyt h\u00e4n kertoo Katsolle syyn kaiken taustalla.\n<\/p>\n<p>        <\/a><\/p>\n","protected":false},"excerpt":{"rendered":"AOP Lisa Riley joi kolme pulloa viini\u00e4 joka ilta. Emmerdale-sarjasta tuttu n\u00e4yttelij\u00e4 , 49, on puhunut avoimesti el\u00e4m\u00e4ntapamuutoksestaan,&hellip;\n","protected":false},"author":2,"featured_media":103923,"comment_status":"","ping_status":"","sticky":false,"template":"","format":"standard","meta":{"footnotes":""},"categories":[130],"tags":[18987,4659,137,33,31,30,6383,19685,4436,2528,5968,18619,2882,697,900,2999,32,2529,12432,167,4967,109,729],"class_list":{"0":"post-103922","1":"post","2":"type-post","3":"status-publish","4":"format-standard","5":"has-post-thumbnail","7":"category-viihde","8":"tag-alkoholiriippuvuus","9":"tag-emmerdale","10":"tag-entertainment","11":"tag-fi","12":"tag-finland","13":"tag-finnish","14":"tag-kuvat","15":"tag-lisa-riley","16":"tag-muodonmuutos","17":"tag-paino","18":"tag-painonhallinta","19":"tag-painonnousu","20":"tag-painonpudotus","21":"tag-riippuvuus","22":"tag-ruoka","23":"tag-ruokavalio","24":"tag-suomi","25":"tag-syominen","26":"tag-talta-han-nayttaa-nyt","27":"tag-terveys","28":"tag-terveyshuolia","29":"tag-viihde","30":"tag-ylipaino"},"share_on_mastodon":{"url":"https:\/\/pubeurope.com\/@fi\/115638550283215210","error":""},"_links":{"self":[{"href":"https:\/\/www.europesays.com\/fi\/wp-json\/wp\/v2\/posts\/103922","targetHints":{"allow":["GET"]}}],"collection":[{"href":"https:\/\/www.europesays.com\/fi\/wp-json\/wp\/v2\/posts"}],"about":[{"href":"https:\/\/www.europesays.com\/fi\/wp-json\/wp\/v2\/types\/post"}],"author":[{"embeddable":true,"href":"https:\/\/www.europesays.com\/fi\/wp-json\/wp\/v2\/users\/2"}],"replies":[{"embeddable":true,"href":"https:\/\/www.europesays.com\/fi\/wp-json\/wp\/v2\/comments?post=103922"}],"version-history":[{"count":0,"href":"https:\/\/www.europesays.com\/fi\/wp-json\/wp\/v2\/posts\/103922\/revisions"}],"wp:featuredmedia":[{"embeddable":true,"href":"https:\/\/www.europesays.com\/fi\/wp-json\/wp\/v2\/media\/103923"}],"wp:attachment":[{"href":"https:\/\/www.europesays.com\/fi\/wp-json\/wp\/v2\/media?parent=103922"}],"wp:term":[{"taxonomy":"category","embeddable":true,"href":"https:\/\/www.europesays.com\/fi\/wp-json\/wp\/v2\/categories?post=103922"},{"taxonomy":"post_tag","embeddable":true,"href":"https:\/\/www.europesays.com\/fi\/wp-json\/wp\/v2\/tags?post=103922"}],"curies":[{"name":"wp","href":"https:\/\/api.w.org\/{rel}","templated":true}]}}