{"id":103926,"date":"2025-11-30T12:07:09","date_gmt":"2025-11-30T12:07:09","guid":{"rendered":"https:\/\/www.europesays.com\/fi\/103926\/"},"modified":"2025-11-30T12:07:09","modified_gmt":"2025-11-30T12:07:09","slug":"puolustusvoimien-kuorma-auto-onnettomuudessa-raaseporissa-mukana-useita-ihmisia-uutisia-lyhyesti","status":"publish","type":"post","link":"https:\/\/www.europesays.com\/fi\/103926\/","title":{"rendered":"Puolustusvoimien kuorma-auto onnettomuudessa Raaseporissa, mukana useita ihmisi\u00e4 | Uutisia lyhyesti"},"content":{"rendered":"<p class=\"aw-1gybjub aw-5vja16 kEtdKx kmuxyA yle__article__paragraph\">Onnettomuudessa on loukkaantunut useampi henkil\u00f6, mutta kenell\u00e4k\u00e4\u00e4n ei ole alustavien tietojen mukaan hengenvaaraa.<\/p>\n<p><img decoding=\"async\" alt=\"Karttakuvaan on merkattu Turku, Lohja ja Tammisaari. Onnettomuuspaikka on Tammisaaresta luoteeseen.\" src=\"https:\/\/www.europesays.com\/fi\/wp-content\/uploads\/2025\/11\/39-1561898692c31541a7c2.jpeg\" class=\"aw-1l9m598 hKVVvP\"\/><\/p>\n<p>Avaa kuvien katselu<\/p>\n<p>Kuva: Lauri Karo \/ Yle, Mapcreator, OpenStreetMap<\/p>\n<p class=\"aw-1gybjub aw-1p7kakr kEtdKx cEmitX yle__article__paragraph\">Alustavien tietojen mukaan Puolustusvoimien kuorma-auto on ajautunut ojaan Perni\u00f6ntiell\u00e4 Raaseporissa. Onnettomuudessa on ollut mukana 13 ihmist\u00e4.<\/p>\n<p class=\"aw-1gybjub aw-1p7kakr kEtdKx cEmitX yle__article__paragraph\">Onnettomuudessa on loukkaantunut useampi ihminen, joista yksi on vakavammin loukkaantunut.<\/p>\n<p class=\"aw-1gybjub aw-1p7kakr kEtdKx cEmitX yle__article__paragraph\">Paikalla on useita poliisin ja pelastuslaitoksen yksik\u00f6it\u00e4. Pelastuslaitoksen mukaan Perni\u00f6ntien toinen kaista on suljettu liikenteelt\u00e4.<\/p>\n<p class=\"aw-1gybjub aw-1p7kakr kEtdKx cEmitX yle__article__paragraph\">Uutinen p\u00e4ivittyy.<\/p>\n","protected":false},"excerpt":{"rendered":"Onnettomuudessa on loukkaantunut useampi henkil\u00f6, mutta kenell\u00e4k\u00e4\u00e4n ei ole alustavien tietojen mukaan hengenvaaraa. Avaa kuvien katselu Kuva: Lauri&hellip;\n","protected":false},"author":2,"featured_media":103927,"comment_status":"","ping_status":"","sticky":false,"template":"","format":"standard","meta":{"footnotes":""},"categories":[12],"tags":[22,23,26,27,33,31,30,17,71,24,25,782,28,29,15,837,18,21,4097,11270,32,19,20,1168,16],"class_list":{"0":"post-103926","1":"post","2":"type-post","3":"status-publish","4":"format-standard","5":"has-post-thumbnail","7":"category-suomi","8":"tag-breaking-news","9":"tag-breakingnews","10":"tag-featured-news","11":"tag-featurednews","12":"tag-fi","13":"tag-finland","14":"tag-finnish","15":"tag-headlines","16":"tag-kotimaa","17":"tag-latest-news","18":"tag-latestnews","19":"tag-maanpuolustus","20":"tag-main-news","21":"tag-mainnews","22":"tag-news","23":"tag-onnettomuudet","24":"tag-otsikot","25":"tag-paauutiset","26":"tag-puolustusvoimat","27":"tag-raasepori","28":"tag-suomi","29":"tag-top-stories","30":"tag-topstories","31":"tag-uusimaa","32":"tag-uutiset"},"share_on_mastodon":{"url":"https:\/\/pubeurope.com\/@fi\/115638570047775973","error":""},"_links":{"self":[{"href":"https:\/\/www.europesays.com\/fi\/wp-json\/wp\/v2\/posts\/103926","targetHints":{"allow":["GET"]}}],"collection":[{"href":"https:\/\/www.europesays.com\/fi\/wp-json\/wp\/v2\/posts"}],"about":[{"href":"https:\/\/www.europesays.com\/fi\/wp-json\/wp\/v2\/types\/post"}],"author":[{"embeddable":true,"href":"https:\/\/www.europesays.com\/fi\/wp-json\/wp\/v2\/users\/2"}],"replies":[{"embeddable":true,"href":"https:\/\/www.europesays.com\/fi\/wp-json\/wp\/v2\/comments?post=103926"}],"version-history":[{"count":0,"href":"https:\/\/www.europesays.com\/fi\/wp-json\/wp\/v2\/posts\/103926\/revisions"}],"wp:featuredmedia":[{"embeddable":true,"href":"https:\/\/www.europesays.com\/fi\/wp-json\/wp\/v2\/media\/103927"}],"wp:attachment":[{"href":"https:\/\/www.europesays.com\/fi\/wp-json\/wp\/v2\/media?parent=103926"}],"wp:term":[{"taxonomy":"category","embeddable":true,"href":"https:\/\/www.europesays.com\/fi\/wp-json\/wp\/v2\/categories?post=103926"},{"taxonomy":"post_tag","embeddable":true,"href":"https:\/\/www.europesays.com\/fi\/wp-json\/wp\/v2\/tags?post=103926"}],"curies":[{"name":"wp","href":"https:\/\/api.w.org\/{rel}","templated":true}]}}