{"id":103928,"date":"2025-11-30T12:08:09","date_gmt":"2025-11-30T12:08:09","guid":{"rendered":"https:\/\/www.europesays.com\/fi\/103928\/"},"modified":"2025-11-30T12:08:09","modified_gmt":"2025-11-30T12:08:09","slug":"nain-moskovalaisen-hotellin-tyontekija-kuvailee-ano-turtiaisen-kaytosta","status":"publish","type":"post","link":"https:\/\/www.europesays.com\/fi\/103928\/","title":{"rendered":"N\u00e4in moskovalaisen hotellin ty\u00f6ntekij\u00e4 kuvailee Ano Turtiaisen k\u00e4yt\u00f6st\u00e4"},"content":{"rendered":"<p>HS:n haastattelema hotellin tarjoilija kertoo, ett\u00e4 Ano Turtiaisella on ollut usein ven\u00e4l\u00e4ist\u00e4 seuraa. Turvapaikkaa Ven\u00e4j\u00e4lt\u00e4 hakenut Turtiainen on kielitaidoton. <\/p>\n<p><img decoding=\"async\" class=\"image image-show image-preview\" src=\"https:\/\/www.europesays.com\/fi\/wp-content\/uploads\/2025\/11\/453ca453f351c2e743945ec25a895baf91b2a6e87056c579dffc80489bac0b3e.jpg\" alt=\"\"\/><img decoding=\"async\" class=\"image image-show\" src=\"https:\/\/www.europesays.com\/fi\/wp-content\/uploads\/2025\/11\/1764504489_410_453ca453f351c2e743945ec25a895baf91b2a6e87056c579dffc80489bac0b3e.jpg\" alt=\"\"\/><\/p>\n<p>Ano Turtiainen on kertonut sosiaalisessa mediassa julkaisemillaan videoillaan, ett\u00e4 kielitaidottomuus on hankaloittanut h\u00e4nen el\u00e4m\u00e4\u00e4ns\u00e4 Ven\u00e4j\u00e4ll\u00e4, jonne h\u00e4n on l\u00e4htenyt turvapaikanhakijaksi.  Petteri Paalasmaa<\/p>\n<p class=\"paragraph\">Ven\u00e4j\u00e4lt\u00e4 turvapaikkaa hakenut <strong>Ano Turtiainen<\/strong> majailee t\u00e4t\u00e4 nyky\u00e4 Moskovassa.<\/p>\n<p class=\"paragraph\"><a href=\"https:\/\/www.hs.fi\/tutkiva\/art-2000011617396.html\" target=\"_blank\" rel=\"noopener nofollow\">Helsingin Sanomat<\/a> yritti l\u00f6yt\u00e4\u00e4 Turtiaista moskovalaisesta Izmailovo-hotellista, jossa Turtiainen on somevideoidensa perusteella asunut puolisonsa <strong>Minna Turtiaisen<\/strong> kanssa.<\/p>\n<p class=\"paragraph\">HS:n haastattelema tarjoilija tunnistaa Turtiaisen kuvasta. Tarjoilija kertoo, ett\u00e4 Turtiaisella ja t\u00e4m\u00e4n vaimolla on ollut hotellissa usein ven\u00e4l\u00e4ist\u00e4 seuraa.  Tarjoilija kertoo lis\u00e4ksi, ett\u00e4 Turtiaiset eiv\u00e4t puhu ven\u00e4j\u00e4\u00e4 mutta ovat osanneet kiitt\u00e4\u00e4 ven\u00e4j\u00e4ksi. Lis\u00e4ksi he ovat j\u00e4tt\u00e4neet reilusti tippi\u00e4.<\/p>\n<p class=\"paragraph\">Edellisen kerran tarjoilija on n\u00e4hnyt Turtiaiset hotellin aamiaisella, mutta heill\u00e4 oli mukanaan matkalaukut. Turtiainen kertoi marraskuun alussa <a href=\"https:\/\/www.iltalehti.fi\/politiikka\/ab4ea122-d507-4ad7-b0c5-e62654689419\" rel=\"nofollow noopener\" target=\"_blank\">vuokranneensa Moskovan l\u00e4helt\u00e4 asunnon<\/a>.<\/p>\n<p class=\"paragraph\">HS:n haastattelema Karjalan tasavallan Kansantaiteen ja kulttuurialoitteiden keskuksen johtaja <strong>Andrei Redkin<\/strong> ei tunne Turtiaista. Redkin kuitenkin ehdottaa syyt\u00e4 siihen, miksi Turtiainen on tahtonut Suomesta Ven\u00e4j\u00e4lle.<\/p>\n<p class=\"paragraph\">\u2013 Oikeasti Suomessa on tosi tyls\u00e4\u00e4 ja ankeaa el\u00e4\u00e4. Ven\u00e4j\u00e4ll\u00e4 sellaista ei ole: meill\u00e4 on sellainen jatkuva juhla, h\u00e4n sanoo.<\/p>\n<p class=\"paragraph\">Ano Turtiainen on perussuomalaisten entinen kansanedustaja. H\u00e4net kuitenkin erotettiin ensin puolueen eduskuntaryhm\u00e4st\u00e4 ja sittemmin koko puolueesta.<\/p>\n<p class=\"paragraph\">Erottamisensa j\u00e4lkeen Turtiainen perusti oman Valta kuuluu kansalle -puolueen (VKK).<\/p>\n<p class=\"paragraph\">Turtiainen on viime vuosina tullut tunnetuksi varsin Ven\u00e4j\u00e4-mielisist\u00e4 kannoistaan. VKK erotti Turtiaisen puolueesta maaliskuussa 2024.<\/p>\n","protected":false},"excerpt":{"rendered":"HS:n haastattelema hotellin tarjoilija kertoo, ett\u00e4 Ano Turtiaisella on ollut usein ven\u00e4l\u00e4ist\u00e4 seuraa. Turvapaikkaa Ven\u00e4j\u00e4lt\u00e4 hakenut Turtiainen on&hellip;\n","protected":false},"author":2,"featured_media":103929,"comment_status":"","ping_status":"","sticky":false,"template":"","format":"standard","meta":{"footnotes":""},"categories":[5],"tags":[35,22,23,26,27,33,31,30,17,24,25,28,29,15,18,21,142,637,886,885,887,32,19,20,16],"class_list":{"0":"post-103928","1":"post","2":"type-post","3":"status-publish","4":"format-standard","5":"has-post-thumbnail","7":"category-otsikot","8":"tag-24h","9":"tag-breaking-news","10":"tag-breakingnews","11":"tag-featured-news","12":"tag-featurednews","13":"tag-fi","14":"tag-finland","15":"tag-finnish","16":"tag-headlines","17":"tag-latest-news","18":"tag-latestnews","19":"tag-main-news","20":"tag-mainnews","21":"tag-news","22":"tag-otsikot","23":"tag-paauutiset","24":"tag-poliitikot","25":"tag-politiikka","26":"tag-puolueet","27":"tag-suomen-poliittiset-puolueet","28":"tag-suomen-politiikka","29":"tag-suomi","30":"tag-top-stories","31":"tag-topstories","32":"tag-uutiset"},"share_on_mastodon":{"url":"https:\/\/pubeurope.com\/@fi\/115638573978760087","error":""},"_links":{"self":[{"href":"https:\/\/www.europesays.com\/fi\/wp-json\/wp\/v2\/posts\/103928","targetHints":{"allow":["GET"]}}],"collection":[{"href":"https:\/\/www.europesays.com\/fi\/wp-json\/wp\/v2\/posts"}],"about":[{"href":"https:\/\/www.europesays.com\/fi\/wp-json\/wp\/v2\/types\/post"}],"author":[{"embeddable":true,"href":"https:\/\/www.europesays.com\/fi\/wp-json\/wp\/v2\/users\/2"}],"replies":[{"embeddable":true,"href":"https:\/\/www.europesays.com\/fi\/wp-json\/wp\/v2\/comments?post=103928"}],"version-history":[{"count":0,"href":"https:\/\/www.europesays.com\/fi\/wp-json\/wp\/v2\/posts\/103928\/revisions"}],"wp:featuredmedia":[{"embeddable":true,"href":"https:\/\/www.europesays.com\/fi\/wp-json\/wp\/v2\/media\/103929"}],"wp:attachment":[{"href":"https:\/\/www.europesays.com\/fi\/wp-json\/wp\/v2\/media?parent=103928"}],"wp:term":[{"taxonomy":"category","embeddable":true,"href":"https:\/\/www.europesays.com\/fi\/wp-json\/wp\/v2\/categories?post=103928"},{"taxonomy":"post_tag","embeddable":true,"href":"https:\/\/www.europesays.com\/fi\/wp-json\/wp\/v2\/tags?post=103928"}],"curies":[{"name":"wp","href":"https:\/\/api.w.org\/{rel}","templated":true}]}}