{"id":103930,"date":"2025-11-30T12:20:12","date_gmt":"2025-11-30T12:20:12","guid":{"rendered":"https:\/\/www.europesays.com\/fi\/103930\/"},"modified":"2025-11-30T12:20:12","modified_gmt":"2025-11-30T12:20:12","slug":"laulajatahti-antti-railio-kertoo-karsineensa-eteisvarinasta-sydamessa","status":"publish","type":"post","link":"https:\/\/www.europesays.com\/fi\/103930\/","title":{"rendered":"Laulajat\u00e4hti Antti Railio kertoo k\u00e4rsineens\u00e4 eteisv\u00e4rin\u00e4st\u00e4 syd\u00e4mess\u00e4"},"content":{"rendered":"<p><a class=\"sr-only bg-component-bg-color focus:not-sr-only focus:absolute focus:left-0 focus:right-auto focus:top-0 focus:p-200\" href=\"#main\" data-sentry-component=\"SkipToContentLink\" data-sentry-source-file=\"SkipToContentLink.tsx\">Hypp\u00e4\u00e4 p\u00e4\u00e4sis\u00e4lt\u00f6\u00f6n<\/a>Sis\u00e4ll\u00f6t<\/p>\n<ul class=\"flex w-full flex-1 flex-wrap gap-800\">\n<li class=\"block flex-1 flex-nowrap xs:flex-initial\" data-testid=\"site-footer-section-item-component\" data-sentry-component=\"SiteFooterSectionItem\" data-sentry-source-file=\"SiteFooterSectionItem.tsx\">Tomi Einonen<br \/>Vastaava p\u00e4\u00e4toimittaja<\/li>\n<li class=\"block flex-1 flex-nowrap xs:flex-initial\" data-testid=\"site-footer-section-item-component\" data-sentry-component=\"SiteFooterSectionItem\" data-sentry-source-file=\"SiteFooterSectionItem.tsx\">Ilkka Ahtiainen<br \/>Uutisp\u00e4\u00e4toimittaja<\/li>\n<li class=\"block flex-1 flex-nowrap xs:flex-initial\" data-testid=\"site-footer-section-item-component\" data-sentry-component=\"SiteFooterSectionItem\" data-sentry-source-file=\"SiteFooterSectionItem.tsx\">Mona Haapsaari<br \/>Toimitusp\u00e4\u00e4llikk\u00f6<\/li>\n<li class=\"block flex-1 flex-nowrap xs:flex-initial\" data-testid=\"site-footer-section-item-component\" data-sentry-component=\"SiteFooterSectionItem\" data-sentry-source-file=\"SiteFooterSectionItem.tsx\">Teemu Niikko<br \/>Toimitusp\u00e4\u00e4llikk\u00f6, urheilu<\/li>\n<\/ul>\n<p>Liiketoiminta<\/p>\n<ul class=\"flex w-full flex-1 flex-wrap gap-800\">\n<li class=\"block flex-1 flex-nowrap xs:flex-initial\" data-testid=\"site-footer-section-item-component\" data-sentry-component=\"SiteFooterSectionItem\" data-sentry-source-file=\"SiteFooterSectionItem.tsx\">Iina Eloranta<br \/>VP, Channels and Digital Consumption<\/li>\n<\/ul>\n<p>SuomiAreena<\/p>\n<ul class=\"flex w-full flex-1 flex-wrap gap-800\">\n<li class=\"block flex-1 flex-nowrap xs:flex-initial\" data-testid=\"site-footer-section-item-component\" data-sentry-component=\"SiteFooterSectionItem\" data-sentry-source-file=\"SiteFooterSectionItem.tsx\">Jeremias Kontio<br \/>Vastaava tuottaja<\/li>\n<\/ul>\n<p><a class=\"flex flex-col items-center justify-center\" data-testid=\"Etusivu-navigation-bar-item\" role=\"link\" title=\"Etusivu linkki\" data-sentry-element=\"Link\" data-sentry-component=\"InternalLink\" data-sentry-source-file=\"InternalLink.tsx\" href=\"https:\/\/www.mtvuutiset.fi\/\" rel=\"nofollow noopener\" target=\"_blank\">Etusivu<\/a><a class=\"flex flex-col items-center justify-center\" data-testid=\"Videot-navigation-bar-item\" role=\"link\" title=\"Videot linkki\" data-sentry-element=\"Link\" data-sentry-component=\"InternalLink\" data-sentry-source-file=\"InternalLink.tsx\" href=\"https:\/\/www.mtvuutiset.fi\/videot\" rel=\"nofollow noopener\" target=\"_blank\">Videot<\/a><a class=\"flex flex-col items-center justify-center\" data-testid=\"Tuoreimmat-navigation-bar-item\" role=\"link\" title=\"Tuoreimmat linkki\" data-sentry-element=\"Link\" data-sentry-component=\"InternalLink\" data-sentry-source-file=\"InternalLink.tsx\" href=\"https:\/\/www.mtvuutiset.fi\/tuoreimmat\" rel=\"nofollow noopener\" target=\"_blank\">Tuoreimmat<\/a><a class=\"flex flex-col items-center justify-center\" data-testid=\"Luetuimmat-navigation-bar-item\" role=\"link\" title=\"Luetuimmat linkki\" data-sentry-element=\"Link\" data-sentry-component=\"InternalLink\" data-sentry-source-file=\"InternalLink.tsx\" href=\"https:\/\/www.mtvuutiset.fi\/luetuimmat\" rel=\"nofollow noopener\" target=\"_blank\">Luetuimmat<\/a>Odota11:50<img alt=\"Antti Railion vaikuttava el\u00e4m\u00e4ntapamuutos \u2013 julkisti joululevy ja -konserttikiertueen\" data-testid=\"header-media-video-image\" data-sentry-element=\"Image\" data-sentry-source-file=\"NextImage.tsx\" fetchpriority=\"high\" loading=\"eager\" decoding=\"async\" data-nimg=\"fill\" class=\"transition duration-700 ease-in-out hover:scale-[1.05]\" style=\"position:absolute;height:100%;width:100%;left:0;top:0;right:0;bottom:0;color:transparent;background-size:cover;background-position:50% 50%;background-repeat:no-repeat;background-image:url(&quot;data:image\/svg+xml;base64,Cjxzdmcgd2lkdGg9IjcyMCIgaGVpZ2h0PSI0MDUiIHZlcnNpb249IjEuMSIgeG1sbnM9Imh0dHA6Ly93d3cudzMub3JnLzIwMDAvc3ZnIiB4bWxuczp4bGluaz0iaHR0cDovL3d3dy53My5vcmcvMTk5OS94bGluayI+CiAgPGRlZnM+CiAgICA8bGluZWFyR3JhZGllbnQgaWQ9ImciPgogICAgICA8c3RvcCBzdG9wLWNvbG9yPSIjMEIxODIzIiBvZmZzZXQ9IjIwJSIgLz4KICAgICAgPHN0b3Agc3RvcC1jb2xvcj0iIzFBMjczMiIgb2Zmc2V0PSI1MCUiIC8+CiAgICAgIDxzdG9wIHN0b3AtY29sb3I9IiMwQjE4MjMiIG9mZnNldD0iNzAlIiAvPgogICAgPC9saW5lYXJHcmFkaWVudD4KICA8L2RlZnM+CiAgPHJlY3Qgd2lkdGg9IjcyMCIgaGVpZ2h0PSI0MDUiIGZpbGw9IiMwQjE4MjMiIC8+CiAgPHJlY3QgaWQ9InIiIHdpZHRoPSI3MjAiIGhlaWdodD0iNDA1IiBmaWxsPSJ1cmwoI2cpIiAvPgogIDxhbmltYXRlIHhsaW5rOmhyZWY9IiNyIiBhdHRyaWJ1dGVOYW1lPSJ4IiBmcm9tPSItNzIwIiB0bz0iNzIwIiBkdXI9IjFzIiByZXBlYXRDb3VudD0iaW5kZWZpbml0ZSIgIC8+Cjwvc3ZnPg==&quot;)\"   src=\"https:\/\/www.europesays.com\/fi\/wp-content\/uploads\/2025\/11\/1764505212_864_imageproxy.a2d.tv\"\/>Antti Railion vaikuttava el\u00e4m\u00e4ntapamuutos \u2013 julkisti joululevy ja -konserttikiertueen.Julkaistu 30.11.2025 13:08<img alt=\"Toimittajan kuva\" data-testid=\"author-image\" data-sentry-element=\"Image\" data-sentry-source-file=\"NextImage.tsx\" fetchpriority=\"low\" loading=\"lazy\" decoding=\"async\" data-nimg=\"fill\" class=\"transition duration-700 ease-in-out hover:scale-[1.05] object-cover\" style=\"position:absolute;height:100%;width:100%;left:0;top:0;right:0;bottom:0;color:transparent;background-size:cover;background-position:50% 50%;background-repeat:no-repeat;background-image:url(&quot;data:image\/svg+xml;base64,Cjxzdmcgd2lkdGg9IjcyMCIgaGVpZ2h0PSI0MDUiIHZlcnNpb249IjEuMSIgeG1sbnM9Imh0dHA6Ly93d3cudzMub3JnLzIwMDAvc3ZnIiB4bWxuczp4bGluaz0iaHR0cDovL3d3dy53My5vcmcvMTk5OS94bGluayI+CiAgPGRlZnM+CiAgICA8bGluZWFyR3JhZGllbnQgaWQ9ImciPgogICAgICA8c3RvcCBzdG9wLWNvbG9yPSIjMEIxODIzIiBvZmZzZXQ9IjIwJSIgLz4KICAgICAgPHN0b3Agc3RvcC1jb2xvcj0iIzFBMjczMiIgb2Zmc2V0PSI1MCUiIC8+CiAgICAgIDxzdG9wIHN0b3AtY29sb3I9IiMwQjE4MjMiIG9mZnNldD0iNzAlIiAvPgogICAgPC9saW5lYXJHcmFkaWVudD4KICA8L2RlZnM+CiAgPHJlY3Qgd2lkdGg9IjcyMCIgaGVpZ2h0PSI0MDUiIGZpbGw9IiMwQjE4MjMiIC8+CiAgPHJlY3QgaWQ9InIiIHdpZHRoPSI3MjAiIGhlaWdodD0iNDA1IiBmaWxsPSJ1cmwoI2cpIiAvPgogIDxhbmltYXRlIHhsaW5rOmhyZWY9IiNyIiBhdHRyaWJ1dGVOYW1lPSJ4IiBmcm9tPSItNzIwIiB0bz0iNzIwIiBkdXI9IjFzIiByZXBlYXRDb3VudD0iaW5kZWZpbml0ZSIgIC8+Cjwvc3ZnPg==&quot;)\"   src=\"https:\/\/www.europesays.com\/fi\/wp-content\/uploads\/2025\/11\/1764505212_102_image\"\/><\/p>\n<p class=\"uppercase\" data-testid=\"author-name\" data-sentry-component=\"AuthorName\" data-sentry-source-file=\"Authors.tsx\">Jari Heikkil\u00e4<\/p>\n<p data-testid=\"author-email\">jari.heikkila@mtv.fi<\/p>\n<p><strong class=\"typography-bold\">Laulaja Antti Railio kertoo saaneensa syd\u00e4nongelmia, joiden kanssa h\u00e4nen on totuteltava el\u00e4m\u00e4\u00e4n.<\/strong><\/p>\n<p>Laulaja<strong class=\"typography-bold\"> Antti Railio<\/strong> julkaisi muutama viikko sitten uuden levyn. Rakkauden Joulu -levyn kappaleita kuullaan my\u00f6s Railion viime sunnuntaina alkaneella konserttikiertueella.<\/p>\n<p>Kiertue sai kuitenkin pelottavan alun, sill\u00e4 vain viikkoa aiemmin Railio kertoo tulleensa kipe\u00e4ksi.<\/p>\n<p>\u2013 Niin kuin minun el\u00e4m\u00e4\u00e4ni kuuluu, niin mik\u00e4\u00e4n ei mene kuin Str\u00f6ms\u00f6ss\u00e4 n\u00e4in yleens\u00e4.<\/p>\n<p>Railio kertoo MTV:n haastattelussa ajatelleensa ensin, ett\u00e4 syd\u00e4n meni v\u00e4h\u00e4n rytmist\u00e4 pois. H\u00e4n p\u00e4\u00e4tti suunnata sairaalaan, kun vaivaa oli jatkunut vuorokauden ajan.<\/p>\n<p>\u2013 Siell\u00e4 todettiin, ett\u00e4 sinulla on eteisv\u00e4rin\u00e4, flimmeri p\u00e4\u00e4ll\u00e4, ett\u00e4 l\u00e4\u00e4k\u00e4ri tulee kohta ja katsotaan ett\u00e4 k\u00e4ynnistell\u00e4\u00e4nk\u00f6 syd\u00e4melle toisin p\u00e4in syke uudestaan, Railio kertoo.<\/p>\n<p><strong class=\"typography-bold\">Lue my\u00f6s: <\/strong><a class=\"underline\" data-testid=\"internal-link\" role=\"link\" data-sentry-element=\"Link\" data-sentry-component=\"InternalLink\" data-sentry-source-file=\"InternalLink.tsx\" href=\"https:\/\/www.mtvuutiset.fi\/artikkeli\/antti-railio-on-laihtunut-viidessa-viikossa-21-5-kiloa-paljastaa-nyt-miten-onnistui-siina\/9182588\" rel=\"nofollow noopener\" target=\"_blank\"><strong class=\"typography-bold\">Antti Railio on laihtunut viidess\u00e4 viikossa 21,5 kiloa \u2013 paljastaa nyt, miten onnistui siin\u00e4<\/strong><\/a><\/p>\n<p>Railio kertoo s\u00e4ik\u00e4ht\u00e4neens\u00e4. Samalla h\u00e4n kuitenkin muisti, ett\u00e4 h\u00e4nen is\u00e4ll\u00e4\u00e4n on ollut kolmenkymmenen vuoden ajan sama vaiva.<\/p>\n<p>Laulajat\u00e4hti Antti Railio kertoo k\u00e4rsineens\u00e4 eteisv\u00e4rin\u00e4st\u00e4 syd\u00e4mess\u00e4 | MTV Uutiset<\/p>\n<p>\u2013 Soitin saman tien is\u00e4lle. Siin\u00e4 juteltiin asia l\u00e4pi. Se on sukuvika, joka on ollut minun vaarillani ja is\u00e4ll\u00e4. Nyt se on sitten minulla.<\/p>\n<p>Railio kertoo l\u00e4\u00e4k\u00e4rin todenneen, ett\u00e4 h\u00e4n voi el\u00e4 ihan normaalia el\u00e4m\u00e4\u00e4. Railio kertoo, ett\u00e4 h\u00e4nell\u00e4 oli lopulta kolme p\u00e4iv\u00e4\u00e4n rytmit sekaisin, mutta sitten tilanne parani itsekseen.<\/p>\n<p>H\u00e4n kertoo saamistaan oireista.<\/p>\n<p>\u2013 V\u00e4h\u00e4n huonosti saa happea. On v\u00e4h\u00e4n sellainen kuin 40 prosenttia olisi vedetty tehoja alasp\u00e4in, v\u00e4h\u00e4n sellainen nihke\u00e4mpi olo. Ik\u00e4v\u00e4 vaiva, mutta sen kanssa kyll\u00e4 el\u00e4\u00e4 ja tulee toimeen. Pit\u00e4\u00e4 vain luovia.<\/p>\n<p><strong class=\"typography-bold\">Lihavuusleikkauksesta suuri apu<\/strong><\/p>\n<p>Railio k\u00e4vi viime kev\u00e4\u00e4n\u00e4 l\u00e4pi lihavuusleikkauksen. H\u00e4n ei usko, ett\u00e4 leikkauksella olisi ollut osaa syd\u00e4nvaivan syntymiseen, vaan p\u00e4invastoin parantava vaikutus. Railio arvelee, ett\u00e4 eteisv\u00e4rin\u00e4n syntymiseen vaikuttivat enemm\u00e4nkin stressi, ty\u00f6kiireet ja geneettiset tekij\u00e4t.\u00a0<\/p>\n<p>\u2013 Siin\u00e4 mieless\u00e4 pit\u00e4\u00e4 kiitt\u00e4\u00e4, ett\u00e4 se leikkaus tuli tehty\u00e4 ajoissa. Mik\u00e4 se olo nyt olisi, jos painaisi sen parisataa kiloa. Se voisi olla huomattavasti pahempi tilanne. Mutta nyt on ihan hyv\u00e4 olla, kun on virtaa, energiaa ja jaksaa el\u00e4\u00e4 ja soittaa ja laulaa.<\/p>\n<p>\u2013 Niin kuin olen ihmisille konserteissa sanonut, ett\u00e4 vaikka mit\u00e4 se el\u00e4m\u00e4 eteen tuo niin, jos on rakkautta ja el\u00e4\u00e4 rakkaudessa niin ihan mist\u00e4 tahansa selvi\u00e4\u00e4. Ja kun muistaa hymyill\u00e4, h\u00e4n jatkaa.<\/p>\n<p>Railio kertoo pit\u00e4v\u00e4ns\u00e4 hyvinvoinnistaan huolta nukkumalla tarpeeksi\u00a0<\/p>\n<p>\u2013 Kiertueellahan se ei aina onnistu, kun on pitki\u00e4kin siirtymi\u00e4 v\u00e4lill\u00e4. Mutta juon ja sy\u00f6n terveellisesti ja yrit\u00e4n saada mahdollisimman paljon proteiinia, koska ne ruoka-annoksethan ovat aika pienet.<\/p>\n<p>Railio kertoo kamppailleensa painonsa kanssa pienest\u00e4 pojasta l\u00e4htien.\u00a0<\/p>\n<p>\u2013 Min\u00e4 olen ykk\u00f6sluokalla painanut 80 kiloa ja kakkosella sata kiloa. Sitten laitettiin pakkolaihdutuskuurille ja vaikka mit\u00e4. Olen koko el\u00e4m\u00e4ni mennyt laihdutellut sellaisia isoja 80 kilonkin heittoja.<\/p>\n<p>Railion mielest\u00e4 Suomessa on lihavuusleikkauksia kohtaan hieman v\u00e4\u00e4r\u00e4nlainen l\u00e4hestymistapa. Railion mukaan asia selvisi h\u00e4nelle Virossa suoritetun operaation kautta.<\/p>\n<p>\u2013 He kertoivat minulle, ett\u00e4 Suomessa on v\u00e4h\u00e4n v\u00e4\u00e4r\u00e4 k\u00e4sitys siit\u00e4, ett\u00e4 jos sinulla on sy\u00f6mish\u00e4iri\u00f6, niin t\u00e4m\u00e4 leikkaus ei ole sinua varten.\u00a0<\/p>\n<p>Railio kertoo, ett\u00e4 h\u00e4nelle oli sanottu Suomessa suoraan, ett\u00e4 se voi olla vaarallista. Virossa puolestaan l\u00e4\u00e4k\u00e4ri sanoi, ett\u00e4 lihavuusleikkaus on sy\u00f6mish\u00e4iri\u00f6st\u00e4 k\u00e4rsiville ihmisille hyv\u00e4ksi .<\/p>\n<p>\u2013 Jos s\u00e4 mietit sit\u00e4 (lihavuusleikkaukseen menoa), niin kyll\u00e4 suosittelen ehdottomasti.\u00a0<\/p>\n<p>Railio kertoo, ett\u00e4 h\u00e4nen el\u00e4m\u00e4nlaatunsa ja energiatasonsa ovat parantuneet.\u00a0<\/p>\n<p>\u2013 Olen saanut el\u00e4m\u00e4ni takaisin. Olen l\u00f6yt\u00e4nyt taas mets\u00e4ss\u00e4 samoilun, sienest\u00e4miseen, marjastamisen ja kaikkea perinteist\u00e4 suomalaista puuhastelua mit\u00e4 nuorena ja lapsena tuli tehty\u00e4. On ollut ihan super-ihanaa koiran kanssa menn\u00e4 tuolla jossakin pitkin poikin ja palata luontoon, Railio kuvailee.<\/p>\n","protected":false},"excerpt":{"rendered":"Hypp\u00e4\u00e4 p\u00e4\u00e4sis\u00e4lt\u00f6\u00f6nSis\u00e4ll\u00f6t Tomi EinonenVastaava p\u00e4\u00e4toimittaja Ilkka AhtiainenUutisp\u00e4\u00e4toimittaja Mona HaapsaariToimitusp\u00e4\u00e4llikk\u00f6 Teemu NiikkoToimitusp\u00e4\u00e4llikk\u00f6, urheilu Liiketoiminta Iina ElorantaVP, Channels and Digital&hellip;\n","protected":false},"author":2,"featured_media":103931,"comment_status":"","ping_status":"","sticky":false,"template":"","format":"standard","meta":{"footnotes":""},"categories":[136],"tags":[407,137,33,31,30,408,32,109],"class_list":{"0":"post-103930","1":"post","2":"type-post","3":"status-publish","4":"format-standard","5":"has-post-thumbnail","7":"category-julkkikset","8":"tag-celebrities","9":"tag-entertainment","10":"tag-fi","11":"tag-finland","12":"tag-finnish","13":"tag-julkkikset","14":"tag-suomi","15":"tag-viihde"},"share_on_mastodon":{"url":"https:\/\/pubeurope.com\/@fi\/115638621369996581","error":""},"_links":{"self":[{"href":"https:\/\/www.europesays.com\/fi\/wp-json\/wp\/v2\/posts\/103930","targetHints":{"allow":["GET"]}}],"collection":[{"href":"https:\/\/www.europesays.com\/fi\/wp-json\/wp\/v2\/posts"}],"about":[{"href":"https:\/\/www.europesays.com\/fi\/wp-json\/wp\/v2\/types\/post"}],"author":[{"embeddable":true,"href":"https:\/\/www.europesays.com\/fi\/wp-json\/wp\/v2\/users\/2"}],"replies":[{"embeddable":true,"href":"https:\/\/www.europesays.com\/fi\/wp-json\/wp\/v2\/comments?post=103930"}],"version-history":[{"count":0,"href":"https:\/\/www.europesays.com\/fi\/wp-json\/wp\/v2\/posts\/103930\/revisions"}],"wp:featuredmedia":[{"embeddable":true,"href":"https:\/\/www.europesays.com\/fi\/wp-json\/wp\/v2\/media\/103931"}],"wp:attachment":[{"href":"https:\/\/www.europesays.com\/fi\/wp-json\/wp\/v2\/media?parent=103930"}],"wp:term":[{"taxonomy":"category","embeddable":true,"href":"https:\/\/www.europesays.com\/fi\/wp-json\/wp\/v2\/categories?post=103930"},{"taxonomy":"post_tag","embeddable":true,"href":"https:\/\/www.europesays.com\/fi\/wp-json\/wp\/v2\/tags?post=103930"}],"curies":[{"name":"wp","href":"https:\/\/api.w.org\/{rel}","templated":true}]}}