{"id":103936,"date":"2025-11-30T12:28:06","date_gmt":"2025-11-30T12:28:06","guid":{"rendered":"https:\/\/www.europesays.com\/fi\/103936\/"},"modified":"2025-11-30T12:28:06","modified_gmt":"2025-11-30T12:28:06","slug":"diandra-kertoo-iloisen-uutisen-voice-fi","status":"publish","type":"post","link":"https:\/\/www.europesays.com\/fi\/103936\/","title":{"rendered":"Diandra kertoo iloisen uutisen! &#8211; Voice.fi"},"content":{"rendered":"<p>Laulaja <strong>Diandra Flores<\/strong> on ahkera esiintyj\u00e4. H\u00e4nell\u00e4 on pit\u00e4nyt keikkojen kanssa niin paljon kiirett\u00e4, ett\u00e4 osa on ollut huolissaan h\u00e4nen hyvinvoinnistaan.<\/p>\n<p>Lue my\u00f6s: <a href=\"https:\/\/www.voice.fi\/viihde\/saara-aalto-keskeytti-keikan-syyna-karva\" title=\"Saara Aalto keskeytti keikan \u2013 syyn\u00e4 karva\" class=\"underline-custom !font-montserrat !font-bold !underline-offset-4 !decoration-4 !decoration-tilt-light !text-md\" rel=\"nofollow noopener\" target=\"_blank\">Saara Aalto keskeytti keikan \u2013 syyn\u00e4 karva<\/a><\/p>\n<p>\u2013 Diandra muistathan lev\u00e4t\u00e4 tarpeeksi, kirjoitti joku huolestunut.<\/p>\n<p>\u2013 Muistathan pit\u00e4\u00e4 huolta my\u00f6s itsest\u00e4si ja jaksamisestasi! Lauluasi on ihana kuunnella! kommentoi joku.<\/p>\n<p>\u2013 Pid\u00e4th\u00e4n huolen itsest\u00e4si, muistutti my\u00f6s yksi h\u00e4nen someseuraajistaan.<\/p>\n<p>Diandran joulukiertue on jo k\u00e4ynniss\u00e4. Kiertueen ensimm\u00e4inen esiintyminen oli 20. marraskuuta ja viimeinen on 22. joulukuuta.<\/p>\n<p>Diandralla on hyvi\u00e4 uutisia kiertueestaan<\/p>\n<p>Dianralla on kertoa nyt iloinen uutinen, joka liittyy meneill\u00e4\u00e4n olevaan kiertueeseen. L\u00e4hes kaikki sen 40 konserttia on myyty loppuun. Niiss\u00e4 miss\u00e4 ei ole, on j\u00e4ljell\u00e4 en\u00e4\u00e4 vain muutama lippu.<\/p>\n<p>\u2013 Joulukiertueesta 10\/40 tunnelmoitu! Jo 30 konserteista on loppuunmyyty. Ootko ollut jollain keikalla, tai ootko tulossa? kirjoittaa Diandra.<\/p>\n<p>Diandra ilmoittaa julkaisussaan, mihin konsertteihin voi viel\u00e4 ostaa lippuja.<\/p>\n<p>\u2013 Kiitos t\u00e4h\u00e4n astisista aivan IHANISTA keikoista, ja n\u00e4hd\u00e4\u00e4n tulevissa!! kirjoittaa Diandra viel\u00e4.<\/p>\n<p>Jos upotus ei n\u00e4y, avaa se auki <a href=\"https:\/\/www.instagram.com\/p\/DRptTPUCAPV\/?utm_source=ig_web_copy_link&amp;igsh=MzRlODBiNWFlZA==\" target=\"_blank\" rel=\"noreferrer noopener nofollow\">t\u00e4st\u00e4<\/a>.<\/p>\n<p>\t\t\t<script async src=\"\/\/www.instagram.com\/embed.js\"><\/script><\/p>\n","protected":false},"excerpt":{"rendered":"Laulaja Diandra Flores on ahkera esiintyj\u00e4. H\u00e4nell\u00e4 on pit\u00e4nyt keikkojen kanssa niin paljon kiirett\u00e4, ett\u00e4 osa on ollut&hellip;\n","protected":false},"author":2,"featured_media":103937,"comment_status":"","ping_status":"","sticky":false,"template":"","format":"standard","meta":{"footnotes":""},"categories":[130],"tags":[6896,137,33,31,30,32,109],"class_list":{"0":"post-103936","1":"post","2":"type-post","3":"status-publish","4":"format-standard","5":"has-post-thumbnail","7":"category-viihde","8":"tag-diandra","9":"tag-entertainment","10":"tag-fi","11":"tag-finland","12":"tag-finnish","13":"tag-suomi","14":"tag-viihde"},"share_on_mastodon":{"url":"https:\/\/pubeurope.com\/@fi\/115638652289370871","error":""},"_links":{"self":[{"href":"https:\/\/www.europesays.com\/fi\/wp-json\/wp\/v2\/posts\/103936","targetHints":{"allow":["GET"]}}],"collection":[{"href":"https:\/\/www.europesays.com\/fi\/wp-json\/wp\/v2\/posts"}],"about":[{"href":"https:\/\/www.europesays.com\/fi\/wp-json\/wp\/v2\/types\/post"}],"author":[{"embeddable":true,"href":"https:\/\/www.europesays.com\/fi\/wp-json\/wp\/v2\/users\/2"}],"replies":[{"embeddable":true,"href":"https:\/\/www.europesays.com\/fi\/wp-json\/wp\/v2\/comments?post=103936"}],"version-history":[{"count":0,"href":"https:\/\/www.europesays.com\/fi\/wp-json\/wp\/v2\/posts\/103936\/revisions"}],"wp:featuredmedia":[{"embeddable":true,"href":"https:\/\/www.europesays.com\/fi\/wp-json\/wp\/v2\/media\/103937"}],"wp:attachment":[{"href":"https:\/\/www.europesays.com\/fi\/wp-json\/wp\/v2\/media?parent=103936"}],"wp:term":[{"taxonomy":"category","embeddable":true,"href":"https:\/\/www.europesays.com\/fi\/wp-json\/wp\/v2\/categories?post=103936"},{"taxonomy":"post_tag","embeddable":true,"href":"https:\/\/www.europesays.com\/fi\/wp-json\/wp\/v2\/tags?post=103936"}],"curies":[{"name":"wp","href":"https:\/\/api.w.org\/{rel}","templated":true}]}}