{"id":103941,"date":"2025-11-30T12:33:11","date_gmt":"2025-11-30T12:33:11","guid":{"rendered":"https:\/\/www.europesays.com\/fi\/103941\/"},"modified":"2025-11-30T12:33:11","modified_gmt":"2025-11-30T12:33:11","slug":"venaja-jatti-barentsin-pelastussopimuksen-pohjoismaiden-kanssa-ei-ole-enaa-yhteytta-edes-onnettomuuksien-varalta-ulkomaat","status":"publish","type":"post","link":"https:\/\/www.europesays.com\/fi\/103941\/","title":{"rendered":"Ven\u00e4j\u00e4 j\u00e4tti Barentsin pelastussopimuksen \u2013 Pohjoismaiden kanssa ei ole en\u00e4\u00e4 yhteytt\u00e4 edes onnettomuuksien varalta | Ulkomaat"},"content":{"rendered":"<p class=\"aw-1gybjub aw-5vja16 kEtdKx kmuxyA yle__article__paragraph\">Pohjoismaiden ja Ven\u00e4j\u00e4n yhteydet arktisilla alueilla ovat j\u00e4\u00e4tyneet olemattomiksi.<\/p>\n<p><img decoding=\"async\" alt=\"Murmanskin satamaa ja kaupunkia.\" src=\"https:\/\/www.europesays.com\/fi\/wp-content\/uploads\/2025\/11\/39-153159568dd348dd253e.jpeg\" class=\"aw-1l9m598 hKVVvP\"\/><\/p>\n<p>Avaa kuvien katselu<\/p>\n<p>Ven\u00e4j\u00e4n Murmanskin satama lokakuussa 2025. Alukset suuntavat satamasta Barentsinmerelle. Kuva: AOP<\/p>\n<p>13:47\u2022P\u00e4ivitetty 14:24<\/p>\n<p class=\"aw-1gybjub aw-1p7kakr kEtdKx cEmitX yle__article__paragraph\"><strong class=\"aw-ak79eh KyCXm yle__article__strong\">MOSKOVA<\/strong> Ven\u00e4j\u00e4 on irtisanoutunut Barentsin alueen pelastussopimuksesta. Ven\u00e4j\u00e4n ulkoministeri\u00f6 tiedotti asiasta virallisesti t\u00e4ll\u00e4 viikolla.<\/p>\n<p class=\"aw-1gybjub aw-1p7kakr kEtdKx cEmitX yle__article__paragraph\">Vuonna 2008 solmittu sopimus koskee pelastusalan yhteisty\u00f6t\u00e4 Suomen, Ruotsin, Norjan ja Ven\u00e4j\u00e4n v\u00e4lill\u00e4.<\/p>\n<p class=\"aw-1gybjub aw-1p7kakr kEtdKx cEmitX yle__article__paragraph\">Sopimus tehtiin, koska arktisia alueita pidettiin erityisen haavoittuvina onnettomuuksien aiheuttamille luonnonkatastrofeille. Sopimus koskee sek\u00e4 onnettomuuksia ennaltaehk\u00e4isev\u00e4\u00e4 ty\u00f6t\u00e4 ett\u00e4 varsinaista pelastusty\u00f6t\u00e4 alueella.<\/p>\n<p><img decoding=\"async\" alt=\"Kartassa n\u00e4kyv\u00e4t Suomi, Ruotsi, Norja ja Ven\u00e4j\u00e4 sek\u00e4 Barentsinmeri.\" src=\"https:\/\/www.europesays.com\/fi\/wp-content\/uploads\/2025\/11\/39-1561866692c292d476e9.png\" loading=\"lazy\" class=\"aw-1l9m598 hKVVvP\"\/><\/p>\n<p>Avaa kuvien katselu<\/p>\n<p>Barentsinmeren alue. Kuva: Lasse Isokangas \/ Yle, Mapcreator, OpenStreetMap<\/p>\n<p class=\"aw-1gybjub aw-1p7kakr kEtdKx cEmitX yle__article__paragraph\">Vuosien 2008 ja 2022 v\u00e4lisen\u00e4 aikana Suomi, Ruotsi, Norja ja Ven\u00e4j\u00e4 j\u00e4rjestiv\u00e4t Barentsin alueella yhteens\u00e4 <a class=\"aw-iao6s4 iHOxEa yle__article__link\" href=\"https:\/\/www.thebarentsobserver.com\/news\/russia-withdraws-from-euroarctic-rescue-cooperation\/441481\" role=\"link\" rel=\"nofollow noopener\" target=\"_blank\">yhdeks\u00e4n pelastusharjoitusta<\/a>.<\/p>\n<p class=\"aw-1gybjub aw-1p7kakr kEtdKx cEmitX yle__article__paragraph\">Niiss\u00e4 harjoiteltiin yhteisi\u00e4 toimia arktisten vesien haastavissa oloissa. Harjoituksia ei ole j\u00e4rjestetty en\u00e4\u00e4 sen j\u00e4lkeen, kun Ven\u00e4j\u00e4 aloitti hy\u00f6kk\u00e4yssodan Ukrainaan.<\/p>\n<p class=\"aw-1gybjub aw-1p7kakr kEtdKx cEmitX yle__article__paragraph\">Pohjoismaat ja EU keskeyttiv\u00e4t Barents-yhteisty\u00f6n Ven\u00e4j\u00e4n kanssa maaliskuussa 2022. Ven\u00e4j\u00e4 puolestaan ilmoitti j\u00e4tt\u00e4v\u00e4ns\u00e4 yhteisty\u00f6n syyskuussa 2023.<\/p>\n<p class=\"aw-1gybjub aw-1p7kakr kEtdKx cEmitX yle__article__paragraph\">Suomi on ilmoittanut eroavansa my\u00f6s Pohjoismaiden ja EU:n euroarktisesta neuvostosta ensi vuoden alusta alkaen. Ulkoministeri <strong class=\"aw-ak79eh KyCXm yle__article__strong\">Elina Valtonen<\/strong> <a class=\"aw-iao6s4 iHOxEa yle__article__link\" href=\"https:\/\/valtioneuvosto.fi\/-\/suomi-eroaa-barentsin-euroarktisesta-neuvostosta\" role=\"link\" rel=\"nofollow noopener\" target=\"_blank\">perusteli<\/a> irtaantumista sill\u00e4, ett\u00e4 yhteisty\u00f6 ei en\u00e4\u00e4 vastaa tarpeita.<\/p>\n<p><img decoding=\"async\" alt=\"Ven\u00e4j\u00e4n puolustusministeri\u00f6n v\u00e4litt\u00e4m\u00e4ss\u00e4 kuvassa Pohjoisen laivaston ydink\u00e4ytt\u00f6inen Tula-sukellusvene.\" src=\"https:\/\/www.europesays.com\/fi\/wp-content\/uploads\/2025\/11\/39-1026134635a615b75d8f.jpeg\" loading=\"lazy\" class=\"aw-1l9m598 hKVVvP\"\/><\/p>\n<p>Avaa kuvien katselu<\/p>\n<p>Ven\u00e4j\u00e4n puolustusministeri\u00f6n kuva ydink\u00e4ytt\u00f6isest\u00e4 Tula-sukellusveneest\u00e4 sotaharjoituksessa Barentsinmerell\u00e4 lokakuussa 2022. Kuva: Ven\u00e4j\u00e4n puolustusministeri\u00f6 \/ EPA<\/p>\n<p class=\"aw-1gybjub aw-1p7kakr kEtdKx cEmitX yle__article__paragraph\">L\u00e4nsiyhteyksien katkettua Ven\u00e4j\u00e4 on lis\u00e4nnyt arktisilla alueillaan yhteisty\u00f6t\u00e4 Kiinan kanssa. My\u00f6s sotilaallinen varustautuminen alueella on kiinnitt\u00e4nyt huomiota l\u00e4nness\u00e4.<\/p>\n<p class=\"aw-1gybjub aw-1p7kakr kEtdKx cEmitX yle__article__paragraph\">Marraskuun alussa Severodvinskin telakalla kastettiin k\u00e4ytt\u00f6\u00f6n ydink\u00e4ytt\u00f6inen <a class=\"aw-iao6s4 iHOxEa yle__article__link\" href=\"https:\/\/www.highnorthnews.com\/en\/russia-boosts-nuclear-fleet-launch-khabarovsk-submarine\" role=\"link\" rel=\"nofollow noopener\" target=\"_blank\">Habarovsk-sukellusvene<\/a>, jota puolustusministeri <strong class=\"aw-ak79eh KyCXm yle__article__strong\">Andrei Belousov<\/strong> hehkutti merkkipaaluksi Ven\u00e4j\u00e4n merivoimien modernisoimisessa.<\/p>\n","protected":false},"excerpt":{"rendered":"Pohjoismaiden ja Ven\u00e4j\u00e4n yhteydet arktisilla alueilla ovat j\u00e4\u00e4tyneet olemattomiksi. Avaa kuvien katselu Ven\u00e4j\u00e4n Murmanskin satama lokakuussa 2025. Alukset&hellip;\n","protected":false},"author":2,"featured_media":99701,"comment_status":"","ping_status":"","sticky":false,"template":"","format":"standard","meta":{"footnotes":""},"categories":[12],"tags":[4065,19689,19690,19688,19687,19686,22,23,26,27,33,31,30,17,24,25,28,29,15,18,21,8442,32,19,20,56,16,547,19504,987,10522],"class_list":{"0":"post-103941","1":"post","2":"type-post","3":"status-publish","4":"format-standard","5":"has-post-thumbnail","7":"category-suomi","8":"tag-arktinen-alue","9":"tag-arktinen-neuvosto","10":"tag-arktinen-yhteistyo","11":"tag-barentsin-euroarktisen-neuvosto","12":"tag-barentsin-neuvosto","13":"tag-barentsinmeri","14":"tag-breaking-news","15":"tag-breakingnews","16":"tag-featured-news","17":"tag-featurednews","18":"tag-fi","19":"tag-finland","20":"tag-finnish","21":"tag-headlines","22":"tag-latest-news","23":"tag-latestnews","24":"tag-main-news","25":"tag-mainnews","26":"tag-news","27":"tag-otsikot","28":"tag-paauutiset","29":"tag-suomen-ja-venajan-raja","30":"tag-suomi","31":"tag-top-stories","32":"tag-topstories","33":"tag-ulkomaat","34":"tag-uutiset","35":"tag-venaja","36":"tag-venajan-asevoimat","37":"tag-venajan-hyokkays","38":"tag-venajan-pakotteet"},"share_on_mastodon":{"url":"","error":"Validation failed: Text character limit of 500 exceeded"},"_links":{"self":[{"href":"https:\/\/www.europesays.com\/fi\/wp-json\/wp\/v2\/posts\/103941","targetHints":{"allow":["GET"]}}],"collection":[{"href":"https:\/\/www.europesays.com\/fi\/wp-json\/wp\/v2\/posts"}],"about":[{"href":"https:\/\/www.europesays.com\/fi\/wp-json\/wp\/v2\/types\/post"}],"author":[{"embeddable":true,"href":"https:\/\/www.europesays.com\/fi\/wp-json\/wp\/v2\/users\/2"}],"replies":[{"embeddable":true,"href":"https:\/\/www.europesays.com\/fi\/wp-json\/wp\/v2\/comments?post=103941"}],"version-history":[{"count":0,"href":"https:\/\/www.europesays.com\/fi\/wp-json\/wp\/v2\/posts\/103941\/revisions"}],"wp:featuredmedia":[{"embeddable":true,"href":"https:\/\/www.europesays.com\/fi\/wp-json\/wp\/v2\/media\/99701"}],"wp:attachment":[{"href":"https:\/\/www.europesays.com\/fi\/wp-json\/wp\/v2\/media?parent=103941"}],"wp:term":[{"taxonomy":"category","embeddable":true,"href":"https:\/\/www.europesays.com\/fi\/wp-json\/wp\/v2\/categories?post=103941"},{"taxonomy":"post_tag","embeddable":true,"href":"https:\/\/www.europesays.com\/fi\/wp-json\/wp\/v2\/tags?post=103941"}],"curies":[{"name":"wp","href":"https:\/\/api.w.org\/{rel}","templated":true}]}}