{"id":103942,"date":"2025-11-30T12:34:16","date_gmt":"2025-11-30T12:34:16","guid":{"rendered":"https:\/\/www.europesays.com\/fi\/103942\/"},"modified":"2025-11-30T12:34:16","modified_gmt":"2025-11-30T12:34:16","slug":"suomelle-jattipotti-mm-kisoista-taas-kultaa","status":"publish","type":"post","link":"https:\/\/www.europesays.com\/fi\/103942\/","title":{"rendered":"Suomelle j\u00e4ttipotti MM-kisoista \u2013 Taas kultaa"},"content":{"rendered":"<p>Keilapallo tottelee suomalaisia.<\/p>\n<p><img decoding=\"async\" class=\"image image-show image-preview\" src=\"https:\/\/www.europesays.com\/fi\/wp-content\/uploads\/2025\/11\/1b2253e69dd98bdffe0a8685c6f88d526b68529020e41c690fdf103a2c43f465.jpg\" alt=\"\"\/><img decoding=\"async\" class=\"image image-show\" src=\"https:\/\/www.europesays.com\/fi\/wp-content\/uploads\/2025\/11\/1764506056_854_1b2253e69dd98bdffe0a8685c6f88d526b68529020e41c690fdf103a2c43f465.jpg\" alt=\"\"\/><\/p>\n<p>Essi Pakarinen ja Peppi Konsteri onnistuivat finaalissa. Suomen Keilailuliitto \/ Tiina Viljakka<\/p>\n<p class=\"paragraph\"><strong>Essi Pakarinen<\/strong> ja <strong>Peppi Konsteri<\/strong> voittivat keilailun parikilpailun MM-kultaa Hongkongissa.<\/p>\n<p class=\"paragraph\">Suomalaiset kohtasivat loppuottelussa singaporelaiset <strong>Cherie<\/strong> ja <strong>Daphne Tanin<\/strong>. Voitto tuli sarjavoitoin 2\u20130.<\/p>\n<p class=\"paragraph\">Parikilpailu alkoi karsinnoilla, joiden j\u00e4lkeen miteltiin jatkopelit nelj\u00e4ss\u00e4 lohkossa. Lohkovoittajat eteniv\u00e4t v\u00e4lieriin ja v\u00e4lierien voittajat edelleen finaaliin.<\/p>\n<p class=\"paragraph\">MM-kulta oli tamperelaiselle Konsterille uran ensimm\u00e4inen.<\/p>\n<p class=\"paragraph\">\u2013\u2009Nelivuotiaana p\u00e4\u00e4tin ja ilmoitin keilahallilla kaikille, ett\u00e4 minusta tulee maailman paras keilaaja. Eik\u00f6s t\u00e4m\u00e4 ole nyt aika l\u00e4hell\u00e4 sit\u00e4, Konsteri sanoi Suomen keilailuliiton tiedotteessa.<\/p>\n<p class=\"paragraph\">Kouvolassa asuvalle Pakariselle kultamitali oli jo kisojen toinen. Voitto tuli my\u00f6s henkil\u00f6kohtaisessa kilpailussa.<\/p>\n<p class=\"paragraph\">\u2013\u2009Ei t\u00e4llaista varmaan kovin montaa kertaa tapahdu. Kaksi mitalia on viel\u00e4 tarjolla. Kaikki otetaan mit\u00e4 saadaan, Pakarinen sanoi.<\/p>\n<p class=\"paragraph\">Suomelle MM-keilailu on ollut toistaiseksi j\u00e4ttipotti. Miesten henkil\u00f6kohtaisen kisan voitti <strong>Luukas V\u00e4\u00e4n\u00e4nen<\/strong>.<\/p>\n","protected":false},"excerpt":{"rendered":"Keilapallo tottelee suomalaisia. Essi Pakarinen ja Peppi Konsteri onnistuivat finaalissa. Suomen Keilailuliitto \/ Tiina Viljakka Essi Pakarinen ja&hellip;\n","protected":false},"author":2,"featured_media":103943,"comment_status":"","ping_status":"","sticky":false,"template":"","format":"standard","meta":{"footnotes":""},"categories":[5],"tags":[35,22,23,26,27,33,31,30,17,24,25,41,2883,28,29,15,2666,18,21,32,19,20,2957,161,16],"class_list":{"0":"post-103942","1":"post","2":"type-post","3":"status-publish","4":"format-standard","5":"has-post-thumbnail","7":"category-otsikot","8":"tag-24h","9":"tag-breaking-news","10":"tag-breakingnews","11":"tag-featured-news","12":"tag-featurednews","13":"tag-fi","14":"tag-finland","15":"tag-finnish","16":"tag-headlines","17":"tag-latest-news","18":"tag-latestnews","19":"tag-liikunta-ja-urheilu","20":"tag-maailmancupit-ja-maailmanmestaruuskilpailut","21":"tag-main-news","22":"tag-mainnews","23":"tag-news","24":"tag-olympia","25":"tag-otsikot","26":"tag-paauutiset","27":"tag-suomi","28":"tag-top-stories","29":"tag-topstories","30":"tag-urheilujarjestot","31":"tag-urheilutapahtumat","32":"tag-uutiset"},"share_on_mastodon":{"url":"https:\/\/pubeurope.com\/@fi\/115638676148161130","error":""},"_links":{"self":[{"href":"https:\/\/www.europesays.com\/fi\/wp-json\/wp\/v2\/posts\/103942","targetHints":{"allow":["GET"]}}],"collection":[{"href":"https:\/\/www.europesays.com\/fi\/wp-json\/wp\/v2\/posts"}],"about":[{"href":"https:\/\/www.europesays.com\/fi\/wp-json\/wp\/v2\/types\/post"}],"author":[{"embeddable":true,"href":"https:\/\/www.europesays.com\/fi\/wp-json\/wp\/v2\/users\/2"}],"replies":[{"embeddable":true,"href":"https:\/\/www.europesays.com\/fi\/wp-json\/wp\/v2\/comments?post=103942"}],"version-history":[{"count":0,"href":"https:\/\/www.europesays.com\/fi\/wp-json\/wp\/v2\/posts\/103942\/revisions"}],"wp:featuredmedia":[{"embeddable":true,"href":"https:\/\/www.europesays.com\/fi\/wp-json\/wp\/v2\/media\/103943"}],"wp:attachment":[{"href":"https:\/\/www.europesays.com\/fi\/wp-json\/wp\/v2\/media?parent=103942"}],"wp:term":[{"taxonomy":"category","embeddable":true,"href":"https:\/\/www.europesays.com\/fi\/wp-json\/wp\/v2\/categories?post=103942"},{"taxonomy":"post_tag","embeddable":true,"href":"https:\/\/www.europesays.com\/fi\/wp-json\/wp\/v2\/tags?post=103942"}],"curies":[{"name":"wp","href":"https:\/\/api.w.org\/{rel}","templated":true}]}}