{"id":103944,"date":"2025-11-30T12:46:09","date_gmt":"2025-11-30T12:46:09","guid":{"rendered":"https:\/\/www.europesays.com\/fi\/103944\/"},"modified":"2025-11-30T12:46:09","modified_gmt":"2025-11-30T12:46:09","slug":"muistatko-salkkareiden-sebastianin-jarkko-nymanin-uusi-ura-ja-elama-nyt","status":"publish","type":"post","link":"https:\/\/www.europesays.com\/fi\/103944\/","title":{"rendered":"Muistatko Salkkareiden Sebastianin? Jarkko Nymanin uusi ura ja el\u00e4m\u00e4 nyt"},"content":{"rendered":"<p>            Timo Korhonen\n        <\/p>\n<p class=\"subtitle \">Salkkareissa Sebasatian Vuorelaa n\u00e4ytellyt Jarkko Nyman on nykyisin 50-vuotias podcast-juontaja ja rakennusalan pienyritt\u00e4j\u00e4.<\/p>\n<p class=\"article-content article-content-width !bg-background\">Vuosina 2008-2017 Salatut el\u00e4m\u00e4t -sarjassa Sebastian Vuorelan roolia n\u00e4ytellyt , 50, vaihtoi seitsem\u00e4n vuotta sitten n\u00e4yttelij\u00e4n hommat rakennusalan yritykseen.<\/p>\n<p class=\"font-weight-bold m-font-weight-bold article-content article-content-width !bg-background\">Katso my\u00f6s! Axel Milliam kertoo el\u00e4m\u00e4nmuutoksestaan:<\/p>\n<p class=\"article-content article-content-width !bg-background\">Salkkareiden j\u00e4lkeen mies on tehnyt kuitenkin my\u00f6s satunnaisia rooleja erilaisissa Suomi-tuotannoissa, mutta p\u00e4\u00e4fokus n\u00e4ytt\u00e4\u00e4 olevan nyt rakennusbisneksess\u00e4.<\/p>\n<p>T\u00e4lt\u00e4 h\u00e4n n\u00e4ytt\u00e4\u00e4 nyt!<\/p>\n<p class=\"article-content article-content-width !bg-background\">Jarkko on laajentanut rakennusbisnest\u00e4\u00e4n my\u00f6s podcast-maailman\u00a0puolelle. Vuonna 2020 startannut\u00a0Raksapodi-nime\u00e4 kantava audio-ohjelma on saanut jatkoa jo 125 jakson verran.<\/p>\n<p>        <a itemprop=\"url\" href=\"https:\/\/www.seiska.fi\/katso\/shokkiuutinen-salkkarit-faneille-suosikkisarja-lopetettiin\/1840160\" rel=\"nofollow noopener\" target=\"_blank\"><\/p>\n<p>\nShokkiuutinen\n<\/p>\n<p class=\"section-date\">\n        <strong class=\"article-section\" data-section=\"katso\"><br \/>\n            katso<br \/>\n        <\/strong><br \/>\n        18.6. 06:15\n    <\/p>\n<p>Shokkiuutinen Salkkarit-faneille: suosikkisarja lopetettiin\n    <\/p>\n<p itemprop=\"description\" class=\"subtitle \">\n    Tuttu sarja on pantu j\u00e4ihin kaikessa hiljaisuudessa.\n<\/p>\n<p>        <\/a><\/p>\n<p class=\"article-content article-content-width !bg-background\">Instagramin puolella Jarkko ei ole yht\u00e4 aktiivinen, mutta h\u00e4nen seuraajansa saavat aina toisinaan nauttia erilaisista liikuntaan ja arkeen liittyvist\u00e4 videoista ja kuvista. Perjantaina 21. marraskuuta Jarkko jakoi <a href=\"https:\/\/www.instagram.com\/jarkkonyman\/?hl=fi\" target=\"_blank\" rel=\"nofollow noopener\">Instagram<\/a>-tililleen julkaisun ensimm\u00e4ist\u00e4 kertaa puoleen vuoteen. Video oli p\u00e4tk\u00e4 h\u00e4nen jiujitsu-treeneist\u00e4\u00e4n.<\/p>\n<p class=\"article-content article-content-width !bg-background\">Videolla Jarkko heitt\u00e4\u00e4 treenikaverinsa selk\u00e4ns\u00e4 yli lattiaan.<\/p>\n<p class=\"article-content article-content-width !bg-background\"> \u2013 Fireman\u2019s carry eli palomiehen heitto\ud83e\udd3c\ud83e\uddd1\ud83d\ude92, h\u00e4n selvent\u00e4\u00e4 kuvatekstiss\u00e4.<\/p>\n<p class=\"article-content article-content-width !bg-background\">Urheiluvaatteisiin pukeutuneen Jarkon tyyli n\u00e4ytt\u00e4\u00e4 pysyneen entiseen tapaan tyylikk\u00e4\u00e4n\u00e4, hiusmallia my\u00f6ten.<\/p>\n<p>&#8221;Ei ole ik\u00e4v\u00e4!&#8221;<\/p>\n<p class=\"article-content article-content-width !bg-background\">Seiskan tavoittama Jarkko kertoo viihtyv\u00e4ns\u00e4 t\u00e4ll\u00e4 hetkell\u00e4 remonttiyrityksens\u00e4 parissa varsin hyvin, eik\u00e4 ik\u00e4v\u00f6i freelance-n\u00e4yttelij\u00e4n arkea juuri lainkaan.<\/p>\n<p class=\"article-content article-content-width !bg-background\"> \u2013 Ei ole ik\u00e4v\u00e4 sit\u00e4 hommaa, raksayritt\u00e4j\u00e4n\u00e4 oleminen on henkisesti helpompaa kulttuurialalla vallitsevan ty\u00f6llisyystilanteen vuoksi, h\u00e4n pohtii.<\/p>\n<p>        <a itemprop=\"url\" href=\"https:\/\/www.seiska.fi\/katso\/ikoninen-salkkarit-hahmo-tekee-paluun\/1662079\" rel=\"nofollow noopener\" target=\"_blank\"><\/p>\n<p>\nSalatut el\u00e4m\u00e4t\n<\/p>\n<p class=\"section-date\">\n        <strong class=\"article-section\" data-section=\"katso\"><br \/>\n            katso<br \/>\n        <\/strong><br \/>\n        2.4. 05:15\n    <\/p>\n<p>Ikoninen Salkkarit-hahmo tekee paluun\n    <\/p>\n<p itemprop=\"description\" class=\"subtitle \">\n    Jo vuonna 2009 ensimm\u00e4isen kerran Salatut el\u00e4m\u00e4t -sarjassa n\u00e4hty roolihenkil\u00f6 n\u00e4hd\u00e4\u00e4n j\u00e4lleen pian kuvioissa mukana.\n<\/p>\n<p>        <\/a><\/p>\n<p>                <img decoding=\"async\" src=\"https:\/\/www.europesays.com\/fi\/wp-content\/uploads\/2025\/11\/2006552.webp\" width=\"576\" height=\"720\" alt=\"Jarkon n\u00e4yttelem\u00e4 Sebastian Vuorela poistui sarjasta vuonna 2017. Juonikuviot kulljettivat Sebastianin ja h\u00e4nen poikansa Oliverin sarjasta ulos, kun kaksikko muutti pois Helsingist\u00e4. Salkkareiden j\u00e4lkeen Jarkko on tehnyt pieni\u00e4 rooleja muissa Suomi-tuotannoissa, kuten C More -palvelussa vuonna 2021 esitetyss\u00e4 draamasarjassa Maria Kallio.\" loading=\"lazy\" \/>            <\/p>\n<p>\n            Jarkon n\u00e4yttelem\u00e4 Sebastian Vuorela poistui sarjasta vuonna 2017. Juonikuviot kulljettivat Sebastianin ja h\u00e4nen poikansa Oliverin sarjasta ulos, kun kaksikko muutti pois Helsingist\u00e4. Salkkareiden j\u00e4lkeen Jarkko on tehnyt pieni\u00e4 rooleja muissa Suomi-tuotannoissa, kuten C More -palvelussa vuonna 2021 esitetyss\u00e4 draamasarjassa Maria Kallio.<br \/>\n            Timo Korhonen\n        <\/p>\n<p class=\"article-content article-content-width !bg-background\">Jarkko ei kuitenkaan ole j\u00e4tt\u00e4ytynyt n\u00e4yttelij\u00e4nt\u00f6ist\u00e4 kokonaan pois, ja kertookin aina toisinaan kaipaavansa takaisin kameran eteen. Roolihaaveista kysytt\u00e4ess\u00e4 miehen vastaus on selke\u00e4.<\/p>\n<p class=\"article-content article-content-width !bg-background\"> \u2013 Kukas se semmonen n\u00e4yttelij\u00e4 on joka ei p\u00e4\u00e4roolia haluais!, h\u00e4n naurahtaa.<\/p>\n<p class=\"article-content article-content-width !bg-background\">Vaikka Jarkko identifioituu t\u00e4ll\u00e4 hetkell\u00e4 vahvasti raksa-ty\u00f6ntekij\u00e4ksi, on h\u00e4n sanojensa mukaan valmiina hypp\u00e4\u00e4m\u00e4\u00e4n erilaisiin rooleihin tilaisuuksien osuessa kohdalle.<\/p>\n<p class=\"article-content article-content-width !bg-background\"> \u2013 Sit teh\u00e4\u00e4n kun on tarjolla!, h\u00e4n ilmaisee.<\/p>\n<p>        <a itemprop=\"url\" href=\"https:\/\/www.seiska.fi\/katso\/mihin-katosi-rakastettu-salkkarit-nayttelija-yllattaa-uravalinnallaan\/1849184\" rel=\"nofollow noopener\" target=\"_blank\"><\/p>\n<p>\nMihin katosi Salkkarit-n\u00e4yttelij\u00e4?\n<\/p>\n<p class=\"section-date\">\n        <strong class=\"article-section\" data-section=\"katso\"><br \/>\n            katso<br \/>\n        <\/strong><br \/>\n        28.6. 16:15\n    <\/p>\n<p>Mihin katosi rakastettu Salkkarit-n\u00e4yttelij\u00e4? Yll\u00e4tt\u00e4\u00e4 uravalinnallaan\n    <\/p>\n<p itemprop=\"description\" class=\"subtitle \">\n    N\u00e4yttelij\u00e4 Oona Louhivaara yll\u00e4tt\u00e4\u00e4 uravalinnallaan.\n<\/p>\n<p>        <\/a><\/p>\n<p>Jouluksi kotiin!<\/p>\n<p class=\"article-content article-content-width !bg-background\">Kiireisen\u00e4 yritt\u00e4j\u00e4n\u00e4 puurtava Jarkko aikoo pit\u00e4\u00e4 t\u00e4n\u00e4 vuonna pitk\u00e4n joululoman, ja tyhjent\u00e4\u00e4 pyhien ajaksi kalenteristaan ainakin kaksi viikkoa.<\/p>\n<p class=\"article-content article-content-width !bg-background\"> \u2013 Se on parasta yritt\u00e4jyydess\u00e4, kun voi pit\u00e4\u00e4 lomaa silloin kun haluaa!, h\u00e4n letkauttaa.<\/p>\n<p class=\"article-content article-content-width !bg-background\">Jarkko kertoo aikovansa matkustaa jouluksi kotiin.<\/p>\n<p class=\"article-content article-content-width !bg-background\"> \u2013 L\u00e4hden tonne pohjoiseen, olen Oulusta kotoisin, h\u00e4n paljastaa.<\/p>\n<p><script async src=\"\/\/www.instagram.com\/embed.js\"><\/script><\/p>\n","protected":false},"excerpt":{"rendered":"Timo Korhonen Salkkareissa Sebasatian Vuorelaa n\u00e4ytellyt Jarkko Nyman on nykyisin 50-vuotias podcast-juontaja ja rakennusalan pienyritt\u00e4j\u00e4. Vuosina 2008-2017 Salatut&hellip;\n","protected":false},"author":2,"featured_media":103945,"comment_status":"","ping_status":"","sticky":false,"template":"","format":"standard","meta":{"footnotes":""},"categories":[136],"tags":[407,137,33,31,30,19692,19691,408,212,19694,19693,209,32,109],"class_list":{"0":"post-103944","1":"post","2":"type-post","3":"status-publish","4":"format-standard","5":"has-post-thumbnail","7":"category-julkkikset","8":"tag-celebrities","9":"tag-entertainment","10":"tag-fi","11":"tag-finland","12":"tag-finnish","13":"tag-jarkko-nyman","14":"tag-jiujitsu","15":"tag-julkkikset","16":"tag-lifestyle","17":"tag-rakennusala","18":"tag-raksapodi","19":"tag-salatut-elamat","20":"tag-suomi","21":"tag-viihde"},"share_on_mastodon":{"url":"https:\/\/pubeurope.com\/@fi\/115638723400919473","error":""},"_links":{"self":[{"href":"https:\/\/www.europesays.com\/fi\/wp-json\/wp\/v2\/posts\/103944","targetHints":{"allow":["GET"]}}],"collection":[{"href":"https:\/\/www.europesays.com\/fi\/wp-json\/wp\/v2\/posts"}],"about":[{"href":"https:\/\/www.europesays.com\/fi\/wp-json\/wp\/v2\/types\/post"}],"author":[{"embeddable":true,"href":"https:\/\/www.europesays.com\/fi\/wp-json\/wp\/v2\/users\/2"}],"replies":[{"embeddable":true,"href":"https:\/\/www.europesays.com\/fi\/wp-json\/wp\/v2\/comments?post=103944"}],"version-history":[{"count":0,"href":"https:\/\/www.europesays.com\/fi\/wp-json\/wp\/v2\/posts\/103944\/revisions"}],"wp:featuredmedia":[{"embeddable":true,"href":"https:\/\/www.europesays.com\/fi\/wp-json\/wp\/v2\/media\/103945"}],"wp:attachment":[{"href":"https:\/\/www.europesays.com\/fi\/wp-json\/wp\/v2\/media?parent=103944"}],"wp:term":[{"taxonomy":"category","embeddable":true,"href":"https:\/\/www.europesays.com\/fi\/wp-json\/wp\/v2\/categories?post=103944"},{"taxonomy":"post_tag","embeddable":true,"href":"https:\/\/www.europesays.com\/fi\/wp-json\/wp\/v2\/tags?post=103944"}],"curies":[{"name":"wp","href":"https:\/\/api.w.org\/{rel}","templated":true}]}}