{"id":103946,"date":"2025-11-30T12:47:07","date_gmt":"2025-11-30T12:47:07","guid":{"rendered":"https:\/\/www.europesays.com\/fi\/103946\/"},"modified":"2025-11-30T12:47:07","modified_gmt":"2025-11-30T12:47:07","slug":"helsingilta-kunnianosoitus-malmilaisille-mun-malmi-paikalliset","status":"publish","type":"post","link":"https:\/\/www.europesays.com\/fi\/103946\/","title":{"rendered":"Helsingilt\u00e4 kunnianosoitus malmilaisille \u2013 &#8221;Mun Malmi&#8221; | Paikalliset"},"content":{"rendered":"<p>Tiistaina 9. joulukuuta kello 17-19 Malmitalon edustalla avautuu valokuvan\u00e4yttely Mun Malmi. Avajaiset ovat avoimet kaikille.<\/p>\n<p>\u2013\u2009Valokuvan\u00e4yttely on kunnianosoitus Malmin moninaisuudelle. Jokaisella kuviin valitulla henkil\u00f6ll\u00e4 on Malmiin omanlaisensa suhde, tekij\u00e4t sanovat tiedotteessa.<\/p>\n<p>Malmilla asuu noin 26 0000 ihmist\u00e4.<\/p>\n<p>\u2013\u2009Malmi ei ole yksi ja sama kaikille, se on monimuotoinen kuin kaupunki kaupungissa<\/p>\n<p>N\u00e4yttelyn kuvat on ottanut valokuvataiteilija <strong>Anna Autio<\/strong>, tekstit ovat toimittaja <strong>Kaisa Viitasen<\/strong>. Mun Malmi -n\u00e4yttely ripustetaan Malmitalon taakse rakennusty\u00f6maan aitaan. Kuvat ja tekstit ovat esill\u00e4 puistoremontin ajan eli noin vuoden.<\/p>\n<p><strong>Veikko Halmetoja<\/strong> ja <strong>Jussi Per\u00e4m\u00e4ki<\/strong> muuttivat Malmille It\u00e4keskuksesta.<\/p>\n<p>\u2013\u2009Monella kaverillamme on ollut Malmista ennakkoluuloja, mutta kun heid\u00e4t sai maaniteltua t\u00e4nne, he hurmioituivat. Monelle on yll\u00e4tys, ett\u00e4 Malmilla on my\u00f6s t\u00e4llainen vehre\u00e4 puutalokukkula, taidegalleristi Halmetoja sanoo Helsingin kaupungin verkkosivuilla.<\/p>\n<p>N\u00e4yttely on Malmitalon ja Helsingin kaupunginkanslian aluerakentamisen yksik\u00f6n yhteistuotanto.<\/p>\n","protected":false},"excerpt":{"rendered":"Tiistaina 9. joulukuuta kello 17-19 Malmitalon edustalla avautuu valokuvan\u00e4yttely Mun Malmi. Avajaiset ovat avoimet kaikille. \u2013\u2009Valokuvan\u00e4yttely on kunnianosoitus&hellip;\n","protected":false},"author":2,"featured_media":103947,"comment_status":"","ping_status":"","sticky":false,"template":"","format":"standard","meta":{"footnotes":""},"categories":[135],"tags":[389,387,388,390,137,33,31,30,2231,104,3742,763,524,32,394,397,485,484,393,391,392,109],"class_list":{"0":"post-103946","1":"post","2":"type-post","3":"status-publish","4":"format-standard","5":"has-post-thumbnail","7":"category-taiteet-ja-suunnittelu","8":"tag-arts","9":"tag-arts-and-design","10":"tag-artsanddesign","11":"tag-design","12":"tag-entertainment","13":"tag-fi","14":"tag-finland","15":"tag-finnish","16":"tag-helsingin-kaupunki","17":"tag-helsinki","18":"tag-kaupunkialue","19":"tag-kulttuuri-ja-viihde","20":"tag-kulttuuri-ja-taidetapahtumat-ja-nayttelyt","21":"tag-suomi","22":"tag-suunnittelu","23":"tag-taide","24":"tag-taide-yleista","25":"tag-taiteellinen-ilmaisu-ja-mediat","26":"tag-taiteet","27":"tag-taiteet-ja-suunnittelu","28":"tag-taiteetsuunnittelu","29":"tag-viihde"},"share_on_mastodon":{"url":"https:\/\/pubeurope.com\/@fi\/115638727011357863","error":""},"_links":{"self":[{"href":"https:\/\/www.europesays.com\/fi\/wp-json\/wp\/v2\/posts\/103946","targetHints":{"allow":["GET"]}}],"collection":[{"href":"https:\/\/www.europesays.com\/fi\/wp-json\/wp\/v2\/posts"}],"about":[{"href":"https:\/\/www.europesays.com\/fi\/wp-json\/wp\/v2\/types\/post"}],"author":[{"embeddable":true,"href":"https:\/\/www.europesays.com\/fi\/wp-json\/wp\/v2\/users\/2"}],"replies":[{"embeddable":true,"href":"https:\/\/www.europesays.com\/fi\/wp-json\/wp\/v2\/comments?post=103946"}],"version-history":[{"count":0,"href":"https:\/\/www.europesays.com\/fi\/wp-json\/wp\/v2\/posts\/103946\/revisions"}],"wp:featuredmedia":[{"embeddable":true,"href":"https:\/\/www.europesays.com\/fi\/wp-json\/wp\/v2\/media\/103947"}],"wp:attachment":[{"href":"https:\/\/www.europesays.com\/fi\/wp-json\/wp\/v2\/media?parent=103946"}],"wp:term":[{"taxonomy":"category","embeddable":true,"href":"https:\/\/www.europesays.com\/fi\/wp-json\/wp\/v2\/categories?post=103946"},{"taxonomy":"post_tag","embeddable":true,"href":"https:\/\/www.europesays.com\/fi\/wp-json\/wp\/v2\/tags?post=103946"}],"curies":[{"name":"wp","href":"https:\/\/api.w.org\/{rel}","templated":true}]}}