{"id":103950,"date":"2025-11-30T12:54:09","date_gmt":"2025-11-30T12:54:09","guid":{"rendered":"https:\/\/www.europesays.com\/fi\/103950\/"},"modified":"2025-11-30T12:54:09","modified_gmt":"2025-11-30T12:54:09","slug":"nikki-sixxilla-on-muutama-valittu-sana-veteraaniartisteille-jotka-yrittavat-kayttaytya-kuin-kaksivitoset","status":"publish","type":"post","link":"https:\/\/www.europesays.com\/fi\/103950\/","title":{"rendered":"Nikki Sixxill\u00e4 on muutama valittu sana veteraaniartisteille, jotka &#8221;yritt\u00e4v\u00e4t k\u00e4ytt\u00e4yty\u00e4 kuin kaksivitoset&#8221;"},"content":{"rendered":"<p>M\u00f6tley Cr\u00fce -basisti Nikki Sixx moittii ik\u00e4\u00e4ntyvi\u00e4 rokkareita, jotka yritt\u00e4v\u00e4t edelleen k\u00e4ytt\u00e4yty\u00e4 ja toimia kuin vuosikymmeni\u00e4 aiemmin.<\/p>\n<p>\u201dEl\u00e4m\u00e4 muuttuu. Se on ihan ok\u201d, 66-vuotias basisti sanoo. \u201dEn pid\u00e4 siit\u00e4 kun n\u00e4en artisteja, jotka yritt\u00e4v\u00e4t kuusikymppisin\u00e4 k\u00e4ytt\u00e4yty\u00e4 edelleen kun parikymppiset. Se ei n\u00e4yt\u00e4 faneille hyv\u00e4lt\u00e4.\u201d<\/p>\n<p>\u201dEvoluutio on v\u00e4ist\u00e4m\u00e4t\u00f6nt\u00e4. Me kaikki ik\u00e4\u00e4nnymme ja muutumme. Kiinnostuksen kohteet muuttuvat. M\u00f6tley Cr\u00fce on p\u00e4rj\u00e4nnyt t\u00e4ss\u00e4 suhteessa varsin hyvin.\u201d<\/p>\n<p>\u201dSit\u00e4 muuttuu ihmisen\u00e4 ja lyyrikkona\u201d, Sixx lis\u00e4\u00e4. \u201dMinun evoluutioni sanoittajana on edennyt raa\u2019asta todella syd\u00e4melliseen. Se kumpuaa kypsymisest\u00e4ni ja siit\u00e4, kuinka kiinnostuksen kohteeni ovat muuttuneet. Se muuttaa sanoituksia, mutta my\u00f6s ajatuksia kappaleiden taustalla. Home Sweet Homen sanoitukset poikkeavat rajusti Shout at the Devilist\u00e4.\u201d<\/p>\n<p>Sixx kommentoi my\u00f6s M\u00f6tley Cr\u00fcen mainetta mielipiteit\u00e4 jakavana yhtyeen\u00e4.<\/p>\n<p>\u201dMeit\u00e4 voi vihata tai rakastaa, M\u00f6tley Cr\u00fce ottaa toisia pattiin samalla kun toiset sanovat, ett\u00e4 muutimme heid\u00e4n el\u00e4m\u00e4ns\u00e4\u201d, Sixx tuumii. \u201dJos toimii meid\u00e4n tavallamme eik\u00e4 kuten muut, sit\u00e4 saa reaktioita molemmista \u00e4\u00e4rip\u00e4ist\u00e4. Se on samalla ik\u00e4\u00e4n kuin vahingossa muodostunut M\u00f6tley Cr\u00fcen magiaksi.\u201d<\/p>\n<p>\u201dKun julkaisimme Shout at the Devilin, kristilliset ryhm\u00e4t osoittivat mielt\u00e4\u00e4n konserttipaikkojen ulkopuolella samaan aikaan kun areenat olivat t\u00e4ynn\u00e4. Jotkut vain jakavat mielipiteit\u00e4.\u201d<\/p>\n<p>\u201dSe on mielest\u00e4ni j\u00e4nnitt\u00e4v\u00e4\u00e4. Kaikissa genreiss\u00e4 tapahtuu samaa. Hiphopissa, countryss\u00e4 ja rockissa. Kyse on autenttisuudesta ja kyvyst\u00e4 ottaa tarvittaessa v\u00e4h\u00e4n paskaakin niskaan.\u201d<\/p>\n<p>M\u00f6tley Cr\u00fce keikkailee j\u00e4lleen ensi vuonna. Luvassa on Carnival of Sins -kiertuetta ja yhtyeen 45-vuotista historiaa juhlistava The Return of the Carnival of Sins -rundi.<\/p>\n<p><img loading=\"lazy\" decoding=\"async\" alt=\"YouTube video\" width=\"480\" height=\"360\" data-pin-nopin=\"true\" nopin=\"nopin\" class=\"perfmatters-lazy\" src=\"https:\/\/www.europesays.com\/fi\/wp-content\/uploads\/2025\/11\/1764507249_769_hqdefault.jpg\"\/><\/p>\n","protected":false},"excerpt":{"rendered":"M\u00f6tley Cr\u00fce -basisti Nikki Sixx moittii ik\u00e4\u00e4ntyvi\u00e4 rokkareita, jotka yritt\u00e4v\u00e4t edelleen k\u00e4ytt\u00e4yty\u00e4 ja toimia kuin vuosikymmeni\u00e4 aiemmin. \u201dEl\u00e4m\u00e4&hellip;\n","protected":false},"author":2,"featured_media":101875,"comment_status":"","ping_status":"","sticky":false,"template":"","format":"standard","meta":{"footnotes":""},"categories":[130],"tags":[137,33,31,30,32,109],"class_list":{"0":"post-103950","1":"post","2":"type-post","3":"status-publish","4":"format-standard","5":"has-post-thumbnail","7":"category-viihde","8":"tag-entertainment","9":"tag-fi","10":"tag-finland","11":"tag-finnish","12":"tag-suomi","13":"tag-viihde"},"share_on_mastodon":{"url":"https:\/\/pubeurope.com\/@fi\/115638754645896578","error":""},"_links":{"self":[{"href":"https:\/\/www.europesays.com\/fi\/wp-json\/wp\/v2\/posts\/103950","targetHints":{"allow":["GET"]}}],"collection":[{"href":"https:\/\/www.europesays.com\/fi\/wp-json\/wp\/v2\/posts"}],"about":[{"href":"https:\/\/www.europesays.com\/fi\/wp-json\/wp\/v2\/types\/post"}],"author":[{"embeddable":true,"href":"https:\/\/www.europesays.com\/fi\/wp-json\/wp\/v2\/users\/2"}],"replies":[{"embeddable":true,"href":"https:\/\/www.europesays.com\/fi\/wp-json\/wp\/v2\/comments?post=103950"}],"version-history":[{"count":0,"href":"https:\/\/www.europesays.com\/fi\/wp-json\/wp\/v2\/posts\/103950\/revisions"}],"wp:featuredmedia":[{"embeddable":true,"href":"https:\/\/www.europesays.com\/fi\/wp-json\/wp\/v2\/media\/101875"}],"wp:attachment":[{"href":"https:\/\/www.europesays.com\/fi\/wp-json\/wp\/v2\/media?parent=103950"}],"wp:term":[{"taxonomy":"category","embeddable":true,"href":"https:\/\/www.europesays.com\/fi\/wp-json\/wp\/v2\/categories?post=103950"},{"taxonomy":"post_tag","embeddable":true,"href":"https:\/\/www.europesays.com\/fi\/wp-json\/wp\/v2\/tags?post=103950"}],"curies":[{"name":"wp","href":"https:\/\/api.w.org\/{rel}","templated":true}]}}