{"id":103953,"date":"2025-11-30T12:58:09","date_gmt":"2025-11-30T12:58:09","guid":{"rendered":"https:\/\/www.europesays.com\/fi\/103953\/"},"modified":"2025-11-30T12:58:09","modified_gmt":"2025-11-30T12:58:09","slug":"pohjoismaiden-suurimman-sataman-turvaksi-halutaan-miinanraivaaja","status":"publish","type":"post","link":"https:\/\/www.europesays.com\/fi\/103953\/","title":{"rendered":"Pohjoismaiden suurimman sataman turvaksi halutaan miinanraivaaja"},"content":{"rendered":"<p class=\"ai-optimize-6 ai-optimize-introduction\">G\u00f6teborgin sataman turvaksi tarvitaan miinanraivaaja, esitt\u00e4\u00e4 satamayhti\u00f6n hallituksen varapuheenjohtaja<strong> Cecilia Magnusson<\/strong>. Ruotsalaispoliitikon avauksesta uutisoi <a href=\"https:\/\/www.svt.se\/nyheter\/lokalt\/vast\/kraver-minrojningsfartyg-i-goteborg-avfardas-av-forsvarsmakten\" target=\"_blank\" rel=\"noopener nofollow\">SVT<\/a>.<\/p>\n<p class=\"ai-optimize-7\">Magnusson on entinen pitk\u00e4aikainen moderaattien valtiop\u00e4iv\u00e4edustaja. Esityst\u00e4\u00e4n h\u00e4n perustelee turvallisuuspoliittisen tilanteen heikkenemisell\u00e4. G\u00f6teborgin satama on Pohjoismaiden suurin, ja satamassa ja sen l\u00e4heisyydess\u00e4 on Ukrainan sodan aikana raportoitu kasvava m\u00e4\u00e4r\u00e4 ep\u00e4ilytt\u00e4vi\u00e4 havaintoja. T\u00e4llaisia havaintoja tehd\u00e4\u00e4n vuosittain 500-600, joista kymmenen prosenttia v\u00e4litet\u00e4\u00e4n eteenp\u00e4in poliisille.<\/p>\n<p class=\"ai-optimize-9\">Magnussonin mukaan satamaan johtava v\u00e4yl\u00e4 on erityisen haavoittuvainen, sill\u00e4 jopa uhkaus sinne sijoitetusta miinasta voisi pys\u00e4ytt\u00e4\u00e4 koko rahtiliikenteen. T\u00e4st\u00e4 syyst\u00e4 h\u00e4n vaatii G\u00f6teborgiin omaa miinanraivaajaa.<\/p>\n<p class=\"ai-optimize-10\">\u2013 L\u00e4nsirannikolla ei ole omia miinanraivausresursseja. L\u00e4hin miinanraivaaja on Karlskronassa, kahden vuorokauden matkan p\u00e4\u00e4ss\u00e4. Ja 48 tunnissa tilanne n\u00e4kyy jo kauppojen hyllyill\u00e4 ja polttoaineen riitt\u00e4vyydess\u00e4, Magnusson sanoo.<\/p>\n<p class=\"ai-optimize-13\">Magnussonin mukaan ruotsalaiset ovat tuudittautuneet rauhaan, ja kielt\u00e4ytyv\u00e4t siksi kuvittelemasta pahimpia mahdollisia skenaarioita.<\/p>\n<p class=\"ai-optimize-11\">Ruotsin puolustusvoimat ei kuitenkaan poliitikon avaukselle l\u00e4mpene. Esitys miinanraivaajan siirt\u00e4misest\u00e4 ei ole \u201drationaalinen\u201d, sanoo \u00c4lvsborgin maihinnousurykmentin komentaja<strong> Oscar Peterson<\/strong> SVT:lle. G\u00f6teborgin satamaan ei kohdistu sotilaallista uhkakuvaa, vaan uhkana on pikemminkin vakoilu.<\/p>\n","protected":false},"excerpt":{"rendered":"G\u00f6teborgin sataman turvaksi tarvitaan miinanraivaaja, esitt\u00e4\u00e4 satamayhti\u00f6n hallituksen varapuheenjohtaja Cecilia Magnusson. Ruotsalaispoliitikon avauksesta uutisoi SVT. Magnusson on entinen&hellip;\n","protected":false},"author":2,"featured_media":103954,"comment_status":"","ping_status":"","sticky":false,"template":"","format":"standard","meta":{"footnotes":""},"categories":[14],"tags":[22,23,26,27,33,31,30,17,24,25,28,29,15,18,21,110,32,19,20,546,56,16,59,60,61],"class_list":{"0":"post-103953","1":"post","2":"type-post","3":"status-publish","4":"format-standard","5":"has-post-thumbnail","7":"category-ulkomaat","8":"tag-breaking-news","9":"tag-breakingnews","10":"tag-featured-news","11":"tag-featurednews","12":"tag-fi","13":"tag-finland","14":"tag-finnish","15":"tag-headlines","16":"tag-latest-news","17":"tag-latestnews","18":"tag-main-news","19":"tag-mainnews","20":"tag-news","21":"tag-otsikot","22":"tag-paauutiset","23":"tag-ruotsi","24":"tag-suomi","25":"tag-top-stories","26":"tag-topstories","27":"tag-turvallisuus","28":"tag-ulkomaat","29":"tag-uutiset","30":"tag-world","31":"tag-world-news","32":"tag-worldnews"},"share_on_mastodon":{"url":"https:\/\/pubeurope.com\/@fi\/115638770311818108","error":""},"_links":{"self":[{"href":"https:\/\/www.europesays.com\/fi\/wp-json\/wp\/v2\/posts\/103953","targetHints":{"allow":["GET"]}}],"collection":[{"href":"https:\/\/www.europesays.com\/fi\/wp-json\/wp\/v2\/posts"}],"about":[{"href":"https:\/\/www.europesays.com\/fi\/wp-json\/wp\/v2\/types\/post"}],"author":[{"embeddable":true,"href":"https:\/\/www.europesays.com\/fi\/wp-json\/wp\/v2\/users\/2"}],"replies":[{"embeddable":true,"href":"https:\/\/www.europesays.com\/fi\/wp-json\/wp\/v2\/comments?post=103953"}],"version-history":[{"count":0,"href":"https:\/\/www.europesays.com\/fi\/wp-json\/wp\/v2\/posts\/103953\/revisions"}],"wp:featuredmedia":[{"embeddable":true,"href":"https:\/\/www.europesays.com\/fi\/wp-json\/wp\/v2\/media\/103954"}],"wp:attachment":[{"href":"https:\/\/www.europesays.com\/fi\/wp-json\/wp\/v2\/media?parent=103953"}],"wp:term":[{"taxonomy":"category","embeddable":true,"href":"https:\/\/www.europesays.com\/fi\/wp-json\/wp\/v2\/categories?post=103953"},{"taxonomy":"post_tag","embeddable":true,"href":"https:\/\/www.europesays.com\/fi\/wp-json\/wp\/v2\/tags?post=103953"}],"curies":[{"name":"wp","href":"https:\/\/api.w.org\/{rel}","templated":true}]}}