{"id":103955,"date":"2025-11-30T12:59:10","date_gmt":"2025-11-30T12:59:10","guid":{"rendered":"https:\/\/www.europesays.com\/fi\/103955\/"},"modified":"2025-11-30T12:59:10","modified_gmt":"2025-11-30T12:59:10","slug":"poliisi-epailee-paihtynyt-16-vuotias-ajoi-auton-katon-kautta-ojaan-karviassa","status":"publish","type":"post","link":"https:\/\/www.europesays.com\/fi\/103955\/","title":{"rendered":"Poliisi ep\u00e4ilee: P\u00e4ihtynyt 16-vuotias ajoi auton katon kautta ojaan Karviassa"},"content":{"rendered":"<p>Onnettomuudet|Poliisi ep\u00e4ilee alustavasti auton 16-vuotiasta kuskia t\u00f6rke\u00e4st\u00e4 rattijuopumuksesta ja kulkuneuvon kuljettamisesta oikeudetta.<\/p>\n<p class=\"article-body mb-nof-24 px-nof-16\">Lounais-Suomen poliisi tutkii Satakunnan Karviassa sunnuntaina tapahtunutta liikenneonnettomuutta, jossa mukana poika ja nuori mies.<\/p>\n<p class=\"article-body mb-nof-24 px-nof-16\">16-vuotiaan pojan kuljettama auto py\u00f6r\u00e4hti katon kautta ymp\u00e4ri ja p\u00e4\u00e4tyi ojaan, Lounais-Suomen poliisi kertoo tiedotteessa sunnuntaina.<\/p>\n<p class=\"article-body mb-nof-24 px-nof-16\">Kuljettaja toimitettiin onnettomuuspaikalta sairaalaan. Autossa oli kuljettajan lis\u00e4ksi yksi matkustaja, 18-vuotias mies. Kumpikaan ei poliisin mukaan loukkaantunut vakavasti.<\/p>\n<p class=\"article-body mb-nof-24 px-nof-16\">Poliisi ep\u00e4ilee alustavasti auton kuljettajaa t\u00f6rke\u00e4st\u00e4 rattijuopumuksesta, liikenneturvallisuuden vaarantamisesta ja kulkuneuvon kuljettamisesta oikeudetta.<\/p>\n<p class=\"article-body mb-nof-24 px-nof-16\">Onnettomuus tapahtui Yl\u00e4-Satakunnantiell\u00e4 J\u00e4rvel\u00e4n kohdilla. Auto tuli onnettomuushetkell\u00e4 Karvian suunnasta.<\/p>\n<p class=\"article-body mb-nof-24 px-nof-16\">Pelastuslaitos sai h\u00e4lytyksen Yl\u00e4-Satakunnantielle sunnuntaina noin kello 10.40. Paikalla oli runsaasti poliisin ja pelastuslaitoksen partioita sek\u00e4 l\u00e4\u00e4k\u00e4rihelikopteri.<\/p>\n","protected":false},"excerpt":{"rendered":"Onnettomuudet|Poliisi ep\u00e4ilee alustavasti auton 16-vuotiasta kuskia t\u00f6rke\u00e4st\u00e4 rattijuopumuksesta ja kulkuneuvon kuljettamisesta oikeudetta. Lounais-Suomen poliisi tutkii Satakunnan Karviassa sunnuntaina&hellip;\n","protected":false},"author":2,"featured_media":96697,"comment_status":"","ping_status":"","sticky":false,"template":"","format":"standard","meta":{"footnotes":""},"categories":[12],"tags":[22,23,26,27,33,31,30,17,46,24,25,28,29,15,18,21,32,19,20,16],"class_list":{"0":"post-103955","1":"post","2":"type-post","3":"status-publish","4":"format-standard","5":"has-post-thumbnail","7":"category-suomi","8":"tag-breaking-news","9":"tag-breakingnews","10":"tag-featured-news","11":"tag-featurednews","12":"tag-fi","13":"tag-finland","14":"tag-finnish","15":"tag-headlines","16":"tag-helsingin-sanomat","17":"tag-latest-news","18":"tag-latestnews","19":"tag-main-news","20":"tag-mainnews","21":"tag-news","22":"tag-otsikot","23":"tag-paauutiset","24":"tag-suomi","25":"tag-top-stories","26":"tag-topstories","27":"tag-uutiset"},"share_on_mastodon":{"url":"https:\/\/pubeurope.com\/@fi\/115638774289826412","error":""},"_links":{"self":[{"href":"https:\/\/www.europesays.com\/fi\/wp-json\/wp\/v2\/posts\/103955","targetHints":{"allow":["GET"]}}],"collection":[{"href":"https:\/\/www.europesays.com\/fi\/wp-json\/wp\/v2\/posts"}],"about":[{"href":"https:\/\/www.europesays.com\/fi\/wp-json\/wp\/v2\/types\/post"}],"author":[{"embeddable":true,"href":"https:\/\/www.europesays.com\/fi\/wp-json\/wp\/v2\/users\/2"}],"replies":[{"embeddable":true,"href":"https:\/\/www.europesays.com\/fi\/wp-json\/wp\/v2\/comments?post=103955"}],"version-history":[{"count":0,"href":"https:\/\/www.europesays.com\/fi\/wp-json\/wp\/v2\/posts\/103955\/revisions"}],"wp:featuredmedia":[{"embeddable":true,"href":"https:\/\/www.europesays.com\/fi\/wp-json\/wp\/v2\/media\/96697"}],"wp:attachment":[{"href":"https:\/\/www.europesays.com\/fi\/wp-json\/wp\/v2\/media?parent=103955"}],"wp:term":[{"taxonomy":"category","embeddable":true,"href":"https:\/\/www.europesays.com\/fi\/wp-json\/wp\/v2\/categories?post=103955"},{"taxonomy":"post_tag","embeddable":true,"href":"https:\/\/www.europesays.com\/fi\/wp-json\/wp\/v2\/tags?post=103955"}],"curies":[{"name":"wp","href":"https:\/\/api.w.org\/{rel}","templated":true}]}}