{"id":103956,"date":"2025-11-30T13:00:16","date_gmt":"2025-11-30T13:00:16","guid":{"rendered":"https:\/\/www.europesays.com\/fi\/103956\/"},"modified":"2025-11-30T13:00:16","modified_gmt":"2025-11-30T13:00:16","slug":"poliisi-15-vuotias-kuoli-vantaalla-kun-auto-lensi-peraanajon-seurauksena-ravintolan-terassille","status":"publish","type":"post","link":"https:\/\/www.europesays.com\/fi\/103956\/","title":{"rendered":"Poliisi: 15-vuotias kuoli Vantaalla, kun auto lensi per\u00e4\u00e4najon seurauksena ravintolan terassille"},"content":{"rendered":"<p>    <img decoding=\"async\" class=\"responsive-image article__image-image lozad\"   src=\"https:\/\/www.europesays.com\/fi\/wp-content\/uploads\/2025\/11\/lmjb-fo-nGyen6Am53xcNJL8kbQD3hEAomAH8kHeKWuqu3wGZSvfJ4-thKGHsyMoahASz6dpR4G96EUrLCDFFp4hsrNqdihXUmx2.jpeg\" alt=\"Nuori kuoli, kun auto suistui per\u00e4\u00e4najokolarin seurauksena ravintolan terassille Vantaalla lauantai-iltana.\"\/><\/p>\n<p>\n                Nuori kuoli, kun auto suistui per\u00e4\u00e4najokolarin seurauksena ravintolan terassille Vantaalla lauantai-iltana.\n              <\/p>\n<p>\n                Kuva: Seppo Samuli \/ Lehtikuva\n              <\/p>\n<p class=\"article__paragraph\">\n      Vantaalla lauantaina 15-vuotiaan sivullisen kuolemaan johtaneen kolarin auton kuljettajaa kuulustellaan t\u00e4n\u00e4\u00e4n, kertoo rikoskomisario Rauno J\u00e4ms\u00e4 STT:lle.\n    <\/p>\n<p class=\"article__paragraph\">\n      It\u00e4-Uudenmaan poliisi kertoi lauantaina yhden nuoren kuolleen, kun h\u00e4n j\u00e4i ravintolan terassille ajautuneen auton alle. 15-vuotiasta yritettiin elvytt\u00e4\u00e4, mutta h\u00e4n kuoli tapahtumapaikalle. Toinen nuori ehti v\u00e4ist\u00e4\u00e4 autoa hypp\u00e4\u00e4m\u00e4ll\u00e4 pois tielt\u00e4.\n    <\/p>\n<p class=\"article__paragraph\">\n      Poliisi kertoi ottaneensa lauantaina kiinni autoa kuljettaneen 22-vuotiaan miehen. Poliisi ep\u00e4ilee h\u00e4nt\u00e4 alustavasti t\u00f6rke\u00e4st\u00e4 liikenneturvallisuuden vaarantamisesta ja t\u00f6rke\u00e4st\u00e4 kuolemantuottamuksesta.\n    <\/p>\n<p class=\"article__paragraph\">\n      Kuljettajalle tehdyt puhallutus ja huumausaineiden pikatesti antoivat negatiivisen tuloksen, J\u00e4ms\u00e4 kertoo.\n    <\/p>\n<p>      Silminn\u00e4kij\u00e4havaintoja kaivataan<\/p>\n<p class=\"article__paragraph\">\n      Poliisin tietojen mukaan kaksi henkil\u00f6autoa oli matkalla Tikkurilassa Talvikkitiet\u00e4 pitkin etel\u00e4\u00e4n, kun ne t\u00f6rm\u00e4siv\u00e4t Hernetien risteyksess\u00e4 ennen puoli kahdeksaa illalla.\n    <\/p>\n<p class=\"article__paragraph\">\n      J\u00e4ms\u00e4 kertoo tapahtumien kulun t\u00e4ll\u00e4 hetkell\u00e4 n\u00e4ytt\u00e4v\u00e4n silt\u00e4, ett\u00e4 edell\u00e4 ajanut auto oli k\u00e4\u00e4ntym\u00e4ss\u00e4 oikealle, kun sen takaa tullut auto t\u00f6rm\u00e4si sen per\u00e4\u00e4n. Takaa tulleen auton matka jatkui risteyksest\u00e4, ja se ajautui kulkusuuntaan n\u00e4hden tien oikealla puolella olleen ravintolan terassille.\n    <\/p>\n<p class=\"article__paragraph\">\n      Autojen kyydiss\u00e4 oli kuljettajien lis\u00e4ksi my\u00f6s matkustajia. Kuljettajat tai matkustajat eiv\u00e4t loukkaantuneet tilanteessa. Edell\u00e4 ajaneen auton kuljettajaa ei ep\u00e4ill\u00e4 rikoksesta.\n    <\/p>\n<p class=\"article__paragraph\">\n      Tapahtumien selvitt\u00e4minen on viel\u00e4 kesken, ja esimerkiksi tilannenopeudesta ei viel\u00e4 voitu J\u00e4ms\u00e4n mukaan antaa tietoja.\n    <\/p>\n<p class=\"article__paragraph\">\n      Osaa paikalla olleista on jo alustavasti puhutettu, mutta muita mahdollisia silminn\u00e4kij\u00f6it\u00e4 pyydet\u00e4\u00e4n ottamaan yhteytt\u00e4 poliisiin s\u00e4hk\u00f6postilla osoitteeseen rikostutkinta.vantaa.ita-uusimaa@poliisi.fi.\n    <\/p>\n","protected":false},"excerpt":{"rendered":"Nuori kuoli, kun auto suistui per\u00e4\u00e4najokolarin seurauksena ravintolan terassille Vantaalla lauantai-iltana. Kuva: Seppo Samuli \/ Lehtikuva Vantaalla lauantaina&hellip;\n","protected":false},"author":2,"featured_media":103957,"comment_status":"","ping_status":"","sticky":false,"template":"","format":"standard","meta":{"footnotes":""},"categories":[5],"tags":[22,23,26,27,33,31,30,17,24,25,28,29,15,18,21,32,19,20,16],"class_list":{"0":"post-103956","1":"post","2":"type-post","3":"status-publish","4":"format-standard","5":"has-post-thumbnail","7":"category-otsikot","8":"tag-breaking-news","9":"tag-breakingnews","10":"tag-featured-news","11":"tag-featurednews","12":"tag-fi","13":"tag-finland","14":"tag-finnish","15":"tag-headlines","16":"tag-latest-news","17":"tag-latestnews","18":"tag-main-news","19":"tag-mainnews","20":"tag-news","21":"tag-otsikot","22":"tag-paauutiset","23":"tag-suomi","24":"tag-top-stories","25":"tag-topstories","26":"tag-uutiset"},"share_on_mastodon":{"url":"https:\/\/pubeurope.com\/@fi\/115638778260194348","error":""},"_links":{"self":[{"href":"https:\/\/www.europesays.com\/fi\/wp-json\/wp\/v2\/posts\/103956","targetHints":{"allow":["GET"]}}],"collection":[{"href":"https:\/\/www.europesays.com\/fi\/wp-json\/wp\/v2\/posts"}],"about":[{"href":"https:\/\/www.europesays.com\/fi\/wp-json\/wp\/v2\/types\/post"}],"author":[{"embeddable":true,"href":"https:\/\/www.europesays.com\/fi\/wp-json\/wp\/v2\/users\/2"}],"replies":[{"embeddable":true,"href":"https:\/\/www.europesays.com\/fi\/wp-json\/wp\/v2\/comments?post=103956"}],"version-history":[{"count":0,"href":"https:\/\/www.europesays.com\/fi\/wp-json\/wp\/v2\/posts\/103956\/revisions"}],"wp:featuredmedia":[{"embeddable":true,"href":"https:\/\/www.europesays.com\/fi\/wp-json\/wp\/v2\/media\/103957"}],"wp:attachment":[{"href":"https:\/\/www.europesays.com\/fi\/wp-json\/wp\/v2\/media?parent=103956"}],"wp:term":[{"taxonomy":"category","embeddable":true,"href":"https:\/\/www.europesays.com\/fi\/wp-json\/wp\/v2\/categories?post=103956"},{"taxonomy":"post_tag","embeddable":true,"href":"https:\/\/www.europesays.com\/fi\/wp-json\/wp\/v2\/tags?post=103956"}],"curies":[{"name":"wp","href":"https:\/\/api.w.org\/{rel}","templated":true}]}}