{"id":103958,"date":"2025-11-30T13:13:08","date_gmt":"2025-11-30T13:13:08","guid":{"rendered":"https:\/\/www.europesays.com\/fi\/103958\/"},"modified":"2025-11-30T13:13:08","modified_gmt":"2025-11-30T13:13:08","slug":"evelina-esitteli-takapuoltaan-artistilta-paljonpuhuva-kommentti-stara-fi","status":"publish","type":"post","link":"https:\/\/www.europesays.com\/fi\/103958\/","title":{"rendered":"Evelina esitteli takapuoltaan \u2013 artistilta paljonpuhuva kommentti \u2013 Stara.fi"},"content":{"rendered":"<p>Suosittu kotimainen popt\u00e4hti Evelina on kuluneena syksyn\u00e4 juhlistanut 10-vuotiasta uraansa lokakuussa alkaneella Honey tour -kiertueella. Nyt turnee on loppusuoralla ja sen merkeiss\u00e4 Evelina nousee lavalle viimeisen kerran Turussa 5. joulukuuta.<\/p>\n<p>Nyt Evelina on kertonut seitsem\u00e4n konserttia sis\u00e4lt\u00e4v\u00e4n kiertueensa p\u00e4\u00e4t\u00f6skonsertista poikkeuksellisen n\u00e4ytt\u00e4v\u00e4ll\u00e4 p\u00e4ivityksell\u00e4, jossa riitt\u00e4\u00e4 paljasta pintaa. H\u00e4nen seuraajansa ovat ottaneet kuvat innoissaan vastaan. Er\u00e4s heist\u00e4 kuitenkin kysyi artistilta miksi n\u00e4in. Vastaus oli tyhjent\u00e4v\u00e4.<\/p>\n<p>\u2013 Miksi kuvat? Koska miks ei, el\u00e4m\u00e4 on lyhyt ja se tapahtuu nyt ja se ei oo ihan niin vakavaa aina ja m\u00e4 oon b\u00e4m\u00e4, Evelina kiteytt\u00e4\u00e4 syyn rohkeiden kuvien julkaisemiseen.<\/p>\n<p>Evelina lupasi jo ennakkoon faneilleen konserttiensa olevan uudistettu ja visuaalinen liveshow, ja n\u00e4in on my\u00f6s k\u00e4ynyt. Esimerkiksi Tavastian konsertin video sai suuren suosion, ja artisti itsekin kehui konsertin tunnelmaa vuolaasti. Tuolla keikalla fanit yll\u00e4ttiv\u00e4t artistin nostamalla samanaikaisesti ilmaan suuren m\u00e4\u00e4r\u00e4n syd\u00e4mi\u00e4.<\/p>\n<p>Helsingin Tavastian lis\u00e4ksi kiertue on jo pys\u00e4htynyt esimerkiksi Sein\u00e4joella ja Tampereella.<\/p>\n<p>Kev\u00e4\u00e4ll\u00e4 2024 Evelina <a href=\"https:\/\/www.stara.fi\/2024\/05\/08\/evelina-julkaisi-paljonpuhuvat-somekuvat-ei-kaikkien-kuppi-teeta\/\" rel=\"nofollow noopener\" target=\"_blank\">yll\u00e4tti faninsa tyylimuutoksella<\/a>, jossa h\u00e4n ajeli hiuksensa kokonaan pois. Tuolloin monet fanit \u00e4imisteliv\u00e4t muutosta ja pitiv\u00e4t sit\u00e4 radikaalina.<\/p>\n<blockquote class=\"instagram-media\" data-instgrm-captioned=\"\" data-instgrm-permalink=\"https:\/\/www.instagram.com\/p\/DRkvnLBjCTY\/?utm_source=ig_embed&amp;utm_campaign=loading\" data-instgrm-version=\"14\" style=\" background:#FFF; border:0; border-radius:3px; box-shadow:0 0 1px 0 rgba(0,0,0,0.5),0 1px 10px 0 rgba(0,0,0,0.15); margin: 1px; max-width:540px; min-width:326px; padding:0; width:99.375%; width:-webkit-calc(100% - 2px); width:calc(100% - 2px);\">\n<\/blockquote>\n<p>\n\t\t\t\tVoit lukea Starassa my\u00f6s lis\u00e4\u00e4 t\u00e4h\u00e4n kyseiseen artikkeliin liittyvist\u00e4 aiheista, kuten <a href=\"https:\/\/www.stara.fi\/asiasanat\/evelina\/\" rel=\"tag nofollow noopener\" target=\"_blank\">Evelina<\/a> tai laajemmin aihealueesta <a href=\"https:\/\/www.stara.fi\/category\/viihdeuutiset\/\" rel=\"category tag nofollow noopener\" target=\"_blank\">Viihdeuutiset<\/a>.\n\t\t\t<\/p>\n<p>\t\t\t\t\t<script async src=\"\/\/www.instagram.com\/embed.js\"><\/script><\/p>\n","protected":false},"excerpt":{"rendered":"Suosittu kotimainen popt\u00e4hti Evelina on kuluneena syksyn\u00e4 juhlistanut 10-vuotiasta uraansa lokakuussa alkaneella Honey tour -kiertueella. Nyt turnee on&hellip;\n","protected":false},"author":2,"featured_media":103959,"comment_status":"","ping_status":"","sticky":false,"template":"","format":"standard","meta":{"footnotes":""},"categories":[136],"tags":[407,137,33,31,30,408,32,109],"class_list":{"0":"post-103958","1":"post","2":"type-post","3":"status-publish","4":"format-standard","5":"has-post-thumbnail","7":"category-julkkikset","8":"tag-celebrities","9":"tag-entertainment","10":"tag-fi","11":"tag-finland","12":"tag-finnish","13":"tag-julkkikset","14":"tag-suomi","15":"tag-viihde"},"share_on_mastodon":{"url":"https:\/\/pubeurope.com\/@fi\/115638829464225544","error":""},"_links":{"self":[{"href":"https:\/\/www.europesays.com\/fi\/wp-json\/wp\/v2\/posts\/103958","targetHints":{"allow":["GET"]}}],"collection":[{"href":"https:\/\/www.europesays.com\/fi\/wp-json\/wp\/v2\/posts"}],"about":[{"href":"https:\/\/www.europesays.com\/fi\/wp-json\/wp\/v2\/types\/post"}],"author":[{"embeddable":true,"href":"https:\/\/www.europesays.com\/fi\/wp-json\/wp\/v2\/users\/2"}],"replies":[{"embeddable":true,"href":"https:\/\/www.europesays.com\/fi\/wp-json\/wp\/v2\/comments?post=103958"}],"version-history":[{"count":0,"href":"https:\/\/www.europesays.com\/fi\/wp-json\/wp\/v2\/posts\/103958\/revisions"}],"wp:featuredmedia":[{"embeddable":true,"href":"https:\/\/www.europesays.com\/fi\/wp-json\/wp\/v2\/media\/103959"}],"wp:attachment":[{"href":"https:\/\/www.europesays.com\/fi\/wp-json\/wp\/v2\/media?parent=103958"}],"wp:term":[{"taxonomy":"category","embeddable":true,"href":"https:\/\/www.europesays.com\/fi\/wp-json\/wp\/v2\/categories?post=103958"},{"taxonomy":"post_tag","embeddable":true,"href":"https:\/\/www.europesays.com\/fi\/wp-json\/wp\/v2\/tags?post=103958"}],"curies":[{"name":"wp","href":"https:\/\/api.w.org\/{rel}","templated":true}]}}