{"id":103960,"date":"2025-11-30T13:14:10","date_gmt":"2025-11-30T13:14:10","guid":{"rendered":"https:\/\/www.europesays.com\/fi\/103960\/"},"modified":"2025-11-30T13:14:10","modified_gmt":"2025-11-30T13:14:10","slug":"nain-se-paatyi-perintona-perheeseen","status":"publish","type":"post","link":"https:\/\/www.europesays.com\/fi\/103960\/","title":{"rendered":"N\u00e4in se p\u00e4\u00e4tyi perint\u00f6n\u00e4 perheeseen"},"content":{"rendered":"<p>Taulu on siirtynyt perint\u00f6n\u00e4 eteenp\u00e4in samassa perheess\u00e4. Nyt se on myynniss\u00e4.<\/p>\n<p><img decoding=\"async\" class=\"image image-show image-preview\" src=\"https:\/\/www.europesays.com\/fi\/wp-content\/uploads\/2025\/11\/3d1fd943b919fdb12ae57ed6ccf7ceaf9cad8b76b0eb5e6c599304566d531e70.png\" alt=\"\"\/><img decoding=\"async\" class=\"image image-show\" src=\"https:\/\/www.europesays.com\/fi\/wp-content\/uploads\/2025\/11\/1764508450_591_3d1fd943b919fdb12ae57ed6ccf7ceaf9cad8b76b0eb5e6c599304566d531e70.png\" alt=\"\"\/><\/p>\n<p>Taidehistorioitsija kertoo HS:lle, ett\u00e4 Jansson myi l\u00e4hes kaikki teoksensa yksityisille henkil\u00f6ille. ESA PYYSALO<\/p>\n<p class=\"paragraph\"><strong>Tove Janssonin<\/strong> ennest\u00e4\u00e4n tuntematon teos on myynniss\u00e4 <a href=\"https:\/\/www.bukowskis.com\/fi\/auctions\/F615\/lots\/1663256-tove-jansson-nakyma-toolonlahdesta\" target=\"_blank\" rel=\"noopener nofollow\">Bukowskisin huutokaupassa<\/a> Helsingiss\u00e4.<\/p>\n<p class=\"paragraph\">Vuonna 1941 valmistuneen \u00f6ljymaalauksen nimi on N\u00e4kym\u00e4 T\u00f6\u00f6l\u00f6nlahdesta. Maalauksessa n\u00e4kyy nimens\u00e4 mukaisesti sen aikaista kaupunkikuvaa Helsingist\u00e4.<\/p>\n<p class=\"paragraph\">Teoksen l\u00e4ht\u00f6hinta on 40\u00a0000\u201350\u00a0000\u00a0euroa. Siit\u00e4 on tarjottu lauantaihin menness\u00e4 30 000 euroa. Huutokauppa p\u00e4\u00e4ttyy sunnuntaina.<\/p>\n<p class=\"paragraph\">Myyntitekstist\u00e4 ilmenee, ett\u00e4 maalaus on aikoinaan ostettu suoraan taiteilijalta ja se on siirtynyt perint\u00f6n\u00e4 eteenp\u00e4in samassa perheess\u00e4.<\/p>\n<p class=\"paragraph\">Maalauksesta ja sen myynnist\u00e4 kertoi aiemmin <a href=\"https:\/\/www.hs.fi\/kulttuuri\/art-2000011655921.html\" target=\"_blank\" rel=\"noopener nofollow\">Helsingin Sanomat<\/a>, joka haastatteli taulun perinytt\u00e4 sukulaista. Teosta ei ollut koskaan lainattu mihink\u00e4\u00e4n n\u00e4yttelyyn.<\/p>\n<p class=\"paragraph\">\u2013 \u00c4idin isot\u00e4ti <strong>Thyra Sofia Hanemann<\/strong> osti maalauksen Tovelta silloin, kun he molemmat asuivat Katajanokalla. Thyra testamenttasi taulun \u00e4idilleni vuonna 1964, sukulainen kertoo HS:lle.<\/p>\n<p>Toinenkin teos myynniss\u00e4<\/p>\n<p class=\"paragraph\">Taidehistorioitsija <strong>Tuula Karjalainen<\/strong> kertoo HS:lle, ett\u00e4 Jansson myi l\u00e4hes kaikki teoksensa yksityisille henkil\u00f6ille. Siksi niit\u00e4 on edelleen paljon yksityisperheiss\u00e4.<\/p>\n<p class=\"paragraph\">Karjalainen toimi Janssonin juhlan\u00e4yttelyn kuraattorina vuonna 2014. H\u00e4n kertoo HS:lle, ett\u00e4 juhlan\u00e4yttelyss\u00e4 oli todella paljon yksityishenkil\u00f6ilt\u00e4 saatuja teoksia.<\/p>\n<p class=\"paragraph\"><a href=\"https:\/\/www.bukowskis.com\/fi\/auctions\/F615\/lots\/1674889-tove-jansson-sotilas-talvimaisemassa\" target=\"_blank\" rel=\"noopener nofollow\">Samassa huutokaupassa<\/a> on t\u00e4ll\u00e4 hetkell\u00e4 myynniss\u00e4 my\u00f6s Janssonin teos Sotilas talvimaisemassa. Myyntitekstiss\u00e4 kerrotaan teoksen liittyv\u00e4n sarjaan, johon kuului ainakin seitsem\u00e4n erilaista sota-aikaista aihetta, jotka Jansson teki 1940-luvulla Oy Taidekorttikeskus Ab:lle.<\/p>\n<p class=\"paragraph\">T\u00e4m\u00e4n teoksen l\u00e4ht\u00f6hinta on 5\u00a0000\u20136\u00a0000\u00a0euroa, ja siit\u00e4 on tarjottu hieman alle 4 000 euroa lauantaihin menness\u00e4.<\/p>\n","protected":false},"excerpt":{"rendered":"Taulu on siirtynyt perint\u00f6n\u00e4 eteenp\u00e4in samassa perheess\u00e4. Nyt se on myynniss\u00e4. Taidehistorioitsija kertoo HS:lle, ett\u00e4 Jansson myi l\u00e4hes&hellip;\n","protected":false},"author":2,"featured_media":103961,"comment_status":"","ping_status":"","sticky":false,"template":"","format":"standard","meta":{"footnotes":""},"categories":[135],"tags":[35,389,387,388,390,137,33,31,30,381,2434,379,3175,32,394,485,393,391,392,109],"class_list":{"0":"post-103960","1":"post","2":"type-post","3":"status-publish","4":"format-standard","5":"has-post-thumbnail","7":"category-taiteet-ja-suunnittelu","8":"tag-24h","9":"tag-arts","10":"tag-arts-and-design","11":"tag-artsanddesign","12":"tag-design","13":"tag-entertainment","14":"tag-fi","15":"tag-finland","16":"tag-finnish","17":"tag-kaunokirjallisuus","18":"tag-kirjailijat-ml-kolumnistit","19":"tag-kirjallisuus","20":"tag-lasten-ja-nuortenkirjallisuus","21":"tag-suomi","22":"tag-suunnittelu","23":"tag-taide-yleista","24":"tag-taiteet","25":"tag-taiteet-ja-suunnittelu","26":"tag-taiteetsuunnittelu","27":"tag-viihde"},"share_on_mastodon":{"url":"https:\/\/pubeurope.com\/@fi\/115638833439789274","error":""},"_links":{"self":[{"href":"https:\/\/www.europesays.com\/fi\/wp-json\/wp\/v2\/posts\/103960","targetHints":{"allow":["GET"]}}],"collection":[{"href":"https:\/\/www.europesays.com\/fi\/wp-json\/wp\/v2\/posts"}],"about":[{"href":"https:\/\/www.europesays.com\/fi\/wp-json\/wp\/v2\/types\/post"}],"author":[{"embeddable":true,"href":"https:\/\/www.europesays.com\/fi\/wp-json\/wp\/v2\/users\/2"}],"replies":[{"embeddable":true,"href":"https:\/\/www.europesays.com\/fi\/wp-json\/wp\/v2\/comments?post=103960"}],"version-history":[{"count":0,"href":"https:\/\/www.europesays.com\/fi\/wp-json\/wp\/v2\/posts\/103960\/revisions"}],"wp:featuredmedia":[{"embeddable":true,"href":"https:\/\/www.europesays.com\/fi\/wp-json\/wp\/v2\/media\/103961"}],"wp:attachment":[{"href":"https:\/\/www.europesays.com\/fi\/wp-json\/wp\/v2\/media?parent=103960"}],"wp:term":[{"taxonomy":"category","embeddable":true,"href":"https:\/\/www.europesays.com\/fi\/wp-json\/wp\/v2\/categories?post=103960"},{"taxonomy":"post_tag","embeddable":true,"href":"https:\/\/www.europesays.com\/fi\/wp-json\/wp\/v2\/tags?post=103960"}],"curies":[{"name":"wp","href":"https:\/\/api.w.org\/{rel}","templated":true}]}}