{"id":103964,"date":"2025-11-30T13:21:08","date_gmt":"2025-11-30T13:21:08","guid":{"rendered":"https:\/\/www.europesays.com\/fi\/103964\/"},"modified":"2025-11-30T13:21:08","modified_gmt":"2025-11-30T13:21:08","slug":"archie-cruz-paljasti-suhteensa-tilan","status":"publish","type":"post","link":"https:\/\/www.europesays.com\/fi\/103964\/","title":{"rendered":"Archie Cruz paljasti suhteensa tilan"},"content":{"rendered":"<p><strong>Archie Cruzin<\/strong> ja <strong>Iida Vainion<\/strong> suhteessa on ollut monenlaisia k\u00e4\u00e4nteit\u00e4. Archie ilmoitti viimeksi elokuussa eronneensa Iidasta. Iida kiisti n\u00e4in k\u00e4yneen ja parin v\u00e4lisi\u00e4 riitaisia keskusteluja p\u00e4\u00e4stiin lukemaan molempien sometilien kautta.<\/p>\n<p>Lue my\u00f6s: <a href=\"https:\/\/www.como.fi\/uutiset\/uutta-tietoa-archien-ja-iidan-suhteesta\/\" title=\"Uutta tietoa Archien ja Iidan suhteesta\" class=\"underline-custom !font-montserrat !font-bold !underline-offset-4 !decoration-4 !decoration-red-600 !text-md\" rel=\"nofollow noopener\" target=\"_blank\">Uutta tietoa Archien ja Iidan suhteesta<\/a><\/p>\n<p>Pari vaikuttaa olevan edelleen yhdess\u00e4. Archie kertoi muutama p\u00e4iv\u00e4 sitten menev\u00e4ns\u00e4 Lahteen jouluaiheisiin perhekuvauksiin. H\u00e4n kehui kuvauksia ja kuvauksissa k\u00e4yminen yhdess\u00e4 perheen kanssa viittasi my\u00f6s siihen, kuinka Iida on edelleen mukana kuvioissa. Nyt Archie on julkaissut siit\u00e4 sometarinoihin uuden todisteen. H\u00e4n pit\u00e4\u00e4 sen mukaan Iida \u201dmurunaan\u201d.<\/p>\n<p>Lue my\u00f6s: <a href=\"https:\/\/www.como.fi\/uutiset\/archie-cruz-syyttaa-nyt-iidaa-olen-ottanut-yhteytta-lakimieheen\/\" title=\"Archie Cruz syytt\u00e4\u00e4 nyt Iidaa \u2013 \u201dOlen ottanut yhteytt\u00e4 lakimieheen\u201d\" class=\"underline-custom !font-montserrat !font-bold !underline-offset-4 !decoration-4 !decoration-red-600 !text-md\" rel=\"nofollow noopener\" target=\"_blank\">Archie Cruz syytt\u00e4\u00e4 nyt Iidaa \u2013 \u201dOlen ottanut yhteytt\u00e4 lakimieheen\u201d<\/a><\/p>\n<p>\u2013 Hyv\u00e4\u00e4 viikonloppua jengi. Murun kanssa sy\u00f6m\u00e4ss\u00e4 @idavainio, kirjoittaa Archie.<\/p>\n<p>Iida on selke\u00e4sti kuvannut Archien sometarinoista l\u00f6ytyv\u00e4n kuvan. Archiella on kuvassa rakastuneen n\u00e4k\u00f6inen ilme ja h\u00e4n katsoo suoraan kuvaajaa kohti.<\/p>\n<p>\u2013 Winter is coming. Perheen kanssa Lahteen Joulukuvauksiin, kirjoitti Archie muutama p\u00e4iv\u00e4 sitten.<\/p>\n<p>Jos upotus ei n\u00e4y, avaa se auki <a href=\"https:\/\/www.instagram.com\/p\/DRevcc-Cvd0\/?utm_source=ig_web_copy_link&amp;igsh=MzRlODBiNWFlZA==\" target=\"_blank\" rel=\"noreferrer noopener nofollow\">t\u00e4st\u00e4<\/a>.<\/p>\n<p>Lue my\u00f6s: <a href=\"https:\/\/www.como.fi\/tilaa-comon-uutiskirje\/\" title=\"Tilaa Comon uutiskirje ja tied\u00e4t mist\u00e4 kahvitauolla puhutaan! Nappaa kotimaan tv-vinkit ja puheenaiheet suoraan s\u00e4hk\u00f6postiin t\u00e4st\u00e4.\" class=\"underline-custom !font-montserrat !font-bold !underline-offset-4 !decoration-4 !decoration-red-600 !text-md\" rel=\"nofollow noopener\" target=\"_blank\">Tilaa Comon uutiskirje ja tied\u00e4t mist\u00e4 kahvitauolla puhutaan! Nappaa kotimaan tv-vinkit ja puheenaiheet suoraan s\u00e4hk\u00f6postiin t\u00e4st\u00e4.<\/a><\/p>\n<p>\t\t\t<script async src=\"\/\/www.instagram.com\/embed.js\"><\/script><\/p>\n","protected":false},"excerpt":{"rendered":"Archie Cruzin ja Iida Vainion suhteessa on ollut monenlaisia k\u00e4\u00e4nteit\u00e4. Archie ilmoitti viimeksi elokuussa eronneensa Iidasta. Iida kiisti&hellip;\n","protected":false},"author":2,"featured_media":103965,"comment_status":"","ping_status":"","sticky":false,"template":"","format":"standard","meta":{"footnotes":""},"categories":[130],"tags":[2345,137,33,31,30,32,109],"class_list":{"0":"post-103964","1":"post","2":"type-post","3":"status-publish","4":"format-standard","5":"has-post-thumbnail","7":"category-viihde","8":"tag-archie-cruz","9":"tag-entertainment","10":"tag-fi","11":"tag-finland","12":"tag-finnish","13":"tag-suomi","14":"tag-viihde"},"share_on_mastodon":{"url":"https:\/\/pubeurope.com\/@fi\/115638860787656789","error":""},"_links":{"self":[{"href":"https:\/\/www.europesays.com\/fi\/wp-json\/wp\/v2\/posts\/103964","targetHints":{"allow":["GET"]}}],"collection":[{"href":"https:\/\/www.europesays.com\/fi\/wp-json\/wp\/v2\/posts"}],"about":[{"href":"https:\/\/www.europesays.com\/fi\/wp-json\/wp\/v2\/types\/post"}],"author":[{"embeddable":true,"href":"https:\/\/www.europesays.com\/fi\/wp-json\/wp\/v2\/users\/2"}],"replies":[{"embeddable":true,"href":"https:\/\/www.europesays.com\/fi\/wp-json\/wp\/v2\/comments?post=103964"}],"version-history":[{"count":0,"href":"https:\/\/www.europesays.com\/fi\/wp-json\/wp\/v2\/posts\/103964\/revisions"}],"wp:featuredmedia":[{"embeddable":true,"href":"https:\/\/www.europesays.com\/fi\/wp-json\/wp\/v2\/media\/103965"}],"wp:attachment":[{"href":"https:\/\/www.europesays.com\/fi\/wp-json\/wp\/v2\/media?parent=103964"}],"wp:term":[{"taxonomy":"category","embeddable":true,"href":"https:\/\/www.europesays.com\/fi\/wp-json\/wp\/v2\/categories?post=103964"},{"taxonomy":"post_tag","embeddable":true,"href":"https:\/\/www.europesays.com\/fi\/wp-json\/wp\/v2\/tags?post=103964"}],"curies":[{"name":"wp","href":"https:\/\/api.w.org\/{rel}","templated":true}]}}