{"id":103966,"date":"2025-11-30T13:22:09","date_gmt":"2025-11-30T13:22:09","guid":{"rendered":"https:\/\/www.europesays.com\/fi\/103966\/"},"modified":"2025-11-30T13:22:09","modified_gmt":"2025-11-30T13:22:09","slug":"lansirannikon-jokien-vedet-korkealla-laihianjoella-ja-kalajoella-voi-tulvia-etela-pohjanmaa","status":"publish","type":"post","link":"https:\/\/www.europesays.com\/fi\/103966\/","title":{"rendered":"L\u00e4nsirannikon jokien vedet korkealla \u2013 Laihianjoella ja Kalajoella voi tulvia | Etel\u00e4-Pohjanmaa"},"content":{"rendered":"<p class=\"aw-1gybjub aw-5vja16 kEtdKx kmuxyA yle__article__paragraph\">Sateet ja sulava lumi nostavat l\u00e4nsirannikon jokien pintoja.<\/p>\n<p><img decoding=\"async\" alt=\"Talvinen jokimaisema aamuauringossa, jossa j\u00e4\u00e4tyneet kasvit ja pakkaslumi peitt\u00e4v\u00e4t rannan kasvustoa.\" src=\"https:\/\/www.europesays.com\/fi\/wp-content\/uploads\/2025\/11\/39-1556566691eb406d81a2.jpeg\" class=\"aw-1l9m598 hKVVvP\"\/><\/p>\n<p>Avaa kuvien katselu<\/p>\n<p>Laihianjoki laskee mereen Vaasan etel\u00e4puolella. Arkistokuva   19.11.2025. Kuva: Sebu Bj\u00f6rklund \/ Yle<\/p>\n<p class=\"aw-1gybjub aw-1p7kakr kEtdKx cEmitX yle__article__paragraph\">Vaasan etel\u00e4puoliset Pohjanmaan joet ovat nousseet korkeammalle kuin kertaakaan aiemmin t\u00e4n\u00e4 vuonna. Muun muassa Laihianjoki on nousemassa keskim\u00e4\u00e4r\u00e4isen tulvan tasolle, ennustaa Tulvakeskus.<\/p>\n<p class=\"aw-1gybjub aw-1p7kakr kEtdKx cEmitX yle__article__paragraph\">Maanantain sateet nostavat jokien ja j\u00e4rvien pintoja alueella Kyr\u00f6njoelta Pyh\u00e4joelle.<\/p>\n<p class=\"aw-1gybjub aw-1p7kakr kEtdKx cEmitX yle__article__paragraph\">Lapuanjoen Liinamaalla joki tulvii alavimmille pelloille. Kalajoki saattaa nousta keskim\u00e4\u00e4r\u00e4isen tulvan tasolle. Pyh\u00e4joelta pohjoiseen sateen ennustetaan tulevan lumena.<\/p>\n<p class=\"aw-1gybjub aw-1p7kakr kEtdKx cEmitX yle__article__paragraph\">Tulvakeskuksen mukaan tulvimisen syyn\u00e4 ovat runsaat sateet ja l\u00e4mmin s\u00e4\u00e4, jotka ovat nostaneet l\u00e4nsirannikon jokien pintoja.<\/p>\n<p class=\"aw-1gybjub aw-1p7kakr kEtdKx cEmitX yle__article__paragraph\">Pohjois-Pohjanmaalla Kalajoen pinta Niskakoskessa on noussut perjantaista metrill\u00e4.<\/p>\n<p class=\"aw-1gybjub aw-1p7kakr kEtdKx cEmitX yle__article__paragraph\">J\u00e4rvien vedenpinnat ovat edelleen paikoin harvinaisen alhaalla Pohjois-Pirkanmaalta Pohjois-Karjalaan ja Kainuun etel\u00e4osiin ulottuvalla alueella. Ennusteiden mukaan n\u00e4ill\u00e4 alueilla vedenpinnat pysyv\u00e4t matalalla ensi vuodelle saakka.<\/p>\n","protected":false},"excerpt":{"rendered":"Sateet ja sulava lumi nostavat l\u00e4nsirannikon jokien pintoja. Avaa kuvien katselu Laihianjoki laskee mereen Vaasan etel\u00e4puolella. Arkistokuva 19.11.2025.&hellip;\n","protected":false},"author":2,"featured_media":103967,"comment_status":"","ping_status":"","sticky":false,"template":"","format":"standard","meta":{"footnotes":""},"categories":[112],"tags":[1377,33,31,30,1096,1730,838,451,4740,72,952,449,728,1942,118,32,119,2524,859],"class_list":{"0":"post-103966","1":"post","2":"type-post","3":"status-publish","4":"format-standard","5":"has-post-thumbnail","7":"category-tiede","8":"tag-etela-pohjanmaa","9":"tag-fi","10":"tag-finland","11":"tag-finnish","12":"tag-ilmasto","13":"tag-joet","14":"tag-kalajoki","15":"tag-keski-pohjanmaa","16":"tag-laihia","17":"tag-luonto","18":"tag-oulu","19":"tag-pohjanmaa","20":"tag-pohjois-pohjanmaa","21":"tag-sateinen-saa","22":"tag-science","23":"tag-suomi","24":"tag-tiede","25":"tag-tulvat","26":"tag-vaasa"},"share_on_mastodon":{"url":"https:\/\/pubeurope.com\/@fi\/115638864870212504","error":""},"_links":{"self":[{"href":"https:\/\/www.europesays.com\/fi\/wp-json\/wp\/v2\/posts\/103966","targetHints":{"allow":["GET"]}}],"collection":[{"href":"https:\/\/www.europesays.com\/fi\/wp-json\/wp\/v2\/posts"}],"about":[{"href":"https:\/\/www.europesays.com\/fi\/wp-json\/wp\/v2\/types\/post"}],"author":[{"embeddable":true,"href":"https:\/\/www.europesays.com\/fi\/wp-json\/wp\/v2\/users\/2"}],"replies":[{"embeddable":true,"href":"https:\/\/www.europesays.com\/fi\/wp-json\/wp\/v2\/comments?post=103966"}],"version-history":[{"count":0,"href":"https:\/\/www.europesays.com\/fi\/wp-json\/wp\/v2\/posts\/103966\/revisions"}],"wp:featuredmedia":[{"embeddable":true,"href":"https:\/\/www.europesays.com\/fi\/wp-json\/wp\/v2\/media\/103967"}],"wp:attachment":[{"href":"https:\/\/www.europesays.com\/fi\/wp-json\/wp\/v2\/media?parent=103966"}],"wp:term":[{"taxonomy":"category","embeddable":true,"href":"https:\/\/www.europesays.com\/fi\/wp-json\/wp\/v2\/categories?post=103966"},{"taxonomy":"post_tag","embeddable":true,"href":"https:\/\/www.europesays.com\/fi\/wp-json\/wp\/v2\/tags?post=103966"}],"curies":[{"name":"wp","href":"https:\/\/api.w.org\/{rel}","templated":true}]}}