{"id":103968,"date":"2025-11-30T13:24:11","date_gmt":"2025-11-30T13:24:11","guid":{"rendered":"https:\/\/www.europesays.com\/fi\/103968\/"},"modified":"2025-11-30T13:24:11","modified_gmt":"2025-11-30T13:24:11","slug":"metsohallin-viikonlopusta-ei-tullut-fc-halikolle-sunnuntaina-lisaa-riemua","status":"publish","type":"post","link":"https:\/\/www.europesays.com\/fi\/103968\/","title":{"rendered":"Metsohallin viikonlopusta ei tullut FC Halikolle sunnuntaina lis\u00e4\u00e4 riemua"},"content":{"rendered":"<p>Muuramen Metsohalli ei muodostunut lopulta viikonlopun kultakaivokseksi FC Halikon naisten liigajoukkueelle. Lauantain riemukasta voittoa seurasi samassa paikassa sunnuntaina 1\u20133-tappio Palokan Riennolle.<\/p>\n<p>Ensimm\u00e4inen puoliaika eteni PaRin pit\u00e4ess\u00e4 enemm\u00e4n palloa mutta toisaalta p\u00e4\u00e4stess\u00e4 lopulta varsin harvoin huippuluokan maalintekopaikoille. Yhdest\u00e4 niist\u00e4 joukkue tasoitti ottelun 1\u20131:een.<\/p>\n<p>Halikon johtomaali oli taidokas kokonaisuus. <b>Olivia Haapanen<\/b> riisti pallon ja pohjusti <b>Eerika Haalijolle<\/b> hyv\u00e4n mahdollisuuden maalintekoon. Haalijoen viimeistely oli laadukas.<\/p>\n<p>Tauon j\u00e4lkeen Riento alkoi saada v\u00e4hitellen otetta. Paineen kasvu kulminoitui kymmenen pelisekunnin v\u00e4lein tapahtuneisiin tilanteisiin hieman jakson puoliv\u00e4lin j\u00e4lkeen. FC Halikon <b>Pilvi Junnila<\/b> otti mainion tuplatorjunnan, mutta samassa hy\u00f6kk\u00e4yksess\u00e4<strong> Iina Heikkil\u00e4n<\/strong> laukaus painui maaliin Junnilan jalkojen v\u00e4list\u00e4.<\/p>\n<p>Halikolla oli viel\u00e4 omat mahdollisuutensa, kun PaRille tuomittiin puoliajan viides rike yli seitsem\u00e4n minuuttia ennen loppua. Kuudetta eli sit\u00e4 kautta vierailijoiden vapaata potkua kymmenest\u00e4 metrist\u00e4 ei kuitenkaan koskaan tullut. 3\u20131-maali oli yht\u00e4\u00e4lt\u00e4 painostuksen tulos, toisaalta onnekas pomppu.<\/p>\n<p>FC Halikolla on runkosarjan ensimm\u00e4isell\u00e4 puoliskolla viel\u00e4 kotiottelut k\u00e4rki-RaiFua, jumbo-Sportia ja eritt\u00e4in tasaisen k\u00e4rkip\u00e4\u00e4n PU-62:ta vastaan.<\/p>\n<p>Miesten liigassa Someron Voima Futsal pit\u00e4\u00e4 paikkansa k\u00e4rkip\u00e4\u00e4ss\u00e4. Joukkue haki Vehmaisten Urheilijoista 3\u20132-vierasvoiton <b>Muslim Marhievin, Arber Istrefin<\/b> ja <b>Valdrin Rashican<\/b> maaleilla.<\/p>\n<p>NAISTEN LIIGA<br \/>\nPaRi\u2013FC Halikko 3\u20131 (1\u20131)<\/p>\n<p>Maalit: 6.06 Eerika Haalijoki (Olivia Haapanen) 0\u20131, 15.42 Anna-Kaisa Hannuksela 1\u20131, 31.39 Iina Heikkil\u00e4 2\u20131, 34.22 Julia Jokiranta 3\u20131.<\/p>\n<p>FC Halikon seuraava ottelu: su 7.12. FC Halikko\u2013RaiFu klo 13 Salohallissa.<\/p>\n","protected":false},"excerpt":{"rendered":"Muuramen Metsohalli ei muodostunut lopulta viikonlopun kultakaivokseksi FC Halikon naisten liigajoukkueelle. Lauantain riemukasta voittoa seurasi samassa paikassa sunnuntaina&hellip;\n","protected":false},"author":2,"featured_media":103969,"comment_status":"","ping_status":"","sticky":false,"template":"","format":"standard","meta":{"footnotes":"","_share_on_mastodon":"0"},"categories":[76],"tags":[79,77,19696,33,31,30,19697,32,78],"class_list":["post-103968","post","type-post","status-publish","format-standard","has-post-thumbnail","category-talous","tag-business","tag-economy","tag-fc-halikko","tag-fi","tag-finland","tag-finnish","tag-futsal","tag-suomi","tag-talous"],"share_on_mastodon":{"url":"https:\/\/pubeurope.com\/@fi\/115638872524804978","error":""},"_links":{"self":[{"href":"https:\/\/www.europesays.com\/fi\/wp-json\/wp\/v2\/posts\/103968","targetHints":{"allow":["GET"]}}],"collection":[{"href":"https:\/\/www.europesays.com\/fi\/wp-json\/wp\/v2\/posts"}],"about":[{"href":"https:\/\/www.europesays.com\/fi\/wp-json\/wp\/v2\/types\/post"}],"author":[{"embeddable":true,"href":"https:\/\/www.europesays.com\/fi\/wp-json\/wp\/v2\/users\/2"}],"replies":[{"embeddable":true,"href":"https:\/\/www.europesays.com\/fi\/wp-json\/wp\/v2\/comments?post=103968"}],"version-history":[{"count":0,"href":"https:\/\/www.europesays.com\/fi\/wp-json\/wp\/v2\/posts\/103968\/revisions"}],"wp:featuredmedia":[{"embeddable":true,"href":"https:\/\/www.europesays.com\/fi\/wp-json\/wp\/v2\/media\/103969"}],"wp:attachment":[{"href":"https:\/\/www.europesays.com\/fi\/wp-json\/wp\/v2\/media?parent=103968"}],"wp:term":[{"taxonomy":"category","embeddable":true,"href":"https:\/\/www.europesays.com\/fi\/wp-json\/wp\/v2\/categories?post=103968"},{"taxonomy":"post_tag","embeddable":true,"href":"https:\/\/www.europesays.com\/fi\/wp-json\/wp\/v2\/tags?post=103968"}],"curies":[{"name":"wp","href":"https:\/\/api.w.org\/{rel}","templated":true}]}}