{"id":103970,"date":"2025-11-30T13:25:07","date_gmt":"2025-11-30T13:25:07","guid":{"rendered":"https:\/\/www.europesays.com\/fi\/103970\/"},"modified":"2025-11-30T13:25:07","modified_gmt":"2025-11-30T13:25:07","slug":"sri-lankassa-lahes-200-kuollut-tulvissa-ja-mutavyoryissa","status":"publish","type":"post","link":"https:\/\/www.europesays.com\/fi\/103970\/","title":{"rendered":"Sri Lankassa l\u00e4hes 200 kuollut tulvissa ja mutavy\u00f6ryiss\u00e4"},"content":{"rendered":"<p><strong class=\"typography-bold\">Kuolleiden lis\u00e4ksi yli 200 ihmist\u00e4 on kadoksissa.<\/strong><\/p>\n<p>Sri Lankassa suuria osia maasta on joutunut veden alle voimakkaan syklonin aiheuttamien rankkasateiden takia.\u00a0<\/p>\n<p>Tulvissa ja mutavy\u00f6ryiss\u00e4 on kuollut jo l\u00e4hes 200 ihmist\u00e4, kertovat paikallisviranomaiset.<\/p>\n<p>Kuolleiden lis\u00e4ksi yli 200 ihmist\u00e4 on kadoksissa.<\/p>\n<p>Sri Lankan yli pyyhk\u00e4issyt sykloni on nyt matkalla Intian niemimaalle.<\/p>\n<p>Sri Lankan lis\u00e4ksi rajut sateet ja tulvat ovat kurittaneet muun muassa Indonesiaa ja Thaimaata. Indonesiassa ja Thaimaassa kuolleita on yhteens\u00e4 ainakin 480, mink\u00e4 lis\u00e4ksi paljon ihmisi\u00e4 ja alueita on viel\u00e4 pelastusty\u00f6ntekij\u00f6iden saavuttamatta.<\/p>\n","protected":false},"excerpt":{"rendered":"Kuolleiden lis\u00e4ksi yli 200 ihmist\u00e4 on kadoksissa. Sri Lankassa suuria osia maasta on joutunut veden alle voimakkaan syklonin&hellip;\n","protected":false},"author":2,"featured_media":103971,"comment_status":"","ping_status":"","sticky":false,"template":"","format":"standard","meta":{"footnotes":""},"categories":[14],"tags":[22,23,26,27,33,31,30,17,24,25,28,29,15,18,21,32,19,20,56,16,59,60,61],"class_list":{"0":"post-103970","1":"post","2":"type-post","3":"status-publish","4":"format-standard","5":"has-post-thumbnail","7":"category-ulkomaat","8":"tag-breaking-news","9":"tag-breakingnews","10":"tag-featured-news","11":"tag-featurednews","12":"tag-fi","13":"tag-finland","14":"tag-finnish","15":"tag-headlines","16":"tag-latest-news","17":"tag-latestnews","18":"tag-main-news","19":"tag-mainnews","20":"tag-news","21":"tag-otsikot","22":"tag-paauutiset","23":"tag-suomi","24":"tag-top-stories","25":"tag-topstories","26":"tag-ulkomaat","27":"tag-uutiset","28":"tag-world","29":"tag-world-news","30":"tag-worldnews"},"share_on_mastodon":{"url":"https:\/\/pubeurope.com\/@fi\/115638876582804051","error":""},"_links":{"self":[{"href":"https:\/\/www.europesays.com\/fi\/wp-json\/wp\/v2\/posts\/103970","targetHints":{"allow":["GET"]}}],"collection":[{"href":"https:\/\/www.europesays.com\/fi\/wp-json\/wp\/v2\/posts"}],"about":[{"href":"https:\/\/www.europesays.com\/fi\/wp-json\/wp\/v2\/types\/post"}],"author":[{"embeddable":true,"href":"https:\/\/www.europesays.com\/fi\/wp-json\/wp\/v2\/users\/2"}],"replies":[{"embeddable":true,"href":"https:\/\/www.europesays.com\/fi\/wp-json\/wp\/v2\/comments?post=103970"}],"version-history":[{"count":0,"href":"https:\/\/www.europesays.com\/fi\/wp-json\/wp\/v2\/posts\/103970\/revisions"}],"wp:featuredmedia":[{"embeddable":true,"href":"https:\/\/www.europesays.com\/fi\/wp-json\/wp\/v2\/media\/103971"}],"wp:attachment":[{"href":"https:\/\/www.europesays.com\/fi\/wp-json\/wp\/v2\/media?parent=103970"}],"wp:term":[{"taxonomy":"category","embeddable":true,"href":"https:\/\/www.europesays.com\/fi\/wp-json\/wp\/v2\/categories?post=103970"},{"taxonomy":"post_tag","embeddable":true,"href":"https:\/\/www.europesays.com\/fi\/wp-json\/wp\/v2\/tags?post=103970"}],"curies":[{"name":"wp","href":"https:\/\/api.w.org\/{rel}","templated":true}]}}