{"id":103972,"date":"2025-11-30T13:26:10","date_gmt":"2025-11-30T13:26:10","guid":{"rendered":"https:\/\/www.europesays.com\/fi\/103972\/"},"modified":"2025-11-30T13:26:10","modified_gmt":"2025-11-30T13:26:10","slug":"hurja-vuorokausi-liikenteessa-perati-kuusi-onnettomuutta","status":"publish","type":"post","link":"https:\/\/www.europesays.com\/fi\/103972\/","title":{"rendered":"Hurja vuorokausi liikenteess\u00e4: per\u00e4ti kuusi onnettomuutta"},"content":{"rendered":"<p>Onnettomuuksista viimeisin sattui Raaseporissa sunnuntai-iltap\u00e4iv\u00e4n\u00e4.<\/p>\n<p>Vantaan Tikkurilassa kuoli 15-vuotias poika, kun auto t\u00f6rm\u00e4si terassiin.<\/p>\n<p>Lue tiivistelm\u00e4<\/p>\n<p>Tiivistelm\u00e4 on teko\u00e4lyn tekem\u00e4 ja ihmisen tarkistama.<\/p>\n<p class=\"article-body mb-nof-24 px-nof-16 sndp-summary-bullet-point-font\">Viimeisen vuorokauden aikana Suomessa on sattunut kuusi liikenneonnettomuutta, joista kaksi on vaatinut ihmishenki\u00e4.<\/p>\n<p class=\"article-body mb-nof-24 px-nof-16 sndp-summary-bullet-point-font\">Vantaan Tikkurilassa auto ajautui ravintolan terassille ja 15-vuotias poika kuoli auton alle j\u00e4\u00e4ty\u00e4\u00e4n.<\/p>\n<p class=\"article-body mb-nof-24 px-nof-16 sndp-summary-bullet-point-font\">Virroilla henkil\u00f6auton kuljettaja kuoli ulosajossa ja Raaseporissa Puolustusvoimien kuorma-auto ajautui tielt\u00e4 13 ihmisen ollessa kyydiss\u00e4.<\/p>\n<p class=\"article-body mb-nof-24 px-nof-16\">Viimeisin vuorokausi on ollut liikenteess\u00e4 synkk\u00e4: ymp\u00e4ri maan on sattunut per\u00e4ti kuusi onnettomuutta, joista kaksi on vaatinut uhriensa hengen.<\/p>\n<p class=\"article-body mb-nof-24 px-nof-16\">Lauantaina kaksi turisteja kuljettanutta minibussia <a class=\"article-genericlink\" href=\"https:\/\/www.is.fi\/kotimaa\/art-2000011659575.html\" rel=\"nofollow noopener\" target=\"_blank\">joutui onnettomuuteen<\/a> Posiolla. Yksi busseista suistui tielt\u00e4 ojaan ja toinen py\u00f6ri kattonsa kautta ymp\u00e4ri p\u00e4\u00e4tyen viiden metrin syvennykseen, Lapin pelastuslaitos kertoi. Onnettomuudet eiv\u00e4t liity toisiinsa.<\/p>\n<p class=\"article-body mb-nof-24 px-nof-16\">Lue lis\u00e4\u00e4: <a class=\"article-genericlink\" href=\"https:\/\/www.is.fi\/kotimaa\/art-2000011659575.html\" rel=\"nofollow noopener\" target=\"_blank\">Kaksi turistibussia onnettomuudessa Posiolla \u2013 toinen katon kautta ymp\u00e4ri<\/a><\/p>\n<p class=\"article-body mb-nof-24 px-nof-16\">Kyydiss\u00e4 oli yhteens\u00e4 13 ulkomaalaista matkustajaa, joista kolme tarvitsi ensihoitoa. P\u00e4ivyst\u00e4v\u00e4n palomestarin <a class=\"article-personlink\" href=\"https:\/\/www.is.fi\/haku\/?query=Timo%20Nyholmin\" rel=\"nofollow noopener\" target=\"_blank\">Timo Nyholmin<\/a> mukaan bussit olivat ulkomaan kilviss\u00e4.<\/p>\n<p class=\"article-body mb-nof-24 px-nof-16\">Molemmat bussit suistuivat tielt\u00e4 samassa mutkassa. Pelastuslaitos ei osaa kertoa onnettomuuden tarkkaa syyt\u00e4, mutta Nyholm mainitsi teiden olleen peilij\u00e4\u00e4ss\u00e4.<\/p>\n<p class=\"article-body mb-nof-24 px-nof-16\">Samana p\u00e4iv\u00e4n\u00e4 Killinkoskentiell\u00e4 Virroilla sattui <a class=\"article-genericlink\" href=\"https:\/\/www.is.fi\/tampereen-seutu\/art-2000011659509.html\" rel=\"nofollow noopener\" target=\"_blank\">henkil\u00f6auton ulosajo<\/a>, jossa auton kuljettaja kuoli. Onnettomuusautossa ei ollut muita matkustajia, eik\u00e4 onnettomuudessa ep\u00e4ill\u00e4 olleen muita osallisia.<\/p>\n<p class=\"article-body mb-nof-24 px-nof-16\">Lue lis\u00e4\u00e4: <a class=\"article-genericlink\" href=\"https:\/\/www.is.fi\/tampereen-seutu\/art-2000011659509.html\" rel=\"nofollow noopener\" target=\"_blank\">Yksi kuoli liikenne\u00adonnettomuudessa Virroilla<\/a><\/p>\n<p class=\"article-body mb-nof-24 px-nof-16\">Iitiss\u00e4 puolestaan sattui lauantai-iltap\u00e4iv\u00e4n\u00e4 onnettomuus, jossa henkil\u00f6auto suistui ulos tielt\u00e4 katolleen ojaan. Kaksi ihmist\u00e4 j\u00e4i auton sis\u00e4\u00e4n jumiin, mutta he p\u00e4\u00e4siv\u00e4t ulos sivullisten avustuksella. Kumpikaan ei loukkaantunut vakavasti.<\/p>\n<p class=\"article-body mb-nof-24 px-nof-16\">My\u00f6s Karviassa auto p\u00e4\u00e4tyi <a class=\"article-genericlink\" href=\"https:\/\/www.is.fi\/kotimaa\/art-2000011660258.html\" rel=\"nofollow noopener\" target=\"_blank\">kattonsa kautta ojaan<\/a>. Ajoneuvoa kuljetti 16-vuotias poika, joka vietiin onnettomuuspaikalta sairaalaan. H\u00e4nen lis\u00e4kseen autossa oli yksi matkustaja, 18-vuotias mies. Kumpikaan ei loukkaantunut vakavasti.<\/p>\n<p class=\"article-body mb-nof-24 px-nof-16\">Lue lis\u00e4\u00e4: <a class=\"article-genericlink\" href=\"https:\/\/www.is.fi\/kotimaa\/art-2000011660258.html\" rel=\"nofollow noopener\" target=\"_blank\">Vakava liikenne\u00adonnettomuus Karviassa \u2013 osallisena 16-vuotias ja 18-vuotias<\/a><\/p>\n<p class=\"article-body mb-nof-24 px-nof-16\">Poliisi ep\u00e4ilee kuljettajaa t\u00f6rke\u00e4st\u00e4 rattijuopumuksesta ja liikenneturvallisuuden vaarantamisesta sek\u00e4 kulkuneuvon kuljettamisesta oikeudetta.<\/p>\n<p class=\"article-body mb-nof-24 px-nof-16\">Lauantai-iltana kaksi autoa<a class=\"article-genericlink\" href=\"https:\/\/www.is.fi\/kotimaa\/art-2000011660042.html\" rel=\"nofollow noopener\" target=\"_blank\"> t\u00f6rm\u00e4si toisiinsa<\/a> Vantaan Tikkurilassa Talvikkitien ja Hernetien risteyksess\u00e4. Toinen autosta ajoi Talvikkitiet\u00e4 pitkin kohti Helsinki\u00e4, toinen oli k\u00e4\u00e4ntym\u00e4ss\u00e4 risteyksest\u00e4 oikealle.<\/p>\n<p class=\"article-body mb-nof-24 px-nof-16\">Lue lis\u00e4\u00e4: <a class=\"article-genericlink\" href=\"https:\/\/www.is.fi\/kotimaa\/art-2000011660042.html\" rel=\"nofollow noopener\" target=\"_blank\">T\u00e4m\u00e4 tiedet\u00e4\u00e4n 15-vuotiaan pojan hengen vaatineesta turmasta Vantaalla<\/a><\/p>\n<p class=\"article-body mb-nof-24 px-nof-16\">T\u00f6rm\u00e4yksen j\u00e4lkeen toinen autoista ajautui Talvikkitiell\u00e4 sijaitsevan Grill House -ravintolan terassille. 15-vuotias poika j\u00e4i auton alle, ja elvytysyrityksist\u00e4 huolimatta h\u00e4n kuoli tapahtumapaikalle. Toinen nuori ehti v\u00e4ist\u00e4\u00e4 autoa hypp\u00e4\u00e4m\u00e4ll\u00e4 pois tielt\u00e4.<\/p>\n<p class=\"article-body mb-nof-24 px-nof-16\">Toinen autoista t\u00f6rm\u00e4si liikennetolppaan.<\/p>\n<p class=\"article-body mb-nof-24 px-nof-16\">Poliisi ep\u00e4ilee terassille ajaneen auton kuljettajaa t\u00f6rke\u00e4st\u00e4 liikenneturvallisuuden vaarantamisesta ja t\u00f6rke\u00e4st\u00e4 kuolemantuottamuksesta. Nimikkeet voivat t\u00e4smenty\u00e4 tutkinnan edetess\u00e4. Toisen auton kuljettajaa ei ep\u00e4ill\u00e4 rikoksesta.<\/p>\n<p class=\"article-body mb-nof-24 px-nof-16\">Sunnuntai-iltap\u00e4iv\u00e4n\u00e4 Puolustusvoimien kuorma-auto <a class=\"article-genericlink\" href=\"https:\/\/www.is.fi\/kotimaa\/art-2000011660250.html\" rel=\"nofollow noopener\" target=\"_blank\">ajautui tielt\u00e4 Raaseporissa<\/a>. Onnettomuudessa oli osallisina yhteens\u00e4 13 ihmist\u00e4, joista poliisin mukaan useat loukkaantuivat. Yhden vammat ovat vakavia, pelastuslaitos kertoi.<\/p>\n<p class=\"article-body mb-nof-24 px-nof-16\">Pelastuslaitos sai h\u00e4lytyksen suuresta liikenneonnettomuudesta Perni\u00f6ntiell\u00e4 kello 12.44.<\/p>\n","protected":false},"excerpt":{"rendered":"Onnettomuuksista viimeisin sattui Raaseporissa sunnuntai-iltap\u00e4iv\u00e4n\u00e4. Vantaan Tikkurilassa kuoli 15-vuotias poika, kun auto t\u00f6rm\u00e4si terassiin. Lue tiivistelm\u00e4 Tiivistelm\u00e4 on&hellip;\n","protected":false},"author":2,"featured_media":103973,"comment_status":"","ping_status":"","sticky":false,"template":"","format":"standard","meta":{"footnotes":""},"categories":[12],"tags":[22,23,26,27,33,31,30,17,34,24,25,28,29,15,18,21,32,19,20,16],"class_list":{"0":"post-103972","1":"post","2":"type-post","3":"status-publish","4":"format-standard","5":"has-post-thumbnail","7":"category-suomi","8":"tag-breaking-news","9":"tag-breakingnews","10":"tag-featured-news","11":"tag-featurednews","12":"tag-fi","13":"tag-finland","14":"tag-finnish","15":"tag-headlines","16":"tag-ilta-sanomat","17":"tag-latest-news","18":"tag-latestnews","19":"tag-main-news","20":"tag-mainnews","21":"tag-news","22":"tag-otsikot","23":"tag-paauutiset","24":"tag-suomi","25":"tag-top-stories","26":"tag-topstories","27":"tag-uutiset"},"share_on_mastodon":{"url":"https:\/\/pubeurope.com\/@fi\/115638880381728944","error":""},"_links":{"self":[{"href":"https:\/\/www.europesays.com\/fi\/wp-json\/wp\/v2\/posts\/103972","targetHints":{"allow":["GET"]}}],"collection":[{"href":"https:\/\/www.europesays.com\/fi\/wp-json\/wp\/v2\/posts"}],"about":[{"href":"https:\/\/www.europesays.com\/fi\/wp-json\/wp\/v2\/types\/post"}],"author":[{"embeddable":true,"href":"https:\/\/www.europesays.com\/fi\/wp-json\/wp\/v2\/users\/2"}],"replies":[{"embeddable":true,"href":"https:\/\/www.europesays.com\/fi\/wp-json\/wp\/v2\/comments?post=103972"}],"version-history":[{"count":0,"href":"https:\/\/www.europesays.com\/fi\/wp-json\/wp\/v2\/posts\/103972\/revisions"}],"wp:featuredmedia":[{"embeddable":true,"href":"https:\/\/www.europesays.com\/fi\/wp-json\/wp\/v2\/media\/103973"}],"wp:attachment":[{"href":"https:\/\/www.europesays.com\/fi\/wp-json\/wp\/v2\/media?parent=103972"}],"wp:term":[{"taxonomy":"category","embeddable":true,"href":"https:\/\/www.europesays.com\/fi\/wp-json\/wp\/v2\/categories?post=103972"},{"taxonomy":"post_tag","embeddable":true,"href":"https:\/\/www.europesays.com\/fi\/wp-json\/wp\/v2\/tags?post=103972"}],"curies":[{"name":"wp","href":"https:\/\/api.w.org\/{rel}","templated":true}]}}