{"id":103974,"date":"2025-11-30T13:27:09","date_gmt":"2025-11-30T13:27:09","guid":{"rendered":"https:\/\/www.europesays.com\/fi\/103974\/"},"modified":"2025-11-30T13:27:09","modified_gmt":"2025-11-30T13:27:09","slug":"16-vuotias-suistui-autolla-ojaan-karviassa-epaillaan-torkeasta-rattijuopumuksesta","status":"publish","type":"post","link":"https:\/\/www.europesays.com\/fi\/103974\/","title":{"rendered":"16-vuotias suistui autolla ojaan Karviassa \u2013 ep\u00e4ill\u00e4\u00e4n t\u00f6rke\u00e4st\u00e4 rattijuopumuksesta"},"content":{"rendered":"<p>Kuljettaja vietiin onnettomuuspaikalta sairaalaan.<\/p>\n<p class=\"article-body mb-nof-24 px-nof-16\">Poliisi tutkii Karviassa tapahtunutta liikenneonnettomuutta, jossa 16-vuotiaan pojan kuljettama auto py\u00f6r\u00e4hti katon kautta ymp\u00e4ri ojaan.<\/p>\n<p class=\"article-body mb-nof-24 px-nof-16\">H\u00e4t\u00e4keskus sai ilmoituksen onnettomuudesta Yl\u00e4-Satakunnantiell\u00e4. Auto oli tullut Karvian suunnasta ja suistunut tielt\u00e4 J\u00e4rvel\u00e4n kohdilla.<\/p>\n<p class=\"article-body mb-nof-24 px-nof-16\">Kuljettaja vietiin onnettomuuspaikalta sairaalaan. Autossa oli kuljettajan lis\u00e4ksi yksi matkustaja, 18-vuotias mies. Kumpikaan ei loukkaantunut vakavasti.<\/p>\n<p class=\"article-body mb-nof-24 px-nof-16\">Poliisi ep\u00e4ilee alustavasti auton kuljettajaa t\u00f6rke\u00e4st\u00e4 rattijuopumuksesta ja liikenne\u00adturvallisuuden vaarantamisesta sek\u00e4 kulkuneuvon kuljettamisesta oikeudetta.<\/p>\n<p class=\"article-body mb-nof-24 px-nof-16\">Paikalla oli runsaasti poliisin ja pelastuslaitoksen partioita sek\u00e4 l\u00e4\u00e4k\u00e4rihelikopteri.<\/p>\n","protected":false},"excerpt":{"rendered":"Kuljettaja vietiin onnettomuuspaikalta sairaalaan. Poliisi tutkii Karviassa tapahtunutta liikenneonnettomuutta, jossa 16-vuotiaan pojan kuljettama auto py\u00f6r\u00e4hti katon kautta ymp\u00e4ri&hellip;\n","protected":false},"author":2,"featured_media":103975,"comment_status":"","ping_status":"","sticky":false,"template":"","format":"standard","meta":{"footnotes":""},"categories":[5],"tags":[22,23,26,27,33,31,30,17,34,24,25,28,29,15,18,21,32,19,20,16],"class_list":{"0":"post-103974","1":"post","2":"type-post","3":"status-publish","4":"format-standard","5":"has-post-thumbnail","7":"category-otsikot","8":"tag-breaking-news","9":"tag-breakingnews","10":"tag-featured-news","11":"tag-featurednews","12":"tag-fi","13":"tag-finland","14":"tag-finnish","15":"tag-headlines","16":"tag-ilta-sanomat","17":"tag-latest-news","18":"tag-latestnews","19":"tag-main-news","20":"tag-mainnews","21":"tag-news","22":"tag-otsikot","23":"tag-paauutiset","24":"tag-suomi","25":"tag-top-stories","26":"tag-topstories","27":"tag-uutiset"},"share_on_mastodon":{"url":"https:\/\/pubeurope.com\/@fi\/115638884306236339","error":""},"_links":{"self":[{"href":"https:\/\/www.europesays.com\/fi\/wp-json\/wp\/v2\/posts\/103974","targetHints":{"allow":["GET"]}}],"collection":[{"href":"https:\/\/www.europesays.com\/fi\/wp-json\/wp\/v2\/posts"}],"about":[{"href":"https:\/\/www.europesays.com\/fi\/wp-json\/wp\/v2\/types\/post"}],"author":[{"embeddable":true,"href":"https:\/\/www.europesays.com\/fi\/wp-json\/wp\/v2\/users\/2"}],"replies":[{"embeddable":true,"href":"https:\/\/www.europesays.com\/fi\/wp-json\/wp\/v2\/comments?post=103974"}],"version-history":[{"count":0,"href":"https:\/\/www.europesays.com\/fi\/wp-json\/wp\/v2\/posts\/103974\/revisions"}],"wp:featuredmedia":[{"embeddable":true,"href":"https:\/\/www.europesays.com\/fi\/wp-json\/wp\/v2\/media\/103975"}],"wp:attachment":[{"href":"https:\/\/www.europesays.com\/fi\/wp-json\/wp\/v2\/media?parent=103974"}],"wp:term":[{"taxonomy":"category","embeddable":true,"href":"https:\/\/www.europesays.com\/fi\/wp-json\/wp\/v2\/categories?post=103974"},{"taxonomy":"post_tag","embeddable":true,"href":"https:\/\/www.europesays.com\/fi\/wp-json\/wp\/v2\/tags?post=103974"}],"curies":[{"name":"wp","href":"https:\/\/api.w.org\/{rel}","templated":true}]}}