{"id":103976,"date":"2025-11-30T13:39:10","date_gmt":"2025-11-30T13:39:10","guid":{"rendered":"https:\/\/www.europesays.com\/fi\/103976\/"},"modified":"2025-11-30T13:39:10","modified_gmt":"2025-11-30T13:39:10","slug":"nain-kavi-archien-ja-iidan-parisuhdepodcastille-meilla-ei-ole","status":"publish","type":"post","link":"https:\/\/www.europesays.com\/fi\/103976\/","title":{"rendered":"N\u00e4in k\u00e4vi Archien ja Iidan parisuhdepodcastille: &#8221;Meill\u00e4 ei ole&#8230;&#8221;"},"content":{"rendered":"<p>            Timo Korhonen, Jani Korpela\n        <\/p>\n<p class=\"subtitle \">Archien ja Iidan fanit lienev\u00e4t ihmetelleen jo pidemm\u00e4n aikaan, miss\u00e4 kaksikon parisuhdepodcastin seuraava kausi kuppaa.<\/p>\n<p class=\"article-content article-content-width !bg-background\">Iskelm\u00e4poppari  ja somevaikuttaja  muodostavat pariskunnan, joka hakee vertaistaan.<\/p>\n<p class=\"article-content article-content-width !bg-background\">L\u00e4hihistoriassa vain  ja  tarjosivat supersekoilun m\u00e4\u00e4r\u00e4ss\u00e4 samanlaista viihdett\u00e4 kuin Archie ja Iida.<\/p>\n<p class=\"article-content article-content-width !bg-background\">Yht\u00e4 kaikki, kahdesta tuli kolme viime jouluna, kun heille syntyi tytt\u00f6vauva 23. joulukuuta.<\/p>\n<p>        <a itemprop=\"url\" href=\"https:\/\/www.seiska.fi\/kotimaa\/milla-elavat-iida-vainio-ja-archie-cruz-tulot-hatkahdyttavat\/1983073\" rel=\"nofollow noopener\" target=\"_blank\"><\/p>\n<p>\nMill\u00e4 el\u00e4v\u00e4t Iida ja Archie?\n<\/p>\n<p class=\"section-date\">\n        <strong class=\"article-section\" data-section=\"kotimaa\"><br \/>\n            kotimaa<br \/>\n        <\/strong><br \/>\n        12.11. 08:40\n    <\/p>\n<p>Mill\u00e4 el\u00e4v\u00e4t Iida Vainio ja Archie Cruz? Tulot h\u00e4tk\u00e4hdytt\u00e4v\u00e4t\n    <\/p>\n<p itemprop=\"description\" class=\"subtitle \">\n    Kohuparin verotiedot ovat karua luettavaa.\n<\/p>\n<p>        <\/a><\/p>\n<p class=\"article-content article-content-width !bg-background\">T\u00e4m\u00e4n j\u00e4lkeen perheess\u00e4 on eletty seesteisempi\u00e4 ja v\u00e4hemm\u00e4n seesteisi\u00e4 aikoja.<\/p>\n<p>                <img decoding=\"async\" src=\"https:\/\/www.europesays.com\/fi\/wp-content\/uploads\/2025\/11\/1764509949_311_1976208.webp\" width=\"576\" height=\"274\" alt=\"Suomen Beckhamit?\" loading=\"lazy\" \/>            <\/p>\n<p>\n            Suomen Beckhamit?<br \/>\n            Atte Kajova\n        <\/p>\n<p>On-off<\/p>\n<p class=\"article-content article-content-width !bg-background\">On eletty \u2013 paino j\u00e4lkimm\u00e4isess\u00e4 sanassa.<\/p>\n<p class=\"article-content article-content-width !bg-background\">Eroa on seurannut yhteenpaluu ja sit\u00e4 seuraava ero \u2013 melkoinen ikiliikkuja siis.<\/p>\n<p class=\"article-content article-content-width !bg-background\">Kaiken keskell\u00e4 Archie on valittanut, ettei h\u00e4nt\u00e4 oteta tosissaan.<\/p>\n<p class=\"article-content article-content-width !bg-background\">Viimeksi n\u00e4in k\u00e4vi aiemmin t\u00e4ll\u00e4 viikolla, kun herra Kuosmanen ihmetteli somessa, miten onnistuneesta kes\u00e4n Savonlinnan-keikastaan huolimatta ei keikkoja ole liiemm\u00e4lti tiedossa.<\/p>\n<p>        <a itemprop=\"url\" href=\"https:\/\/www.seiska.fi\/kotimaa\/archie-cruzilta-tayslaidallinen\/2002818\" rel=\"nofollow noopener\" target=\"_blank\"><\/p>\n<p>\nArchie Cruz\n<\/p>\n<p class=\"section-date\">\n        <strong class=\"article-section\" data-section=\"kotimaa\"><br \/>\n            kotimaa<br \/>\n        <\/strong><br \/>\n        25.11. 09:31\n    <\/p>\n<p>Archie Cruzilta t\u00e4yslaidallinen\n    <\/p>\n<p itemprop=\"description\" class=\"subtitle \">\n    Archie on pettynyt.\n<\/p>\n<p>        <\/a><\/p>\n<p class=\"article-content article-content-width !bg-background\">Syykin on Archien mielest\u00e4 selv\u00e4 \u2013 eik\u00e4 se liity h\u00e4neen.<\/p>\n<p class=\"article-content article-content-width !bg-background\">\u2013 Truth be told se on mulle viel\u00e4kin pieni mysteeri miten Suomen keikkamyyj\u00e4t ja levy-yhti\u00f6t onnistui s\u00f6ssim\u00e4\u00e4n n\u00e4inkin t\u00e4ydellisen lapaan sy\u00f6t\u00f6n, mut ei v\u00e4kisin! Biiseist\u00e4 ja toteutuksesta se ei ainakaan j\u00e4\u00e4nyt kiinni, Archie latasi Instagramissa.<\/p>\n<p>Parisuhdepodcast<\/p>\n<p class=\"article-content article-content-width !bg-background\">Kev\u00e4\u00e4ll\u00e4 Archielta ja Iidalta tuli Podway-alustalla Parisuhdeterapiaa-podcast.<\/p>\n<p class=\"article-content article-content-width !bg-background\">Ensimm\u00e4isell\u00e4 tuotantokaudella eetterist\u00e4 tuli kaikkiaan kymmenen jaksoa huhtikuun ja hein\u00e4kuun v\u00e4lisen\u00e4 aikana.<\/p>\n<p>        <a itemprop=\"url\" href=\"https:\/\/www.seiska.fi\/kotimaa\/archie-cruz-ja-iida-vainio-vau-mika-kuva-yksi-asia-pistaa-silmaan\/1981181\" rel=\"nofollow noopener\" target=\"_blank\"><\/p>\n<p>\nJ\u00e4lleen yhdess\u00e4\n<\/p>\n<p class=\"section-date\">\n        <strong class=\"article-section\" data-section=\"kotimaa\"><br \/>\n            kotimaa<br \/>\n        <\/strong><br \/>\n        2.11. 17:30\n    <\/p>\n<p>Archie Cruz ja Iida Vainio: Vau, mik\u00e4 kuva \u2013 yksi asia pist\u00e4\u00e4 silm\u00e4\u00e4n!\n    <\/p>\n<p itemprop=\"description\" class=\"subtitle \">\n    Vauva on selv\u00e4sti ainoa, jonka kasvojen kohdalla ei ole k\u00e4ytetty filtteri\u00e4, sill\u00e4 Archien ja Iidan kasvoja ei voi hyv\u00e4ll\u00e4 tahdollakaan kuvailla luonnollisiksi.\n<\/p>\n<p>        <\/a><\/p>\n<p class=\"article-content article-content-width !bg-background\">Kaksikon fanit lienev\u00e4t ihmetelleet jo pidemm\u00e4n aikaa, miss\u00e4 seuraava kausi viipyy.<\/p>\n<p class=\"article-content article-content-width !bg-background\">\u2013 Parisuhdeterapiaa-podcastin ensimm\u00e4inen kausi tosiaan p\u00e4\u00e4ttyi hein\u00e4kuussa. T\u00e4ll\u00e4 hetkell\u00e4 meill\u00e4 ei ole vahvistettuja suunnitelmia uudelle kaudelle, viestitti Podwayn toimitusjohtaja <\/p>\n<p>                <img decoding=\"async\" src=\"https:\/\/www.europesays.com\/fi\/wp-content\/uploads\/2025\/11\/2004262.webp\" width=\"576\" height=\"600\" alt=\"Seiska ei tavoittanut en\u00e4\u00e4 Podwayn toimitusjohtaja Sara Koivistoa sen j\u00e4lkeen, kun t\u00e4m\u00e4 pyysi l\u00e4hett\u00e4m\u00e4\u00e4n kysymykset s\u00e4hk\u00f6postitse, jotta voisi vastata niihin mahdollisimman nopeasti.\" loading=\"lazy\" \/>            <\/p>\n<p>\n            Seiska ei tavoittanut en\u00e4\u00e4 Podwayn toimitusjohtaja Sara Koivistoa sen j\u00e4lkeen, kun t\u00e4m\u00e4 pyysi l\u00e4hett\u00e4m\u00e4\u00e4n kysymykset s\u00e4hk\u00f6postitse, jotta voisi vastata niihin mahdollisimman nopeasti.<br \/>\n            Podway\n        <\/p>\n<p>Podway vaikeni<\/p>\n<p class=\"article-content article-content-width !bg-background\">Sara kertoi vastaavansa mielell\u00e4\u00e4n lis\u00e4kysymyksiin.<\/p>\n<p class=\"article-content article-content-width !bg-background\">Seiska l\u00e4hettikin muutaman tarkentavan kysymyksen, mutta vastauksia ei juuti saatu.<\/p>\n<p class=\"article-content article-content-width !bg-background\"> \u2013 En valitettavasti voi sopimusteknisist\u00e4 syist\u00e4<br \/>\nkommentoida yksitt\u00e4isiin podcasteihin, tekij\u00f6ihin tai mahdollisiin<br \/>\njatkosuunnitelmiin liittyvi\u00e4 kysymyksi\u00e4 t\u00e4m\u00e4n enemp\u00e4\u00e4, Sara viestitti.<\/p>\n<p>        <a itemprop=\"url\" href=\"https:\/\/www.seiska.fi\/kotimaa\/archie-cruzilta-yllatysilmoitus\/1973716\" rel=\"nofollow noopener\" target=\"_blank\"><\/p>\n<p>\nArchie Cruz\n<\/p>\n<p class=\"section-date\">\n        <strong class=\"article-section\" data-section=\"kotimaa\"><br \/>\n            kotimaa<br \/>\n        <\/strong><br \/>\n        25.10. 20:38\n    <\/p>\n<p>Archie Cruzilta yll\u00e4tysilmoitus\n    <\/p>\n<p itemprop=\"description\" class=\"subtitle \">\n    Archiella puhaltavat uudet tuulet &#8211; nyt h\u00e4n etsii rumpalia.\n<\/p>\n<p>        <\/a><\/p>\n<p class=\"article-content article-content-width !bg-background\"> \u2013 Podwayn yleinen linja on yksinkertainen:<br \/>\nJulkaisemme uudet tuotantokaudet ja podcastit omien kanaviemme kautta silloin,<br \/>\nkun meill\u00e4 on niist\u00e4 vahvistettuja tietoja, h\u00e4n jatkoi.<\/p>\n<p class=\"article-content article-content-width !bg-background\">Yht\u00e4 kaikki, kaksikon fanit p\u00e4\u00e4sev\u00e4t nauttimaan ensimm\u00e4isen ja mahdollisesti viimeiseksi j\u00e4\u00e4v\u00e4n kauden jaksoista edelleen.<\/p>\n","protected":false},"excerpt":{"rendered":"Timo Korhonen, Jani Korpela Archien ja Iidan fanit lienev\u00e4t ihmetelleen jo pidemm\u00e4n aikaan, miss\u00e4 kaksikon parisuhdepodcastin seuraava kausi&hellip;\n","protected":false},"author":2,"featured_media":103977,"comment_status":"","ping_status":"","sticky":false,"template":"","format":"standard","meta":{"footnotes":""},"categories":[136],"tags":[2345,407,137,33,31,30,2344,408,3376,19700,19698,19699,32,109],"class_list":{"0":"post-103976","1":"post","2":"type-post","3":"status-publish","4":"format-standard","5":"has-post-thumbnail","7":"category-julkkikset","8":"tag-archie-cruz","9":"tag-celebrities","10":"tag-entertainment","11":"tag-fi","12":"tag-finland","13":"tag-finnish","14":"tag-iida-vainio","15":"tag-julkkikset","16":"tag-k18","17":"tag-parisuhdeterapiaa-podcast","18":"tag-podway","19":"tag-sara-koivisto","20":"tag-suomi","21":"tag-viihde"},"share_on_mastodon":{"url":"https:\/\/pubeurope.com\/@fi\/115638931667370259","error":""},"_links":{"self":[{"href":"https:\/\/www.europesays.com\/fi\/wp-json\/wp\/v2\/posts\/103976","targetHints":{"allow":["GET"]}}],"collection":[{"href":"https:\/\/www.europesays.com\/fi\/wp-json\/wp\/v2\/posts"}],"about":[{"href":"https:\/\/www.europesays.com\/fi\/wp-json\/wp\/v2\/types\/post"}],"author":[{"embeddable":true,"href":"https:\/\/www.europesays.com\/fi\/wp-json\/wp\/v2\/users\/2"}],"replies":[{"embeddable":true,"href":"https:\/\/www.europesays.com\/fi\/wp-json\/wp\/v2\/comments?post=103976"}],"version-history":[{"count":0,"href":"https:\/\/www.europesays.com\/fi\/wp-json\/wp\/v2\/posts\/103976\/revisions"}],"wp:featuredmedia":[{"embeddable":true,"href":"https:\/\/www.europesays.com\/fi\/wp-json\/wp\/v2\/media\/103977"}],"wp:attachment":[{"href":"https:\/\/www.europesays.com\/fi\/wp-json\/wp\/v2\/media?parent=103976"}],"wp:term":[{"taxonomy":"category","embeddable":true,"href":"https:\/\/www.europesays.com\/fi\/wp-json\/wp\/v2\/categories?post=103976"},{"taxonomy":"post_tag","embeddable":true,"href":"https:\/\/www.europesays.com\/fi\/wp-json\/wp\/v2\/tags?post=103976"}],"curies":[{"name":"wp","href":"https:\/\/api.w.org\/{rel}","templated":true}]}}