{"id":103978,"date":"2025-11-30T13:46:07","date_gmt":"2025-11-30T13:46:07","guid":{"rendered":"https:\/\/www.europesays.com\/fi\/103978\/"},"modified":"2025-11-30T13:46:07","modified_gmt":"2025-11-30T13:46:07","slug":"heta-hirvonen-jalleen-paras-suomalainen-suurmaessa-kisasta-jai-ihan-hyva-fiilis-urheilu-2","status":"publish","type":"post","link":"https:\/\/www.europesays.com\/fi\/103978\/","title":{"rendered":"Heta Hirvonen j\u00e4lleen paras suomalainen suurm\u00e4ess\u00e4 \u2013 &#8221;Kisasta j\u00e4i ihan hyv\u00e4 fiilis&#8221; | Urheilu"},"content":{"rendered":"<p>Heta Hirvonen oli sunnuntaina parhaana suomalaisena 18:s m\u00e4kihypyn naisten maailmancupin suurm\u00e4en kilpailussa Ruotsin Falunissa.<\/p>\n<p>Yhdistetyn urheilijana paremmin tunnettu Hirvonen ponnisti HS132-m\u00e4est\u00e4 118,5 ja 118 metrin hypyt. H\u00e4n oli avauskierroksen j\u00e4lkeen sijalla 13. Slovenian Nika Prevc voitti kilpailun.<\/p>\n<p>\u2013\u2009Aika monenlaista oli t\u00e4n\u00e4 viikonloppuna. T\u00e4st\u00e4 vikasta kisasta j\u00e4i ihan hyv\u00e4 fiilis. Toisella kierroksella tuulesta tuli varmaan yhdet kisan isoimmista miinuksista, niin se laski sijoitusta, Hirvonen sanoi Hiihtoliiton <a href=\"https:\/\/soundcloud.com\/hiihtoliitto-1\/makihypyn-maailmancup-falun-30112025-hs132-heta-hirvonen\" rel=\"nofollow noopener\" target=\"_blank\">Soundcloud-sivustolla<\/a>.<\/p>\n<p>Hirvonen v\u00e4l\u00e4ytti osaamistaan jo viime viikolla hypp\u00e4\u00e4m\u00e4ll\u00e4 Lillehammerin suurm\u00e4ess\u00e4 kymmenenneksi.<\/p>\n<p>Jenny Rautionaho oli Falunin kisassa sunnuntaina 24:s ja Julia Kykk\u00e4nen 28:s. Sofia Mattila ja karsinnassa hyl\u00e4tty Minja Korhonen eiv\u00e4t p\u00e4\u00e4sseet kilpailuun.<\/p>\n<p>\u2013\u2009Hypp\u00e4\u00e4minen on v\u00e4h\u00e4n vaikeaa. Asento on kaarteelle asti hyv\u00e4, mutta kun keula l\u00e4hestyy, sitten asento v\u00e4h\u00e4n j\u00e4nnittyy ja yl\u00e4vartalo on aktiivinen, Rautionaho sanoi.<\/p>\n","protected":false},"excerpt":{"rendered":"Heta Hirvonen oli sunnuntaina parhaana suomalaisena 18:s m\u00e4kihypyn naisten maailmancupin suurm\u00e4en kilpailussa Ruotsin Falunissa. Yhdistetyn urheilijana paremmin tunnettu&hellip;\n","protected":false},"author":2,"featured_media":103979,"comment_status":"","ping_status":"","sticky":false,"template":"","format":"standard","meta":{"footnotes":""},"categories":[158],"tags":[19695,33,31,30,2096,41,18943,3318,2668,159,32,160,161],"class_list":{"0":"post-103978","1":"post","2":"type-post","3":"status-publish","4":"format-standard","5":"has-post-thumbnail","7":"category-urheilu","8":"tag-falun","9":"tag-fi","10":"tag-finland","11":"tag-finnish","12":"tag-hiihtolajit","13":"tag-liikunta-ja-urheilu","14":"tag-lillehammer","15":"tag-maastohiihto","16":"tag-pohjoismaiset-hiihtolajit","17":"tag-sports","18":"tag-suomi","19":"tag-urheilu","20":"tag-urheilutapahtumat"},"share_on_mastodon":{"url":"https:\/\/pubeurope.com\/@fi\/115638959043709717","error":""},"_links":{"self":[{"href":"https:\/\/www.europesays.com\/fi\/wp-json\/wp\/v2\/posts\/103978","targetHints":{"allow":["GET"]}}],"collection":[{"href":"https:\/\/www.europesays.com\/fi\/wp-json\/wp\/v2\/posts"}],"about":[{"href":"https:\/\/www.europesays.com\/fi\/wp-json\/wp\/v2\/types\/post"}],"author":[{"embeddable":true,"href":"https:\/\/www.europesays.com\/fi\/wp-json\/wp\/v2\/users\/2"}],"replies":[{"embeddable":true,"href":"https:\/\/www.europesays.com\/fi\/wp-json\/wp\/v2\/comments?post=103978"}],"version-history":[{"count":0,"href":"https:\/\/www.europesays.com\/fi\/wp-json\/wp\/v2\/posts\/103978\/revisions"}],"wp:featuredmedia":[{"embeddable":true,"href":"https:\/\/www.europesays.com\/fi\/wp-json\/wp\/v2\/media\/103979"}],"wp:attachment":[{"href":"https:\/\/www.europesays.com\/fi\/wp-json\/wp\/v2\/media?parent=103978"}],"wp:term":[{"taxonomy":"category","embeddable":true,"href":"https:\/\/www.europesays.com\/fi\/wp-json\/wp\/v2\/categories?post=103978"},{"taxonomy":"post_tag","embeddable":true,"href":"https:\/\/www.europesays.com\/fi\/wp-json\/wp\/v2\/tags?post=103978"}],"curies":[{"name":"wp","href":"https:\/\/api.w.org\/{rel}","templated":true}]}}