{"id":103980,"date":"2025-11-30T13:47:07","date_gmt":"2025-11-30T13:47:07","guid":{"rendered":"https:\/\/www.europesays.com\/fi\/103980\/"},"modified":"2025-11-30T13:47:07","modified_gmt":"2025-11-30T13:47:07","slug":"netflixin-kaatanut-stranger-things-paattyy-jatkoa-on-kuitenkin-jo-tekeilla-stara-fi","status":"publish","type":"post","link":"https:\/\/www.europesays.com\/fi\/103980\/","title":{"rendered":"Netflixin kaatanut Stranger Things p\u00e4\u00e4ttyy \u2013 jatkoa on kuitenkin jo tekeill\u00e4 \u2013 Stara.fi"},"content":{"rendered":"<p>Stranger Things -sarjan pitk\u00e4\u00e4n odotettu viimeinen tuotantokausi k\u00e4ynnistyi Netflixiss\u00e4 26. marraskuuta nelj\u00e4ll\u00e4 uudella jaksolla. Stranger Thingsin seuraavia jaksoja on odotettava joulup\u00e4iv\u00e4\u00e4n asti, jolloin kolme lis\u00e4jaksoa julkaistaan. Sarjan suuri finaali n\u00e4hd\u00e4\u00e4n puolestaan uudenvuodenaattona.<\/p>\n<p>Samaan aikaan kun viimeinen kausi starttasi, Netflix vahvisti, ettei Hawkinsin ja Upside Downin maailma ole katoamassa mihink\u00e4\u00e4n. Netflixin toimitusjohtaja Ted Sarandos kertoi <a href=\"https:\/\/www.dailymail.co.uk\/tv\/article-15331115\/Stranger-Things-spin-series-world-Upside-final-season-Netflix.html\" rel=\"nofollow noopener\" target=\"_blank\">Daily Mail<\/a> -uutisen mukaan Lontoon ensi-illassa, ett\u00e4 spin-off-sarja on jo ty\u00f6n alla.<\/p>\n<p>L\u00e4hteiden mukaan suunnitteilla on sek\u00e4 live action -sarja ett\u00e4 mahdollisesti toinen animaatioprojekti, joiden lis\u00e4ksi yksitt\u00e4iset hahmot saattavat saada omia sivusarjojaan.<\/p>\n<p>Kausi alkoi niin suuren yleis\u00f6rynt\u00e4yksen saattelemana, ett\u00e4 Netflix kaatui hetkellisesti heti ensijaksojen julkaisun j\u00e4lkeen. Kolmen minuutin k\u00e4ytt\u00f6katkos sai fanit rynt\u00e4\u00e4m\u00e4\u00e4n sosiaaliseen mediaan valittamaan palvelun kaatumisesta ja vaatimaan ripe\u00e4\u00e4 korjausta.<\/p>\n<p>T\u00e4m\u00e4 ei ole ensimm\u00e4inen kerta, koska my\u00f6s aiempien Stranger Things -julkaisujen yhteydess\u00e4 Netflix on kokenut palvelukatkoja.<\/p>\n<p>Sarjan n\u00e4yttelij\u00e4t Millie Bobby Brown ja Noah Schnapp ovat kuvailleet viimeisi\u00e4 kuvausp\u00e4ivi\u00e4 haikeiksi ja terapeuttisiksi, kun monivuotinen yhteinen projekti tulee p\u00e4\u00e4t\u00f6kseens\u00e4.<\/p>\n<p>Sarjan luojaveljekset Matt ja Ross Duffer ovat korostaneet halunneensa antaa jokaiselle hahmolle oikeanlaisen lopun, vaikka se ei v\u00e4ltt\u00e4m\u00e4tt\u00e4 olisi juuri se mit\u00e4 katsojat odottavat.<\/p>\n<p>Vaikka p\u00e4\u00e4sarja p\u00e4\u00e4ttyy vuoden vaihteessa, Stranger Things -universumi on selv\u00e4sti vasta laajenemassa. Netflixin mukaan uusien sarjojen kehitysty\u00f6 on jo hyv\u00e4ss\u00e4 vauhdissa, ja fanit voivat lohduttaa itse\u00e4\u00e4n ajatuksella siit\u00e4, ett\u00e4 Upside Downin tarina ei ole l\u00e4hesk\u00e4\u00e4n ohi.<\/p>\n<p>\n\t\t\t\tVoit lukea Starassa my\u00f6s lis\u00e4\u00e4 t\u00e4h\u00e4n kyseiseen artikkeliin liittyvist\u00e4 aiheista, kuten <a href=\"https:\/\/www.stara.fi\/asiasanat\/netflix\/\" rel=\"tag nofollow noopener\" target=\"_blank\">Netflix<\/a>, <a href=\"https:\/\/www.stara.fi\/asiasanat\/stranger-things\/\" rel=\"tag nofollow noopener\" target=\"_blank\">Stranger Things<\/a> tai laajemmin aihealueesta <a href=\"https:\/\/www.stara.fi\/category\/viihdeuutiset\/\" rel=\"category tag nofollow noopener\" target=\"_blank\">Viihdeuutiset<\/a>.\n\t\t\t<\/p>\n","protected":false},"excerpt":{"rendered":"Stranger Things -sarjan pitk\u00e4\u00e4n odotettu viimeinen tuotantokausi k\u00e4ynnistyi Netflixiss\u00e4 26. marraskuuta nelj\u00e4ll\u00e4 uudella jaksolla. Stranger Thingsin seuraavia jaksoja&hellip;\n","protected":false},"author":2,"featured_media":103981,"comment_status":"","ping_status":"","sticky":false,"template":"","format":"standard","meta":{"footnotes":""},"categories":[130],"tags":[137,33,31,30,32,109],"class_list":{"0":"post-103980","1":"post","2":"type-post","3":"status-publish","4":"format-standard","5":"has-post-thumbnail","7":"category-viihde","8":"tag-entertainment","9":"tag-fi","10":"tag-finland","11":"tag-finnish","12":"tag-suomi","13":"tag-viihde"},"share_on_mastodon":{"url":"https:\/\/pubeurope.com\/@fi\/115638962960545613","error":""},"_links":{"self":[{"href":"https:\/\/www.europesays.com\/fi\/wp-json\/wp\/v2\/posts\/103980","targetHints":{"allow":["GET"]}}],"collection":[{"href":"https:\/\/www.europesays.com\/fi\/wp-json\/wp\/v2\/posts"}],"about":[{"href":"https:\/\/www.europesays.com\/fi\/wp-json\/wp\/v2\/types\/post"}],"author":[{"embeddable":true,"href":"https:\/\/www.europesays.com\/fi\/wp-json\/wp\/v2\/users\/2"}],"replies":[{"embeddable":true,"href":"https:\/\/www.europesays.com\/fi\/wp-json\/wp\/v2\/comments?post=103980"}],"version-history":[{"count":0,"href":"https:\/\/www.europesays.com\/fi\/wp-json\/wp\/v2\/posts\/103980\/revisions"}],"wp:featuredmedia":[{"embeddable":true,"href":"https:\/\/www.europesays.com\/fi\/wp-json\/wp\/v2\/media\/103981"}],"wp:attachment":[{"href":"https:\/\/www.europesays.com\/fi\/wp-json\/wp\/v2\/media?parent=103980"}],"wp:term":[{"taxonomy":"category","embeddable":true,"href":"https:\/\/www.europesays.com\/fi\/wp-json\/wp\/v2\/categories?post=103980"},{"taxonomy":"post_tag","embeddable":true,"href":"https:\/\/www.europesays.com\/fi\/wp-json\/wp\/v2\/tags?post=103980"}],"curies":[{"name":"wp","href":"https:\/\/api.w.org\/{rel}","templated":true}]}}