{"id":103984,"date":"2025-11-30T13:51:07","date_gmt":"2025-11-30T13:51:07","guid":{"rendered":"https:\/\/www.europesays.com\/fi\/103984\/"},"modified":"2025-11-30T13:51:07","modified_gmt":"2025-11-30T13:51:07","slug":"gavlen-olkipukki-on-pystytetty-uutisia-lyhyesti","status":"publish","type":"post","link":"https:\/\/www.europesays.com\/fi\/103984\/","title":{"rendered":"G\u00e4vlen olkipukki on pystytetty | Uutisia lyhyesti"},"content":{"rendered":"<p class=\"aw-1gybjub aw-5vja16 kEtdKx kmuxyA yle__article__paragraph\">13-metrinen olkipukki on G\u00e4vlen jouluperinne. Monena jouluna olkipukin kohtaloksi on kuitenkin koitunut tuhopoltto.<\/p>\n<p>15:02\u2022P\u00e4ivitetty 15:07<\/p>\n<p class=\"aw-1gybjub aw-1p7kakr kEtdKx cEmitX yle__article__paragraph\">G\u00e4vlen olkipukki on j\u00e4lleen pystytetty kaupungin keskustaan, ja joulukauden viralliset avajaiset pidet\u00e4\u00e4n kello 15 Suomen aikaa. Valtavasta olkipukista on tullut G\u00e4vlen joulun symboli.<\/p>\n<p class=\"aw-1gybjub aw-1p7kakr kEtdKx cEmitX yle__article__paragraph\">Sen historia ulottuu vuoteen 1966, ja heti ensimm\u00e4isen\u00e4 vuotena pukki poltettiin poroksi. Sama kohtalo on toistunut useasti vuosikymmenten aikana, ja olkipukin selviytymist\u00e4 j\u00e4nnitet\u00e4\u00e4n niin Ruotsissa kuin muuallakin.<\/p>\n<p class=\"aw-1gybjub aw-1p7kakr kEtdKx cEmitX yle__article__paragraph\">Viime vuosina olkipukin turvana ovat olleet valvontakamerat ja vartijat. Olkipukkia voi my\u00f6s seurata <a class=\"aw-iao6s4 iHOxEa yle__article__link\" href=\"https:\/\/www.visitgavle.se\/sv\/gavlebocken\" role=\"link\" rel=\"nofollow noopener\" target=\"_blank\">liven\u00e4 verkosta<\/a>, ja se on aktiivinen sosiaalisessa mediassa.<\/p>\n<p class=\"aw-1gybjub aw-1p7kakr kEtdKx cEmitX yle__article__paragraph\"><a class=\"aw-iao6s4 iHOxEa yle__article__link\" href=\"https:\/\/yle.fi\/a\/74-20133389\" role=\"link\" rel=\"nofollow noopener\" target=\"_blank\">Viime vuonna<\/a> olkipukki selvisi ehjin oljin jouluaattoon saakka. <a class=\"aw-iao6s4 iHOxEa yle__article__link\" href=\"https:\/\/yle.fi\/a\/74-20066611\" role=\"link\" rel=\"nofollow noopener\" target=\"_blank\">Vuonna 2023<\/a> naakat s\u00f6iv\u00e4t G\u00e4vlen olkipukin rangaksi.<\/p>\n<p class=\"aw-1gybjub aw-1p7kakr kEtdKx cEmitX yle__article__paragraph\">Viimeksi pukki paloi poroksi <a class=\"aw-iao6s4 iHOxEa yle__article__link\" href=\"https:\/\/yle.fi\/a\/3-12235871\" role=\"link\" rel=\"nofollow noopener\" target=\"_blank\">vuonna 2021.<\/a> Sit\u00e4 ennen se selvisi nelj\u00e4st\u00e4 joulusta putkeen.<\/p>\n","protected":false},"excerpt":{"rendered":"13-metrinen olkipukki on G\u00e4vlen jouluperinne. Monena jouluna olkipukin kohtaloksi on kuitenkin koitunut tuhopoltto. 15:02\u2022P\u00e4ivitetty 15:07 G\u00e4vlen olkipukki on&hellip;\n","protected":false},"author":2,"featured_media":74,"comment_status":"","ping_status":"","sticky":false,"template":"","format":"standard","meta":{"footnotes":""},"categories":[14],"tags":[22,23,26,27,33,31,30,19701,17,5856,17695,564,24,25,28,29,15,19702,18,21,110,32,19,20,56,16,59,60,61],"class_list":{"0":"post-103984","1":"post","2":"type-post","3":"status-publish","4":"format-standard","5":"has-post-thumbnail","7":"category-ulkomaat","8":"tag-breaking-news","9":"tag-breakingnews","10":"tag-featured-news","11":"tag-featurednews","12":"tag-fi","13":"tag-finland","14":"tag-finnish","15":"tag-gavlen-pukki","16":"tag-headlines","17":"tag-joulu","18":"tag-jouluperinteet","19":"tag-juhlat","20":"tag-latest-news","21":"tag-latestnews","22":"tag-main-news","23":"tag-mainnews","24":"tag-news","25":"tag-olkipukki","26":"tag-otsikot","27":"tag-paauutiset","28":"tag-ruotsi","29":"tag-suomi","30":"tag-top-stories","31":"tag-topstories","32":"tag-ulkomaat","33":"tag-uutiset","34":"tag-world","35":"tag-world-news","36":"tag-worldnews"},"share_on_mastodon":{"url":"https:\/\/pubeurope.com\/@fi\/115638978671934403","error":""},"_links":{"self":[{"href":"https:\/\/www.europesays.com\/fi\/wp-json\/wp\/v2\/posts\/103984","targetHints":{"allow":["GET"]}}],"collection":[{"href":"https:\/\/www.europesays.com\/fi\/wp-json\/wp\/v2\/posts"}],"about":[{"href":"https:\/\/www.europesays.com\/fi\/wp-json\/wp\/v2\/types\/post"}],"author":[{"embeddable":true,"href":"https:\/\/www.europesays.com\/fi\/wp-json\/wp\/v2\/users\/2"}],"replies":[{"embeddable":true,"href":"https:\/\/www.europesays.com\/fi\/wp-json\/wp\/v2\/comments?post=103984"}],"version-history":[{"count":0,"href":"https:\/\/www.europesays.com\/fi\/wp-json\/wp\/v2\/posts\/103984\/revisions"}],"wp:featuredmedia":[{"embeddable":true,"href":"https:\/\/www.europesays.com\/fi\/wp-json\/wp\/v2\/media\/74"}],"wp:attachment":[{"href":"https:\/\/www.europesays.com\/fi\/wp-json\/wp\/v2\/media?parent=103984"}],"wp:term":[{"taxonomy":"category","embeddable":true,"href":"https:\/\/www.europesays.com\/fi\/wp-json\/wp\/v2\/categories?post=103984"},{"taxonomy":"post_tag","embeddable":true,"href":"https:\/\/www.europesays.com\/fi\/wp-json\/wp\/v2\/tags?post=103984"}],"curies":[{"name":"wp","href":"https:\/\/api.w.org\/{rel}","templated":true}]}}