{"id":103985,"date":"2025-11-30T13:52:09","date_gmt":"2025-11-30T13:52:09","guid":{"rendered":"https:\/\/www.europesays.com\/fi\/103985\/"},"modified":"2025-11-30T13:52:09","modified_gmt":"2025-11-30T13:52:09","slug":"nuori-haukkui-donald-trumpia-seurakunnan-illassa-sitten-alkoi-pastorin-palopuhe","status":"publish","type":"post","link":"https:\/\/www.europesays.com\/fi\/103985\/","title":{"rendered":"Nuori haukkui Donald Trumpia seurakunnan illassa \u2013 Sitten alkoi pastorin palopuhe"},"content":{"rendered":"<p>J\u00e4ms\u00e4ss\u00e4 rippikoulua k\u00e4yv\u00e4 nuori h\u00e4mmentyi pastorin puheista, kertoo Keskisuomalainen.<\/p>\n<p><img decoding=\"async\" class=\"image image-show image-preview\" src=\"https:\/\/www.europesays.com\/fi\/wp-content\/uploads\/2025\/11\/4c67a0bcb1ad00188b4bc2426d20abb5a7f0cf4fd5ae4a8bce52b8a8d47665af.jpg\" alt=\"\"\/><img decoding=\"async\" class=\"image image-show\" src=\"https:\/\/www.europesays.com\/fi\/wp-content\/uploads\/2025\/11\/1764510729_736_4c67a0bcb1ad00188b4bc2426d20abb5a7f0cf4fd5ae4a8bce52b8a8d47665af.jpg\" alt=\"\"\/><\/p>\n<p>Pastori kertoo lehdelle haluavansa haastaa nuoria kriittiseen ajatteluun. Kuvituskuva. John Palm\u00e9n<\/p>\n<p class=\"paragraph\">J\u00e4ms\u00e4ss\u00e4 rippikoulua k\u00e4yv\u00e4 nuori kertoo <a href=\"https:\/\/www.ksml.fi\/paikalliset\/9038422\" target=\"_blank\" rel=\"noopener nofollow\">Keskisuomalaiselle<\/a> papille ep\u00e4sopivalta tuntuneista kannanotoista seurakunnan nuorten illassa.<\/p>\n<p class=\"paragraph\">Nuoret olivat pelanneet yhdess\u00e4 seurakuntapastorin kanssa tietokilpailupeli\u00e4. Pelist\u00e4 oli virinnyt yhteiskunnallista keskustelua, joka eteni lopulta Yhdysvaltain presidentti <strong>Donald Trumpiin<\/strong>. Yksi nuorista oli sanonut Trumpia kusip\u00e4\u00e4ksi.<\/p>\n<p class=\"paragraph\">Nuoren mukaan pastori oli alkanut ylist\u00e4\u00e4 Trumpia ja sanonut, ett\u00e4 l\u00e4nsimainen media mustamaalaa presidentti\u00e4.<\/p>\n<p class=\"paragraph\">T\u00e4m\u00e4n j\u00e4lkeen pastori oli nuoren mukaan v\u00e4itt\u00e4nyt THL:n olevan korruptoitunut ja koronarokotteiden olevan l\u00e4\u00e4keyhti\u00f6iden huijausta.<\/p>\n<p class=\"paragraph\">KSML:n tavoittama pastori muisti kyseisen illan keskustelun teemat, joista h\u00e4n oli ilmaissut my\u00f6s omia mielipiteit\u00e4\u00e4n.<\/p>\n<p class=\"paragraph\">Pastorin mukaan nuorten illoissa keskustellaan harvoin yhteiskunnallisista asioista.<\/p>\n<p class=\"paragraph\">\u2013\u2009Mielest\u00e4ni siell\u00e4 pit\u00e4isi keskustella niist\u00e4 asioista, jotka ovat nuorille kaikista kipeimpi\u00e4 ja vaikeimpia. Neh\u00e4n voivat liitty\u00e4 yhteiskunnallisiin kysymyksiin, kun uutisoidaan dramaattisesti sodasta ja ilmaston l\u00e4mpenemisest\u00e4, h\u00e4n pohtii lehdelle.<\/p>\n<p class=\"paragraph\">Pastori kertoo lehdelle haluavansa haastaa nuoria kriittiseen ajatteluun. H\u00e4n haluaa painottaa, ett\u00e4 h \u00e4nen tarkoituksenaan ei ole ollut loukata ket\u00e4\u00e4n.<\/p>\n","protected":false},"excerpt":{"rendered":"J\u00e4ms\u00e4ss\u00e4 rippikoulua k\u00e4yv\u00e4 nuori h\u00e4mmentyi pastorin puheista, kertoo Keskisuomalainen. Pastori kertoo lehdelle haluavansa haastaa nuoria kriittiseen ajatteluun. Kuvituskuva.&hellip;\n","protected":false},"author":2,"featured_media":103986,"comment_status":"","ping_status":"","sticky":false,"template":"","format":"standard","meta":{"footnotes":""},"categories":[12],"tags":[35,22,23,26,27,33,31,30,17,99,100,24,25,28,29,15,18,21,98,142,144,32,19,20,16],"class_list":{"0":"post-103985","1":"post","2":"type-post","3":"status-publish","4":"format-standard","5":"has-post-thumbnail","7":"category-suomi","8":"tag-24h","9":"tag-breaking-news","10":"tag-breakingnews","11":"tag-featured-news","12":"tag-featurednews","13":"tag-fi","14":"tag-finland","15":"tag-finnish","16":"tag-headlines","17":"tag-lapset","18":"tag-lapset-ja-nuoret","19":"tag-latest-news","20":"tag-latestnews","21":"tag-main-news","22":"tag-mainnews","23":"tag-news","24":"tag-otsikot","25":"tag-paauutiset","26":"tag-perhe","27":"tag-poliitikot","28":"tag-presidentti","29":"tag-suomi","30":"tag-top-stories","31":"tag-topstories","32":"tag-uutiset"},"share_on_mastodon":{"url":"https:\/\/pubeurope.com\/@fi\/115638982786748850","error":""},"_links":{"self":[{"href":"https:\/\/www.europesays.com\/fi\/wp-json\/wp\/v2\/posts\/103985","targetHints":{"allow":["GET"]}}],"collection":[{"href":"https:\/\/www.europesays.com\/fi\/wp-json\/wp\/v2\/posts"}],"about":[{"href":"https:\/\/www.europesays.com\/fi\/wp-json\/wp\/v2\/types\/post"}],"author":[{"embeddable":true,"href":"https:\/\/www.europesays.com\/fi\/wp-json\/wp\/v2\/users\/2"}],"replies":[{"embeddable":true,"href":"https:\/\/www.europesays.com\/fi\/wp-json\/wp\/v2\/comments?post=103985"}],"version-history":[{"count":0,"href":"https:\/\/www.europesays.com\/fi\/wp-json\/wp\/v2\/posts\/103985\/revisions"}],"wp:featuredmedia":[{"embeddable":true,"href":"https:\/\/www.europesays.com\/fi\/wp-json\/wp\/v2\/media\/103986"}],"wp:attachment":[{"href":"https:\/\/www.europesays.com\/fi\/wp-json\/wp\/v2\/media?parent=103985"}],"wp:term":[{"taxonomy":"category","embeddable":true,"href":"https:\/\/www.europesays.com\/fi\/wp-json\/wp\/v2\/categories?post=103985"},{"taxonomy":"post_tag","embeddable":true,"href":"https:\/\/www.europesays.com\/fi\/wp-json\/wp\/v2\/tags?post=103985"}],"curies":[{"name":"wp","href":"https:\/\/api.w.org\/{rel}","templated":true}]}}