{"id":103987,"date":"2025-11-30T13:53:07","date_gmt":"2025-11-30T13:53:07","guid":{"rendered":"https:\/\/www.europesays.com\/fi\/103987\/"},"modified":"2025-11-30T13:53:07","modified_gmt":"2025-11-30T13:53:07","slug":"nain-f1-mestaruus-voi-ratketa-qatarissa","status":"publish","type":"post","link":"https:\/\/www.europesays.com\/fi\/103987\/","title":{"rendered":"N\u00e4in F1-mestaruus voi ratketa Qatarissa"},"content":{"rendered":"<p>Lando Norrisilla on mahdollisuus varmistaa uransa ensimm\u00e4inen kuljettajien MM-titteli.<\/p>\n<p><img decoding=\"async\" class=\"image image-show image-preview\" src=\"https:\/\/www.europesays.com\/fi\/wp-content\/uploads\/2025\/11\/f60d29747c646c82d4d6b8f3b085df4540476b050eb87c1a7f4380cb35c51a69.jpg\" alt=\"\"\/><img decoding=\"async\" class=\"image image-show\" src=\"https:\/\/www.europesays.com\/fi\/wp-content\/uploads\/2025\/11\/1764510787_770_f60d29747c646c82d4d6b8f3b085df4540476b050eb87c1a7f4380cb35c51a69.jpg\" alt=\"\"\/><\/p>\n<p>Lando Norris on l\u00e4hell\u00e4 uransa ensimm\u00e4ist\u00e4 maailmanmestaruutta. AOP<\/p>\n<p class=\"paragraph\">McLaren-kuljettaja <strong>Lando Norris<\/strong> voi varmistaa ensimm\u00e4isen Formula 1 -maailmanmestaruutensa sunnuntaina, kun Qatarissa ajetaan kauden 2025 toiseksi viimeinen osakilpailu.<\/p>\n<p class=\"paragraph\">Lauantain sprinttikilpailu toi Norrisille kolmannen sijan ja nosti h\u00e4nen pistesaldonsa 396 pisteeseen. Sprintin voittanut <strong>Oscar Piastri<\/strong> nousi 374 pisteeseen, joten Norrisin etumatka tallikaveriin on nyt 22 pistett\u00e4.<\/p>\n<p class=\"paragraph\"><strong>Max Verstappen<\/strong> puolestaan ker\u00e4si nelj\u00e4nnest\u00e4 sijasta viisi pistett\u00e4, mik\u00e4 tarkoittaa, ett\u00e4 Norris johtaa hollantilaista 25 pisteell\u00e4.<\/p>\n<p class=\"paragraph\">Asetelmat sunnuntaina ajettavaan osakilpailuun ovat mielenkiintoiset, sill\u00e4 paalulta starttaa Norrisin pahin haastaja, tallikaveri Piastri. Norris l\u00e4htee toisesta ruudusta ja Verstappen kolmannesta.<\/p>\n<p>N\u00e4in mestaruus voi ratketa<\/p>\n<p class=\"paragraph\">Tilanne on yksinkertainen: jos Norris j\u00e4\u00e4 sunnuntain varsinaisessa kilpailussa kumman tahansa taakse, mestaruus ratkeaa vasta Abu Dhabin p\u00e4\u00e4t\u00f6sosakilpailussa.<\/p>\n<p class=\"paragraph\">Qatarissa mestaruuden ratkaisumahdollisuus el\u00e4\u00e4 kuitenkin vahvana ja pistelasku on Norrisin n\u00e4k\u00f6kulmasta jopa poikkeuksellisen suotuisa.<\/p>\n<p class=\"paragraph\">Jos Norris onnistuu pit\u00e4m\u00e4\u00e4n eron Verstappeniin v\u00e4hint\u00e4\u00e4n 25 pisteess\u00e4, putoaa hollantilainen pelist\u00e4 jo ennen p\u00e4\u00e4t\u00f6sosakilpailua. Mahdollinen tasapistetilanne k\u00e4\u00e4ntyisi britin eduksi, sill\u00e4 Norrisilla on yksi voitto ja kolme kakkossijaa enemm\u00e4n kuin Verstappenilla.<\/p>\n<p class=\"paragraph\">Tilanne Piastria vastaan on hieman monimutkaisempi. Britin t\u00e4ytyy kasvattaa ero Piastriin 22 pisteest\u00e4 26 pisteeseen, mik\u00e4li h\u00e4n haluaa varmistaa, ettei Piastri ole mukana MM-taistossa Abu Dhabissa.<\/p>\n<p class=\"paragraph\">Kaksikko on tasoissa osakilpailuvoitoissa, joten australialainen olisi edell\u00e4 t\u00e4ss\u00e4 mittarissa, jos h\u00e4n voittaisi p\u00e4\u00e4t\u00f6sosakilpailun ja saisi aikaan tasapelin.<\/p>\n<p class=\"paragraph\">T\u00e4m\u00e4n vuoksi Norrisin t\u00e4ytyy sijoittua Qatarissa v\u00e4hint\u00e4\u00e4n kaksi sijoitusta Piastrin edell\u00e4 varmistaakseen mestaruuden. Jos Piastri sijoittuu toiseksi, riitt\u00e4\u00e4, ett\u00e4 Norris voittaa osakilpailun.<\/p>\n<p class=\"paragraph\">Ep\u00e4todenn\u00e4k\u00f6isess\u00e4 skenaariossa, jossa kukaan kolmikosta ei ker\u00e4\u00e4 pisteit\u00e4 Qatarissa, olisi Piastri ainoa j\u00e4ljell\u00e4 oleva Norrisin haastaja Abu Dhabissa.<\/p>\n<p>Qatarin GPL\u00e4ht\u00f6j\u00e4rjestys<\/p>\n<ol>\n<li>Oscar Piastri, McLaren<\/li>\n<li>Lando Norris, McLaren<\/li>\n<li>Max Verstappen, Red Bull<\/li>\n<li>George Russell, Mercedes<\/li>\n<li>Kimi Antonelli, Mercedes<\/li>\n<li>Isack Hadjar, Racing Bulls<\/li>\n<li>Carlos Sainz, Williams<\/li>\n<li>Fernando Alonso, Aston Martin<\/li>\n<li>Pierre Gasly, Alpine<\/li>\n<li>Charles Leclerc, Ferrari<\/li>\n<li>Nico Hulkenberg, Sauber<\/li>\n<li>Liam Lawson, Racing Bulls<\/li>\n<li>Oliver Bearman, Haas<\/li>\n<li>Gabriel Bortoleto, Sauber<\/li>\n<li>Alexander Albon, Williams<\/li>\n<li>Yuki Tsunoda, Red Bull<\/li>\n<li>Esteban Ocon, Haas<\/li>\n<li>Lewis Hamilton, Ferrari<\/li>\n<li>Lance Stroll, Aston Martin<\/li>\n<li>Franco Colapinto, Alpine<\/li>\n<\/ol>\n","protected":false},"excerpt":{"rendered":"Lando Norrisilla on mahdollisuus varmistaa uransa ensimm\u00e4inen kuljettajien MM-titteli. Lando Norris on l\u00e4hell\u00e4 uransa ensimm\u00e4ist\u00e4 maailmanmestaruutta. AOP McLaren-kuljettaja&hellip;\n","protected":false},"author":2,"featured_media":103988,"comment_status":"","ping_status":"","sticky":false,"template":"","format":"standard","meta":{"footnotes":""},"categories":[5],"tags":[35,2810,22,23,26,27,33,31,30,3437,17,24,25,41,28,29,83,15,18,21,2811,32,19,20,16],"class_list":{"0":"post-103987","1":"post","2":"type-post","3":"status-publish","4":"format-standard","5":"has-post-thumbnail","7":"category-otsikot","8":"tag-24h","9":"tag-autourheilu-ja-urheiluautot","10":"tag-breaking-news","11":"tag-breakingnews","12":"tag-featured-news","13":"tag-featurednews","14":"tag-fi","15":"tag-finland","16":"tag-finnish","17":"tag-formula-1","18":"tag-headlines","19":"tag-latest-news","20":"tag-latestnews","21":"tag-liikunta-ja-urheilu","22":"tag-main-news","23":"tag-mainnews","24":"tag-moottoriurheilu","25":"tag-news","26":"tag-otsikot","27":"tag-paauutiset","28":"tag-rata-autoilu","29":"tag-suomi","30":"tag-top-stories","31":"tag-topstories","32":"tag-uutiset"},"share_on_mastodon":{"url":"https:\/\/pubeurope.com\/@fi\/115638986649723192","error":""},"_links":{"self":[{"href":"https:\/\/www.europesays.com\/fi\/wp-json\/wp\/v2\/posts\/103987","targetHints":{"allow":["GET"]}}],"collection":[{"href":"https:\/\/www.europesays.com\/fi\/wp-json\/wp\/v2\/posts"}],"about":[{"href":"https:\/\/www.europesays.com\/fi\/wp-json\/wp\/v2\/types\/post"}],"author":[{"embeddable":true,"href":"https:\/\/www.europesays.com\/fi\/wp-json\/wp\/v2\/users\/2"}],"replies":[{"embeddable":true,"href":"https:\/\/www.europesays.com\/fi\/wp-json\/wp\/v2\/comments?post=103987"}],"version-history":[{"count":0,"href":"https:\/\/www.europesays.com\/fi\/wp-json\/wp\/v2\/posts\/103987\/revisions"}],"wp:featuredmedia":[{"embeddable":true,"href":"https:\/\/www.europesays.com\/fi\/wp-json\/wp\/v2\/media\/103988"}],"wp:attachment":[{"href":"https:\/\/www.europesays.com\/fi\/wp-json\/wp\/v2\/media?parent=103987"}],"wp:term":[{"taxonomy":"category","embeddable":true,"href":"https:\/\/www.europesays.com\/fi\/wp-json\/wp\/v2\/categories?post=103987"},{"taxonomy":"post_tag","embeddable":true,"href":"https:\/\/www.europesays.com\/fi\/wp-json\/wp\/v2\/tags?post=103987"}],"curies":[{"name":"wp","href":"https:\/\/api.w.org\/{rel}","templated":true}]}}