{"id":104008,"date":"2025-11-30T14:42:08","date_gmt":"2025-11-30T14:42:08","guid":{"rendered":"https:\/\/www.europesays.com\/fi\/104008\/"},"modified":"2025-11-30T14:42:08","modified_gmt":"2025-11-30T14:42:08","slug":"paavalmentaja-uskoi-iivo-niskasen-olevan-kilpailukunnossa-ensi-viikonloppuna-savon-sanomat","status":"publish","type":"post","link":"https:\/\/www.europesays.com\/fi\/104008\/","title":{"rendered":"P\u00e4\u00e4valmentaja uskoi Iivo Niskasen olevan kilpailukunnossa ensi viikonloppuna &#8211; Savon Sanomat"},"content":{"rendered":"<ol>\n<li><a href=\"https:\/\/news.google.com\/rss\/articles\/CBMiVkFVX3lxTFBUUjhqd3RoS0h3ajdoeVpSNDNHTFVFZzUtaVZIYzk4NDBNd2pzc1l6RkZxaU5lV3lpUi0zajkwd2FSdDAwbk9WVzFjVDRIOWYyUlYyWGFB?oc=5\" target=\"_blank\" rel=\"nofollow noopener\">P\u00e4\u00e4valmentaja uskoi Iivo Niskasen olevan kilpailukunnossa ensi viikonloppuna<\/a>&nbsp;&nbsp;Savon Sanomat<\/li>\n<li><a href=\"https:\/\/news.google.com\/rss\/articles\/CBMiVkFVX3lxTFB5Rm9RcTFZZGZKTEFiSWY5Y1lPVW9qRHRlSzJTM3V3ZkpfbGtCWU1PbGo4VUdBaVQ1UFdwSm1ab3Q3LU96Tkx0NzBjSzk4VWl1NnozYlZB?oc=5\" target=\"_blank\" rel=\"nofollow noopener\">Rukan j\u00e4iset alam\u00e4et uhmasivat hiiht\u00e4ji\u00e4 \u2013 &#8221;Oli ihan tuurista kiinni&#8221; | Urheilu<\/a>&nbsp;&nbsp;Savon Sanomat<\/li>\n<li><a href=\"https:\/\/news.google.com\/rss\/articles\/CBMiQkFVX3lxTE1EYmZ6SmNNV25xWE1RbWNJdG5ySzRNX0Z5b1ZEd3oyZFI5SnBrbnVYSUpLUGh0U0cyYTRKNXVveFIydw?oc=5\" target=\"_blank\" rel=\"nofollow noopener\">Helsingin kaupungin energiayhti\u00f6 Helen ostaa kuopiolaisen V\u00e4reen<\/a>&nbsp;&nbsp;Yle<\/li>\n<li><a href=\"https:\/\/news.google.com\/rss\/articles\/CBMidEFVX3lxTE9KUlByWWhOUnVDZ19pemgzbUMyNkdxRVFsRHRSc0xJVzJSd3ZoTkhTNlZaZDFjODljajN1VmNmcThPUnEzSmRKVElTRU9IS012YUtOdVRnQW9CSURvOFRyNVo3VGc0RUdCUVk1ZGFnNDVsQ1FV?oc=5\" target=\"_blank\" rel=\"nofollow noopener\">Yksi Suomen suurimmista s\u00e4hk\u00f6nmyyjist\u00e4 vaihtaa omistajaa<\/a>&nbsp;&nbsp;tivi.fi<\/li>\n<li><a href=\"https:\/\/news.google.com\/rss\/articles\/CBMiX0FVX3lxTFBnemdqaWtVRUNQUVJoN0ZvTnJqc2JBVXJmNkQ2LVBCQU9qZjFmOENaR1JPa2ZVU18zUldsb1JGZWhDMGlnclVuT21CX2ItV3dwT2hpeEFvRTNOczlmT05n?oc=5\" target=\"_blank\" rel=\"nofollow noopener\">Pekka Mervola Huomioita | V\u00e4re myytiin Helsinkiin \u2013 Jyv\u00e4skyl\u00e4n asukkaille miljoonien eurojen potti<\/a>&nbsp;&nbsp;Keskisuomalainen<\/li>\n<\/ol>\n","protected":false},"excerpt":{"rendered":"P\u00e4\u00e4valmentaja uskoi Iivo Niskasen olevan kilpailukunnossa ensi viikonloppuna&nbsp;&nbsp;Savon Sanomat Rukan j\u00e4iset alam\u00e4et uhmasivat hiiht\u00e4ji\u00e4 \u2013 &#8221;Oli ihan tuurista&hellip;\n","protected":false},"author":2,"featured_media":104009,"comment_status":"","ping_status":"","sticky":false,"template":"","format":"standard","meta":{"footnotes":""},"categories":[76],"tags":[79,77,33,31,30,2096,12269,1132,786,41,32,78,1145,16185],"class_list":{"0":"post-104008","1":"post","2":"type-post","3":"status-publish","4":"format-standard","5":"has-post-thumbnail","7":"category-talous","8":"tag-business","9":"tag-economy","10":"tag-fi","11":"tag-finland","12":"tag-finnish","13":"tag-hiihtolajit","14":"tag-iivo-niskanen","15":"tag-kuopio","16":"tag-kuusamo","17":"tag-liikunta-ja-urheilu","18":"tag-suomi","19":"tag-talous","20":"tag-talviurheilu","21":"tag-venyttely"},"share_on_mastodon":{"url":"https:\/\/pubeurope.com\/@fi\/115639179278376640","error":""},"_links":{"self":[{"href":"https:\/\/www.europesays.com\/fi\/wp-json\/wp\/v2\/posts\/104008","targetHints":{"allow":["GET"]}}],"collection":[{"href":"https:\/\/www.europesays.com\/fi\/wp-json\/wp\/v2\/posts"}],"about":[{"href":"https:\/\/www.europesays.com\/fi\/wp-json\/wp\/v2\/types\/post"}],"author":[{"embeddable":true,"href":"https:\/\/www.europesays.com\/fi\/wp-json\/wp\/v2\/users\/2"}],"replies":[{"embeddable":true,"href":"https:\/\/www.europesays.com\/fi\/wp-json\/wp\/v2\/comments?post=104008"}],"version-history":[{"count":0,"href":"https:\/\/www.europesays.com\/fi\/wp-json\/wp\/v2\/posts\/104008\/revisions"}],"wp:featuredmedia":[{"embeddable":true,"href":"https:\/\/www.europesays.com\/fi\/wp-json\/wp\/v2\/media\/104009"}],"wp:attachment":[{"href":"https:\/\/www.europesays.com\/fi\/wp-json\/wp\/v2\/media?parent=104008"}],"wp:term":[{"taxonomy":"category","embeddable":true,"href":"https:\/\/www.europesays.com\/fi\/wp-json\/wp\/v2\/categories?post=104008"},{"taxonomy":"post_tag","embeddable":true,"href":"https:\/\/www.europesays.com\/fi\/wp-json\/wp\/v2\/tags?post=104008"}],"curies":[{"name":"wp","href":"https:\/\/api.w.org\/{rel}","templated":true}]}}