{"id":104011,"date":"2025-11-30T14:44:08","date_gmt":"2025-11-30T14:44:08","guid":{"rendered":"https:\/\/www.europesays.com\/fi\/104011\/"},"modified":"2025-11-30T14:44:08","modified_gmt":"2025-11-30T14:44:08","slug":"poliisi-sai-ilmoituksen-murrosta-rovaniemella-epailty-tekija-potkotteli-kaupan-sisalla-lappi","status":"publish","type":"post","link":"https:\/\/www.europesays.com\/fi\/104011\/","title":{"rendered":"Poliisi sai ilmoituksen murrosta Rovaniemell\u00e4 \u2013 ep\u00e4ilty tekij\u00e4 p\u00f6tk\u00f6tteli kaupan sis\u00e4ll\u00e4 | Lappi"},"content":{"rendered":"<p class=\"aw-1gybjub aw-5vja16 kEtdKx kmuxyA yle__article__paragraph\">Poliisi tutkii keskustan tuntumassa tapahtunutta murtoa varkautena.<\/p>\n<p><img decoding=\"async\" alt=\"Luminen kuva Rovaniemen keskustasta.\" src=\"https:\/\/www.europesays.com\/fi\/wp-content\/uploads\/2025\/11\/39-15521836914293dbc951.jpeg\" class=\"aw-1l9m598 hKVVvP\"\/><\/p>\n<p>Avaa kuvien katselu<\/p>\n<p>Kuvituskuva Rovaniemen keskustasta Lordinaukiolta. Kuva: Juuso Stoor \/ Yle<\/p>\n<p class=\"aw-1gybjub aw-1p7kakr kEtdKx cEmitX yle__article__paragraph\">Rovaniemen Vierustiell\u00e4 sijaitsevaan kauppaan murtauduttiin varhain sunnuntaiaamuna, tiedottaa poliisi.<\/p>\n<p class=\"aw-1gybjub aw-1p7kakr kEtdKx cEmitX yle__article__paragraph\">Asia paljastui, kun aamulla paikalle tullut kiinteist\u00f6nhuoltaja n\u00e4ki kaupan varaston ovessa murtoj\u00e4lki\u00e4.<\/p>\n<p class=\"aw-1gybjub aw-1p7kakr kEtdKx cEmitX yle__article__paragraph\">H\u00e4n kutsui paikalle poliisin, joka tarkasti liikkeen sis\u00e4tilat.<\/p>\n<p class=\"aw-1gybjub aw-1p7kakr kEtdKx cEmitX yle__article__paragraph\">Poliisin mukaan murtautujaksi ep\u00e4ilty henkil\u00f6 l\u00f6ytyi kaupan sis\u00e4lt\u00e4 \u201dp\u00f6tk\u00f6ttelem\u00e4st\u00e4\u201d.<\/p>\n<p class=\"aw-1gybjub aw-1p7kakr kEtdKx cEmitX yle__article__paragraph\">Poliisi otti henkil\u00f6n kiinni rikoksesta ep\u00e4iltyn\u00e4. Poliisi kertoo tutkivansa tapausta varkautena.<\/p>\n","protected":false},"excerpt":{"rendered":"Poliisi tutkii keskustan tuntumassa tapahtunutta murtoa varkautena. Avaa kuvien katselu Kuvituskuva Rovaniemen keskustasta Lordinaukiolta. Kuva: Juuso Stoor \/&hellip;\n","protected":false},"author":2,"featured_media":104012,"comment_status":"","ping_status":"","sticky":false,"template":"","format":"standard","meta":{"footnotes":"","_share_on_mastodon":"0"},"categories":[12],"tags":[22,23,26,27,33,31,30,17,71,667,24,25,28,29,2914,15,18,21,52,581,1263,1057,32,19,20,16],"class_list":["post-104011","post","type-post","status-publish","format-standard","has-post-thumbnail","category-suomi","tag-breaking-news","tag-breakingnews","tag-featured-news","tag-featurednews","tag-fi","tag-finland","tag-finnish","tag-headlines","tag-kotimaa","tag-lappi","tag-latest-news","tag-latestnews","tag-main-news","tag-mainnews","tag-murto","tag-news","tag-otsikot","tag-paauutiset","tag-poliisi","tag-rikokset","tag-rikosepailyt","tag-rovaniemi","tag-suomi","tag-top-stories","tag-topstories","tag-uutiset"],"share_on_mastodon":{"url":"https:\/\/pubeurope.com\/@fi\/115639187293157674","error":""},"_links":{"self":[{"href":"https:\/\/www.europesays.com\/fi\/wp-json\/wp\/v2\/posts\/104011","targetHints":{"allow":["GET"]}}],"collection":[{"href":"https:\/\/www.europesays.com\/fi\/wp-json\/wp\/v2\/posts"}],"about":[{"href":"https:\/\/www.europesays.com\/fi\/wp-json\/wp\/v2\/types\/post"}],"author":[{"embeddable":true,"href":"https:\/\/www.europesays.com\/fi\/wp-json\/wp\/v2\/users\/2"}],"replies":[{"embeddable":true,"href":"https:\/\/www.europesays.com\/fi\/wp-json\/wp\/v2\/comments?post=104011"}],"version-history":[{"count":0,"href":"https:\/\/www.europesays.com\/fi\/wp-json\/wp\/v2\/posts\/104011\/revisions"}],"wp:featuredmedia":[{"embeddable":true,"href":"https:\/\/www.europesays.com\/fi\/wp-json\/wp\/v2\/media\/104012"}],"wp:attachment":[{"href":"https:\/\/www.europesays.com\/fi\/wp-json\/wp\/v2\/media?parent=104011"}],"wp:term":[{"taxonomy":"category","embeddable":true,"href":"https:\/\/www.europesays.com\/fi\/wp-json\/wp\/v2\/categories?post=104011"},{"taxonomy":"post_tag","embeddable":true,"href":"https:\/\/www.europesays.com\/fi\/wp-json\/wp\/v2\/tags?post=104011"}],"curies":[{"name":"wp","href":"https:\/\/api.w.org\/{rel}","templated":true}]}}