{"id":104021,"date":"2025-11-30T15:08:16","date_gmt":"2025-11-30T15:08:16","guid":{"rendered":"https:\/\/www.europesays.com\/fi\/104021\/"},"modified":"2025-11-30T15:08:16","modified_gmt":"2025-11-30T15:08:16","slug":"nyt-syntyy-maastokupla-ostimme-volkswagen-new-beetlen-tonnilla","status":"publish","type":"post","link":"https:\/\/www.europesays.com\/fi\/104021\/","title":{"rendered":"nyt syntyy Maastokupla \u2013 ostimme Volkswagen New Beetlen tonnilla"},"content":{"rendered":"<p>1990-luvun Volkswagen New Beetle on kulttiauto jo sellaisenaan, ja tarjoaa oivan kohteen erilaisten muunnosten rakenteluun. Mekin pistimme lusikkamme soppaan: uudessa juttusarjassa leppoisa retrok\u00e4ytt\u00f6auto muuntuu vaihe vaiheelta rallihenkiseksi seikkailijaksi.<\/p>\n<p>Volkswagen yll\u00e4tti kaikki esittelem\u00e4ll\u00e4 vuoden 1994 Detroitin auton\u00e4yttelyss\u00e4 uuden Kuplan eli Concept 1 -prototyypin, joka poikkesi radikaalisti tuon ajan kulmikkaasta muotoilulinjasta. Vastaanotto oli ylist\u00e4v\u00e4, ja nelj\u00e4 vuotta my\u00f6hemmin n\u00e4hty tuotantoversio oli l\u00e4hes suora kopio prototyypist\u00e4 \u2013 t\u00e4m\u00e4 oli muotoilijoiden harvinainen voitto insin\u00f6\u00f6riosastosta.<\/p>\n<p>\t\t<img loading=\"lazy\" width=\"440\" height=\"181\" src=\"https:\/\/www.europesays.com\/fi\/wp-content\/uploads\/2025\/09\/moottori_verkossa-440x181.png\" class=\"attachment-thumbnail size-thumbnail\" alt=\"\" decoding=\"async\"  \/>\t<\/p>\n<p class=\"join-autoliitto__pretitle\">Hanki rajaton lukuoikeus<\/p>\n<p>\t\t\t\t\tHaluatko jatkaa lukemista?<\/p>\n<p class=\"join-autoliitto__ingress\">Autoliiton j\u00e4senen\u00e4 saat rajattoman p\u00e4\u00e4syn kaikkiin Moottori+ -sis\u00e4lt\u00f6ihin.<\/p>\n<p>\t\t\t\t\tJ\u00e4senen\u00e4 saat n\u00e4m\u00e4 edut ja paljon muuta<\/p>\n<p>\t\t\t\t\t\t\t<img decoding=\"async\" src=\"https:\/\/moottori.fi\/wp-content\/uploads\/2024\/03\/Moottori-lehti_icon_y_AL-.svg\" alt=\"\"\/><\/p>\n<p>\t\t\t\t\t\t\t\t\t\t\tMoottori<\/p>\n<p class=\"autoliitto-benefits__benefit-text\">Moottori+ -sis\u00e4lt\u00f6jen lukuoikeus ja painettu lehti 9 kertaa vuodessa.<\/p>\n<p>\t\t\t\t\t\t\t<img decoding=\"async\" src=\"https:\/\/moottori.fi\/wp-content\/uploads\/2024\/03\/Tiepalvelu_icon_y_AL.svg\" alt=\"\"\/><\/p>\n<p>\t\t\t\t\t\t\t\t\t\t\tTiepalvelu<\/p>\n<p class=\"autoliitto-benefits__benefit-text\">Autoliiton Tiepalvelu turvaa Plus- ja Premium-j\u00e4senten matkan Suomessa ja ulkomailla.<\/p>\n","protected":false},"excerpt":{"rendered":"1990-luvun Volkswagen New Beetle on kulttiauto jo sellaisenaan, ja tarjoaa oivan kohteen erilaisten muunnosten rakenteluun. Mekin pistimme lusikkamme&hellip;\n","protected":false},"author":2,"featured_media":104022,"comment_status":"","ping_status":"","sticky":false,"template":"","format":"standard","meta":{"footnotes":""},"categories":[76],"tags":[79,77,33,31,30,32,78],"class_list":{"0":"post-104021","1":"post","2":"type-post","3":"status-publish","4":"format-standard","5":"has-post-thumbnail","7":"category-talous","8":"tag-business","9":"tag-economy","10":"tag-fi","11":"tag-finland","12":"tag-finnish","13":"tag-suomi","14":"tag-talous"},"share_on_mastodon":{"url":"https:\/\/pubeurope.com\/@fi\/115639281845465258","error":""},"_links":{"self":[{"href":"https:\/\/www.europesays.com\/fi\/wp-json\/wp\/v2\/posts\/104021","targetHints":{"allow":["GET"]}}],"collection":[{"href":"https:\/\/www.europesays.com\/fi\/wp-json\/wp\/v2\/posts"}],"about":[{"href":"https:\/\/www.europesays.com\/fi\/wp-json\/wp\/v2\/types\/post"}],"author":[{"embeddable":true,"href":"https:\/\/www.europesays.com\/fi\/wp-json\/wp\/v2\/users\/2"}],"replies":[{"embeddable":true,"href":"https:\/\/www.europesays.com\/fi\/wp-json\/wp\/v2\/comments?post=104021"}],"version-history":[{"count":0,"href":"https:\/\/www.europesays.com\/fi\/wp-json\/wp\/v2\/posts\/104021\/revisions"}],"wp:featuredmedia":[{"embeddable":true,"href":"https:\/\/www.europesays.com\/fi\/wp-json\/wp\/v2\/media\/104022"}],"wp:attachment":[{"href":"https:\/\/www.europesays.com\/fi\/wp-json\/wp\/v2\/media?parent=104021"}],"wp:term":[{"taxonomy":"category","embeddable":true,"href":"https:\/\/www.europesays.com\/fi\/wp-json\/wp\/v2\/categories?post=104021"},{"taxonomy":"post_tag","embeddable":true,"href":"https:\/\/www.europesays.com\/fi\/wp-json\/wp\/v2\/tags?post=104021"}],"curies":[{"name":"wp","href":"https:\/\/api.w.org\/{rel}","templated":true}]}}