{"id":104023,"date":"2025-11-30T15:09:07","date_gmt":"2025-11-30T15:09:07","guid":{"rendered":"https:\/\/www.europesays.com\/fi\/104023\/"},"modified":"2025-11-30T15:09:07","modified_gmt":"2025-11-30T15:09:07","slug":"saatana-2-ohjuksen-testi-epaonnistui-jalleen-uutissuomalainen","status":"publish","type":"post","link":"https:\/\/www.europesays.com\/fi\/104023\/","title":{"rendered":"Saatana 2 -ohjuksen testi ep\u00e4onnistui j\u00e4lleen | Uutissuomalainen"},"content":{"rendered":"<p>Ven\u00e4j\u00e4n Orenburgin alueella tapahtui perjantaina voimakas r\u00e4j\u00e4hdys, joka johtui mannertenv\u00e4lisen ballistisen RS-28 Sarmat -ohjuksen ep\u00e4onnistuneesta testist\u00e4.<\/p>\n<p>Testist\u00e4 kuvatulla <a href=\"https:\/\/x.com\/DnKornev\/status\/1994455125067182271\" rel=\"nofollow\">videolla<\/a> n\u00e4kyy, miten ohjus nousee lentoon siilostaan, k\u00e4\u00e4ntyy ilmassa ymp\u00e4ri ja putoaa palavana maahan. Ohjus r\u00e4j\u00e4ht\u00e4\u00e4 ja j\u00e4tt\u00e4\u00e4 j\u00e4lkeens\u00e4 violetin sienipilven.<\/p>\n<p>Ven\u00e4j\u00e4n ydinasevoimiin perehtynyt analyytikko, YK:n aseistariisuntatutkimuksen keskuksen vanhempi tutkija <strong>Pavel Podvig<\/strong> <a href=\"https:\/\/x.com\/russianforces\/status\/1994515189488914655\" rel=\"nofollow\">sanoo<\/a> kaikkien merkkien osoittavan, ett\u00e4 testiss\u00e4 k\u00e4ytetty ohjus on RS-28 Sarmat.<\/p>\n<p>Sarmat, joka tunnetaan my\u00f6s lempinimell\u00e4 Saatana 2, on yksi Ven\u00e4j\u00e4n presidentti <strong>Vladimir Putinin<\/strong> vuonna 2018 esittelemist\u00e4 kuudesta &#8221;superaseesta&#8221;. Ven\u00e4j\u00e4n valtiollisessa mediassa on hehkutettu ohjuksen olevan niin massiivinen, ett\u00e4 sill\u00e4 voisi tuhota Ranskan kokoisen alueen.<\/p>\n<p>My\u00f6s useat aiemmat testilaukaisut ovat ep\u00e4onnistuneet. Esimerkiksi syyskuussa 2024 Sarmat r\u00e4j\u00e4hti siilossaan, ja j\u00e4tti j\u00e4lkeens\u00e4 valtavan kraaterin.<\/p>\n<p>Ensimm\u00e4inen onnistunut testilaukaus tapahtui huhtikuussa 2022.<\/p>\n<p>Aiemmin marraskuussa Putin m\u00e4\u00e4r\u00e4si, ett\u00e4 ohjuksen tulee olla valmis taisteluk\u00e4ytt\u00f6\u00f6n vuoden loppuun menness\u00e4.<\/p>\n<p>Asiasta on kertonut <a href=\"https:\/\/www.moscowtimes.ru\/2025\/11\/29\/noveishaya-yadernaya-raketa-putina-vzorvalas-pri-ispitaniyah-vtoroi-raz-zagod-a181374\" rel=\"nofollow noopener\" target=\"_blank\">The Moscow Times<\/a>.<\/p>\n","protected":false},"excerpt":{"rendered":"Ven\u00e4j\u00e4n Orenburgin alueella tapahtui perjantaina voimakas r\u00e4j\u00e4hdys, joka johtui mannertenv\u00e4lisen ballistisen RS-28 Sarmat -ohjuksen ep\u00e4onnistuneesta testist\u00e4. Testist\u00e4 kuvatulla&hellip;\n","protected":false},"author":2,"featured_media":104024,"comment_status":"","ping_status":"","sticky":false,"template":"","format":"standard","meta":{"footnotes":""},"categories":[14],"tags":[22,23,26,27,33,31,30,17,24,25,28,29,2325,15,18,21,637,144,32,19,20,56,16,1262,1665,2257,59,60,61,3649],"class_list":{"0":"post-104023","1":"post","2":"type-post","3":"status-publish","4":"format-standard","5":"has-post-thumbnail","7":"category-ulkomaat","8":"tag-breaking-news","9":"tag-breakingnews","10":"tag-featured-news","11":"tag-featurednews","12":"tag-fi","13":"tag-finland","14":"tag-finnish","15":"tag-headlines","16":"tag-latest-news","17":"tag-latestnews","18":"tag-main-news","19":"tag-mainnews","20":"tag-moskova-venaja","21":"tag-news","22":"tag-otsikot","23":"tag-paauutiset","24":"tag-politiikka","25":"tag-presidentti","26":"tag-suomi","27":"tag-top-stories","28":"tag-topstories","29":"tag-ulkomaat","30":"tag-uutiset","31":"tag-venajan-politiikka","32":"tag-venalaiset-poliitikot","33":"tag-vladimir-putin","34":"tag-world","35":"tag-world-news","36":"tag-worldnews","37":"tag-ydinaseet"},"share_on_mastodon":{"url":"https:\/\/pubeurope.com\/@fi\/115639285424606885","error":""},"_links":{"self":[{"href":"https:\/\/www.europesays.com\/fi\/wp-json\/wp\/v2\/posts\/104023","targetHints":{"allow":["GET"]}}],"collection":[{"href":"https:\/\/www.europesays.com\/fi\/wp-json\/wp\/v2\/posts"}],"about":[{"href":"https:\/\/www.europesays.com\/fi\/wp-json\/wp\/v2\/types\/post"}],"author":[{"embeddable":true,"href":"https:\/\/www.europesays.com\/fi\/wp-json\/wp\/v2\/users\/2"}],"replies":[{"embeddable":true,"href":"https:\/\/www.europesays.com\/fi\/wp-json\/wp\/v2\/comments?post=104023"}],"version-history":[{"count":0,"href":"https:\/\/www.europesays.com\/fi\/wp-json\/wp\/v2\/posts\/104023\/revisions"}],"wp:featuredmedia":[{"embeddable":true,"href":"https:\/\/www.europesays.com\/fi\/wp-json\/wp\/v2\/media\/104024"}],"wp:attachment":[{"href":"https:\/\/www.europesays.com\/fi\/wp-json\/wp\/v2\/media?parent=104023"}],"wp:term":[{"taxonomy":"category","embeddable":true,"href":"https:\/\/www.europesays.com\/fi\/wp-json\/wp\/v2\/categories?post=104023"},{"taxonomy":"post_tag","embeddable":true,"href":"https:\/\/www.europesays.com\/fi\/wp-json\/wp\/v2\/tags?post=104023"}],"curies":[{"name":"wp","href":"https:\/\/api.w.org\/{rel}","templated":true}]}}